{"id":262470,"date":"2025-11-29T18:53:11","date_gmt":"2025-11-29T18:53:11","guid":{"rendered":"https:\/\/www.europesays.com\/es\/262470\/"},"modified":"2025-11-29T18:53:11","modified_gmt":"2025-11-29T18:53:11","slug":"marta-confundida-empieza-a-dudar-si-cloe-siente-algo-por-ella","status":"publish","type":"post","link":"https:\/\/www.europesays.com\/es\/262470\/","title":{"rendered":"Marta, confundida, empieza a dudar si Cloe siente algo por ella"},"content":{"rendered":"<p>En el pr\u00f3ximo cap\u00edtulo de Sue\u00f1os de libertad\u2026<\/p>\n<p><b>Andr\u00e9s y Bego\u00f1a<\/b> mantendr\u00e1n una tensa conversaci\u00f3n tras <b><a title=\"la vuelta del joven a casa\" href=\"https:\/\/www.antena3.com\/series\/suenos-de-libertad\/andres-desvela-identidad-delia-averigua-mas-primo-gabriel-heredo-odio-bernardo_2025112769286c2e9261f37ec7327fbf.html\" target=\"_blank\" rel=\"nofollow noopener\">la vuelta del joven a casa<\/a><\/b>. <b>Andr\u00e9s<\/b> le dir\u00e1 a la enfermera que se ha confundido cas\u00e1ndose con <b>Gabriel<\/b> y ella le dir\u00e1 que se ha casado porque est\u00e1 enamorada de su primo. <\/p>\n<p>Por su parte, no contar\u00e1 a nadie que, en realidad, durante su ausencia, estuvo en Tenerife visitando a la madre de <b>Gabriel<\/b> salvo a <b>Luis.<\/b> Con \u00e9l se desahogar\u00e1 y le confesar\u00e1 todo lo que ha descubierto. <\/p>\n<p><b>Luz <\/b>le comunicar\u00e1 a <b>Gema<\/b> los resultados m\u00e9dicos y la mujer de <b>Joaqu\u00edn <\/b>se quedar\u00e1 sin palabras con los resultados.<\/p>\n<p>Adem\u00e1s, <b>Manuela <\/b>presenciar\u00e1 una situaci\u00f3n desconcertante con <b>Maripaz <\/b>y no tardar\u00e1 en comentarlo con <b>Claudia.<\/b> \u00a1No se f\u00eda nada de ella! <\/p>\n<p>Por su parte, <b>Carmen<\/b> se enfadar\u00e1 con <b>Tasio<\/b> y se desahogar\u00e1 con<b> David<\/b>, su ex. El joven la abrazar\u00e1 e intentar\u00e1 mostrarle todo su apoyo. <\/p>\n<p>Y <b><a title=\"Marta empezar\u00e1 a tener dudas sobre las verdaderas intenciones de Cloe\" href=\"https:\/\/www.antena3.com\/series\/suenos-de-libertad\/marta-cloe-cada-vez-mas-cerca-creo-que-esta-union-salir-algo-muy-especial_202511286929bdb19261f37ec7345d50.html\" target=\"_blank\" rel=\"nofollow noopener\">Marta empezar\u00e1 a tener dudas sobre las verdaderas intenciones de Cloe<\/a><\/b>. Le contar\u00e1 a <b>Pelayo<\/b> que quiz\u00e1s la francesa est\u00e9 empezando a sentir algo por ella por c\u00f3mo la mira o por c\u00f3mo act\u00faa. \u00bfEstar\u00e1 en lo cierto? <\/p>\n<p>Adel\u00e1ntate al capitulazo de ma\u00f1ana en <a title=\"atresplayer\" href=\"https:\/\/www.atresplayer.com\/antena3\/series\/suenos-de-libertad\/?cp=contenido&amp;ds=www.antena3.com&amp;pt=contenido&amp;ss=www.antena3.com%2Fseries&amp;sf=Sue%C3%B1os+de+libertad\" target=\"_blank\" rel=\"nofollow noopener\"><b>atresplayer<\/b><\/a>.<\/p>\n","protected":false},"excerpt":{"rendered":"En el pr\u00f3ximo cap\u00edtulo de Sue\u00f1os de libertad\u2026 Andr\u00e9s y Bego\u00f1a mantendr\u00e1n una tensa conversaci\u00f3n tras la vuelta&hellip;\n","protected":false},"author":2,"featured_media":262471,"comment_status":"","ping_status":"","sticky":false,"template":"","format":"standard","meta":{"footnotes":""},"categories":[171],"tags":[146,147,25,24,23,214],"class_list":{"0":"post-262470","1":"post","2":"type-post","3":"status-publish","4":"format-standard","5":"has-post-thumbnail","7":"category-tv","8":"tag-entertainment","9":"tag-entretenimiento","10":"tag-es","11":"tag-espana","12":"tag-spain","13":"tag-tv"},"share_on_mastodon":{"url":"https:\/\/pubeurope.com\/@es\/115634503984841348","error":""},"_links":{"self":[{"href":"https:\/\/www.europesays.com\/es\/wp-json\/wp\/v2\/posts\/262470","targetHints":{"allow":["GET"]}}],"collection":[{"href":"https:\/\/www.europesays.com\/es\/wp-json\/wp\/v2\/posts"}],"about":[{"href":"https:\/\/www.europesays.com\/es\/wp-json\/wp\/v2\/types\/post"}],"author":[{"embeddable":true,"href":"https:\/\/www.europesays.com\/es\/wp-json\/wp\/v2\/users\/2"}],"replies":[{"embeddable":true,"href":"https:\/\/www.europesays.com\/es\/wp-json\/wp\/v2\/comments?post=262470"}],"version-history":[{"count":0,"href":"https:\/\/www.europesays.com\/es\/wp-json\/wp\/v2\/posts\/262470\/revisions"}],"wp:featuredmedia":[{"embeddable":true,"href":"https:\/\/www.europesays.com\/es\/wp-json\/wp\/v2\/media\/262471"}],"wp:attachment":[{"href":"https:\/\/www.europesays.com\/es\/wp-json\/wp\/v2\/media?parent=262470"}],"wp:term":[{"taxonomy":"category","embeddable":true,"href":"https:\/\/www.europesays.com\/es\/wp-json\/wp\/v2\/categories?post=262470"},{"taxonomy":"post_tag","embeddable":true,"href":"https:\/\/www.europesays.com\/es\/wp-json\/wp\/v2\/tags?post=262470"}],"curies":[{"name":"wp","href":"https:\/\/api.w.org\/{rel}","templated":true}]}}