{"id":262474,"date":"2025-11-29T18:55:12","date_gmt":"2025-11-29T18:55:12","guid":{"rendered":"https:\/\/www.europesays.com\/es\/262474\/"},"modified":"2025-11-29T18:55:12","modified_gmt":"2025-11-29T18:55:12","slug":"the-rainbow-batman-una-joya-delirante-de-la-edad-de-plata","status":"publish","type":"post","link":"https:\/\/www.europesays.com\/es\/262474\/","title":{"rendered":"The Rainbow Batman, una joya delirante de la Edad de Plata"},"content":{"rendered":"<p>Cada uno tiene una idea propia en torno al Caballero Oscuro de DC, pero por regla general <a class=\"text-outboundlink\" href=\"https:\/\/www.vidaextra.com\/listas\/batman-mejores-comics-donde-empezar-a-leer-comics\" data-vars-post-title=\"\u00bfPor d\u00f3nde empiezo a leer Batman? Te recomendamos cinco c\u00f3mics absolutamente esenciales del Caballero Oscuro\" data-vars-post-url=\"https:\/\/www.vidaextra.com\/listas\/batman-mejores-comics-donde-empezar-a-leer-comics\" rel=\"nofollow noopener\" target=\"_blank\">Batman<\/a> encarna la noche y manifiesta la venganza. Por eso, y en contraste con Superman, su uniforme suele combinar el negro, el gris, el azul oscuro&#8230; A veces con <a class=\"text-outboundlink\" href=\"https:\/\/www.vidaextra.com\/comics\/todo-tus-dudas-cinturon-utilidad-batman-respondidas\" data-vars-post-title=\"\u00bfQu\u00e9 hay en el cintur\u00f3n de Batman? La historia, evoluci\u00f3n y los secretos del arsenal del Caballero Oscuro\" data-vars-post-url=\"https:\/\/www.vidaextra.com\/comics\/todo-tus-dudas-cinturon-utilidad-batman-respondidas\" rel=\"nofollow noopener\" target=\"_blank\">alg\u00fan detalle en amarillo<\/a> por aqu\u00ed y por all\u00e1. Pero, \u00bfy si te dijese que uno de los trajes de la batcueva incluye todos los colores del arcoiris? Literalmente. Siendo m\u00e1s espec\u00edficos, el traje de <strong>Rainbow Batman<\/strong>.<\/p>\n<p>La historia tiene miga, que conste. En el a\u00f1o 1957 los lectores de <strong>Detective Comics<\/strong> se encontraron con una portada en la que Batman vest\u00eda un traje colorado. Aquello no era un error de imprenta, sino una antesala de uno de los momentos m\u00e1s absurdos del mejor detective del mundo y que acabar\u00eda con el Caballero Oscuro vestido de arcoiris y llamando la atenci\u00f3n como el payaso de un anuncio de detergente. \u00bfLo hizo coaccionado por un villano? Todo lo contrario. Y lo peor es que <strong>ese plan funcion\u00f3 de maravilla.\u00a0\u00a0<\/strong><\/p>\n<p>    <a href=\"https:\/\/www.vidaextra.com\/cine\/pausas-senor-anillos-retorno-rey-minuto-43-03-veras-a-todo-tolkien-luchar-orcos\" class=\"pivot-outboundlink\" data-vars-post-title=\"Si pausas El Se\u00f1or de los Anillos: El retorno del rey en el minuto 43:03, ver\u00e1s a todo un Tolkien luchar contra los orcos \" rel=\"nofollow noopener\" target=\"_blank\"><br \/>\n     <img loading=\"lazy\" decoding=\"async\" alt=\"Si pausas El Se\u00f1or de los Anillos: El retorno del rey en el minuto 43:03, ver\u00e1s a todo un Tolkien luchar contra los orcos \" width=\"375\" height=\"142\" src=\"https:\/\/i.blogs.es\/ee4697\/image-6-\/375_142.webp\" onerror=\"this.src=\" https:=\"\"\/><br \/>\n    <\/a><\/p>\n<p>La versi\u00f3n corta es tan rocambolesca como entra\u00f1able: desfil\u00f3 por toda Gotham con estas pintas para proteger la identidad de Robin. La trama del c\u00f3mic arranca con Dick Grayson, alias Robin, lesion\u00e1ndose el brazo tras salvar a una mujer de ser atropellada. Como la prensa hab\u00eda cubierto el accidente, Batman tem\u00eda que alguien conectara la herida de Grayson con la del Chico Maravilla.\u00a0<\/p>\n<p>\u00bfLa soluci\u00f3n? Convertirse en un im\u00e1n de miradas con trajes cada vez m\u00e1s estrafalarios. Vistiendo uno diferente y cada vez m\u00e1s pintoresco cada noche.\u00a0\u00a0<\/p>\n<p>                   <img class=\"centro_sinmarco\" height=\"905\" width=\"1661\" loading=\"lazy\" decoding=\"async\"  fetchpriority=\"high\"  src=\"https:\/\/i.blogs.es\/e268b3\/screenshot_9747\/450_1000.webp\" alt=\"Screenshot 9747\" onerror=\"this.src=\" https:=\"\" false=\"\"\/><\/p>\n<p>De modo que durante las siguientes p\u00e1ginas DC decidi\u00f3 gastar todos los colores disponibles de las imprentas en las que se montaban los c\u00f3mics y mostrar a Batman luchando contra el crimen empleando el mismo traje de siempre, pero de color rojo, rosa, verde, azul, morado, naranja\u2026 hasta culminar en <strong>el legendario atuendo arco\u00edris.\u00a0<\/strong><\/p>\n<p>El objetivo de Batman distraer a todos los medios, los transe\u00fantes y a los villanos de lo que le hab\u00eda pasado a Robin. Y ojo, que mientras llamaba la atenci\u00f3n el chico maravilla conduc\u00eda el Batmovil disimulando su accidente. Y aunque el resultado fue un desfile de moda que har\u00eda palidecer a cualquier pasarela de Gotham. Siendo uno de esos episodios que hoy se leen con una mezcla de ternura, incredulidad y carcajadas.\u00a0<\/p>\n<p>                   <img class=\"centro_sinmarco\" height=\"819\" width=\"1663\" loading=\"lazy\" decoding=\"async\"  fetchpriority=\"high\"  src=\"https:\/\/i.blogs.es\/01bff6\/screenshot_9745\/450_1000.webp\" alt=\"Screenshot 9745\" onerror=\"this.src=\" https:=\"\" false=\"\"\/><\/p>\n<p>Para entender este episodio, hay que situarse en <a class=\"text-outboundlink\" href=\"https:\/\/www.vidaextra.com\/comics\/tres-etapas-clasicas-comic-americano-edad-oro-edad-plata-edad-bronce\" data-vars-post-title=\"Las tres etapas cl\u00e1sicas del c\u00f3mic americano: La Edad de Oro, la Edad de Plata y la Edad de Bronce \" data-vars-post-url=\"https:\/\/www.vidaextra.com\/comics\/tres-etapas-clasicas-comic-americano-edad-oro-edad-plata-edad-bronce\" rel=\"nofollow noopener\" target=\"_blank\">la Edad de plata del c\u00f3mic\u00a0<\/a>(1956\u20131970), donde la censura del Comics Code Authority oblig\u00f3 a los editores a suavizar la violencia y apostar por historias m\u00e1s fant\u00e1sticas, ingenuas y, a menudo, disparatadas. De modo que Batman, que hab\u00eda nacido como un vigilante oscuro en los a\u00f1os 30, se transform\u00f3 en un h\u00e9roe casi paternal, enfrentando villanos rid\u00edculos y situaciones que hoy parecen sketches de comedia.\u00a0<\/p>\n<p>El episodio, escrito por Edmond Hamilton y dibujado por Sheldon Moldoff, se convirti\u00f3 en un cl\u00e1sico del humor involuntario. Sin embargo, tambi\u00e9n ser\u00e1 reivindicado por los fans d\u00e9cadas despu\u00e9s, apareciendo en series animadas, contando con <a rel=\"noopener, noreferrer nofollow\" href=\"https:\/\/www.cbr.com\/mattel-sdcc-batman-batmobile-sets\/\" target=\"_blank\">su propio mu\u00f1eco coleccionable<\/a> e incluso asomando <a rel=\"noopener, noreferrer nofollow\" href=\"https:\/\/www.xbox.com\/es-ES\/games\/store\/paquete-de-rainbow-batman\/BXNX6CQ05ZK3\" target=\"_blank\">como DLC en videojuegos.<\/a> Regresando de manera audaz en el primer n\u00famero de la serie <strong>Trinity que Francis Manapul escribi\u00f3 y dibuj\u00f3 en 2016.<\/strong><\/p>\n<p>Siendo, a su modo, un s\u00edmbolo de la creatividad sin freno de la \u00e9poca, cuando los guionistas prefer\u00edan arriesgar con ideas extravagantes antes que caer en la monoton\u00eda.\u00a0<\/p>\n<p>                   <img class=\"centro_sinmarco\" height=\"771\" width=\"1643\" loading=\"lazy\" decoding=\"async\"  fetchpriority=\"high\"  src=\"https:\/\/i.blogs.es\/30a2be\/screenshot_9744\/450_1000.webp\" alt=\"Screenshot 9744\" onerror=\"this.src=\" https:=\"\" false=\"\"\/><\/p>\n<p>El traje arco\u00edris de Batman es un ejemplo perfecto de c\u00f3mo los c\u00f3mics buscaban entretener con imaginaci\u00f3n desbordada, aunque sacrificaran la coherencia narrativa. \u00bfUna curiosidad kitsch? M\u00e1s bien un espejo de su tiempo y un recordatorio de que incluso la historia del Caballero Oscuro cuenta con episodios sombr\u00edos y otros m\u00e1s coloridos. \u00bfUna mala idea? Como se suele decir, <strong>para gustos los colores.<\/strong><\/p>\n<p>En VidaExtra |\u00a0<a class=\"text-outboundlink\" href=\"https:\/\/www.vidaextra.com\/comics\/superman-batman-se-fusionaron-a-dragon-ball-z-resultado-fue-apoteosico\" data-vars-post-title=\"Qui\u00e9n es Superbat, la fusi\u00f3n de Batman y Superman al m\u00e1s puro estilo Dragon Ball\" data-vars-post-url=\"https:\/\/www.vidaextra.com\/comics\/superman-batman-se-fusionaron-a-dragon-ball-z-resultado-fue-apoteosico\" target=\"_blank\" rel=\"nofollow noopener\">Qui\u00e9n es Superbat, la fusi\u00f3n de Batman y Superman al m\u00e1s puro estilo Dragon Ball<\/a><\/p>\n<p>En VidaExtra |\u00a0<a class=\"text-outboundlink\" href=\"https:\/\/www.vidaextra.com\/comics\/que-batman-teme-a-plastic-man-uno-heroes-divertidos-dc-comics\" data-vars-post-title=\"Por qu\u00e9 Batman teme tanto a Plastic Man, uno de los h\u00e9roes m\u00e1s bobos (y divertidos) de DC Comics\" data-vars-post-url=\"https:\/\/www.vidaextra.com\/comics\/que-batman-teme-a-plastic-man-uno-heroes-divertidos-dc-comics\" target=\"_blank\" rel=\"nofollow noopener\">Por qu\u00e9 Batman teme tanto a Plastic Man, uno de los h\u00e9roes m\u00e1s bobos (y divertidos) de DC Comics<\/a><\/p>\n","protected":false},"excerpt":{"rendered":"Cada uno tiene una idea propia en torno al Caballero Oscuro de DC, pero por regla general Batman&hellip;\n","protected":false},"author":2,"featured_media":262475,"comment_status":"","ping_status":"","sticky":false,"template":"","format":"standard","meta":{"footnotes":""},"categories":[169],"tags":[177,146,147,25,24,176,175,23],"class_list":{"0":"post-262474","1":"post","2":"type-post","3":"status-publish","4":"format-standard","5":"has-post-thumbnail","7":"category-cine","8":"tag-cine","9":"tag-entertainment","10":"tag-entretenimiento","11":"tag-es","12":"tag-espana","13":"tag-film","14":"tag-movies","15":"tag-spain"},"share_on_mastodon":{"url":"https:\/\/pubeurope.com\/@es\/115634512527847574","error":""},"_links":{"self":[{"href":"https:\/\/www.europesays.com\/es\/wp-json\/wp\/v2\/posts\/262474","targetHints":{"allow":["GET"]}}],"collection":[{"href":"https:\/\/www.europesays.com\/es\/wp-json\/wp\/v2\/posts"}],"about":[{"href":"https:\/\/www.europesays.com\/es\/wp-json\/wp\/v2\/types\/post"}],"author":[{"embeddable":true,"href":"https:\/\/www.europesays.com\/es\/wp-json\/wp\/v2\/users\/2"}],"replies":[{"embeddable":true,"href":"https:\/\/www.europesays.com\/es\/wp-json\/wp\/v2\/comments?post=262474"}],"version-history":[{"count":0,"href":"https:\/\/www.europesays.com\/es\/wp-json\/wp\/v2\/posts\/262474\/revisions"}],"wp:featuredmedia":[{"embeddable":true,"href":"https:\/\/www.europesays.com\/es\/wp-json\/wp\/v2\/media\/262475"}],"wp:attachment":[{"href":"https:\/\/www.europesays.com\/es\/wp-json\/wp\/v2\/media?parent=262474"}],"wp:term":[{"taxonomy":"category","embeddable":true,"href":"https:\/\/www.europesays.com\/es\/wp-json\/wp\/v2\/categories?post=262474"},{"taxonomy":"post_tag","embeddable":true,"href":"https:\/\/www.europesays.com\/es\/wp-json\/wp\/v2\/tags?post=262474"}],"curies":[{"name":"wp","href":"https:\/\/api.w.org\/{rel}","templated":true}]}}