{"id":262478,"date":"2025-11-29T18:57:12","date_gmt":"2025-11-29T18:57:12","guid":{"rendered":"https:\/\/www.europesays.com\/es\/262478\/"},"modified":"2025-11-29T18:57:12","modified_gmt":"2025-11-29T18:57:12","slug":"mas-de-900-000-mayores-de-60-anos-seran-llamados-a-probar-la-eficacia-de-la-vacuna-contra-el-virus-respiratorio-sincitial-galiciae","status":"publish","type":"post","link":"https:\/\/www.europesays.com\/es\/262478\/","title":{"rendered":"M\u00e1s de 900.000 mayores de 60 a\u00f1os ser\u00e1n llamados a probar la eficacia de la vacuna contra el virus respiratorio sincitial &#8211; Galiciae"},"content":{"rendered":"<ol>\n<li><a href=\"https:\/\/news.google.com\/rss\/articles\/CBMi-AFBVV95cUxQY1pybVVKMHZiUVNYNlYtck14TEs0S3ZmbXVVQUdDaUh2RkUzd2tFX2kxMG0yWGpGX0JJeEp6MVNoRlJfdVd0ZGNCa3J0NFRhM3EzbkhDM0dsdF9sSGo0ZW43MC12QUxtWGFqcEVrQVpyMHpXYjd5bUpRc1RLeVpITnZiUnh6SU1aanh6NHVyZFRMNWNwQUFsMlhWNHZyOHk3bnhBNDdGLTZuYS1ZcHNuUzFXZE1MY09JdFFkSS1GY0hCU2JIRWdwMmd2cWxCdEtveFBTVVlpLUtpOGRwUWtkLXQwYXA3RG5WZENNSVBSN1NOTERyUklYV9IB_gFBVV95cUxQLVlsSTQ3b0k4TWcwY0lzdnViRFQ1eFMxSU04X2pUUzVCNTRWMkpSTjZYS1AyVkxodFVjVDBMRkxncGo4djdNTUNhQ2p0cGFGVlJ4TlNPTXZkQ01fRlMtUktCSEhYTmVHc1MtcG5vSVNUZUF3UEU1WHNkU0tmdGZiR2pNQUJVcEZZOHhERkxLZDk2NUFxUzZiWHNOOWg3aFBWS1RDcjRCMFdmc3BMVW9XRXlSWnZSX284RXJyNlB1RkJ2dDdTTjhHUHk4NkhmclRLNldxOFhTbHhZUWVLeTU1eGxyLVc3cFVSTEhjSjM1N0JoSjduRGN0N0ppTlR1dw?oc=5\" target=\"_blank\" rel=\"nofollow noopener\">M\u00e1s de 900.000 mayores de 60 a\u00f1os ser\u00e1n llamados a probar la eficacia de la vacuna contra el virus respiratorio sincitial<\/a>&nbsp;&nbsp;Galiciae<\/li>\n<li><a href=\"https:\/\/news.google.com\/rss\/articles\/CBMilwJBVV95cUxQeTBvX0JvM3BiMjBMLXZBbkt5MDVyaXBQZ2xfMmdYaHlwbWhtQlZoUzliOWJIV003OXZfbDA1TnRqMEJvbG13S2FCSXFhdXBVVWt6ZVB5VzR0S1ZMUGZzNHZkZlREWkRJUGRmV0JZWXVLemhEMzZPbXFmelhCeFB6SlVRRGl3Unp3VU9HbEdONmZJWWhPNTFBM1RyWUtmLThqaS1QSi1RcURYUE84Q1FSMk5yeTI3alBTTUIyV1RXY1A2TnZva2duLXVWYnhJMTVfekRQN0hxZFJ0enozYUEyMmlFZElIUzZxT0FlN0p0RS1NQjZQVE1GbGdNR01kaXB0SGtybEtLN00tWkZEVzVvRVM0YTNGYWM?oc=5\" target=\"_blank\" rel=\"nofollow noopener\">Todos los gallegos mayores de 60 a\u00f1os llamados, por primera vez, a la gran estrategia de vacunaci\u00f3n frente al VRS<\/a>&nbsp;&nbsp;La Voz de Galicia<\/li>\n<li><a href=\"https:\/\/news.google.com\/rss\/articles\/CBMimgFBVV95cUxNRXBOSGZpUFAtNDhrUkw1cGstcGRfNFlEQjRMckttLU96c2FKeEJGTGxRVnB0MHh5d2xIRG1KeUR6SmRNTWJTLURDVDNMSGhDVFFMbGpzS04tLVBRejZxMGRmcjI0NEVFVExJVTJTU0I0N1hGcmNIWS1EZkFvR3FYSkRIZEhZWnZuYkJUb1N1YVFBTHRUekVwalV30gGfAUFVX3lxTE4wRURVZ254LXR3SUNnMFBYZm9tOHB4UXVTbEFsS0xXTjMtQVpMXzR0WDVBRlVwRHRfTGUxX2Via2VkSndiZEJQVUtxY1pFaG1uMVlKMjhlcUZGYlZsZEF6QXlud1BUSzBncU5nUUJUcXdQbTdBbUNFd1lsSW9xcUoyeVZjT2EzUHZKakNGdVcxT0JmRnREc3ZjRkE0TmFQaw?oc=5\" target=\"_blank\" rel=\"nofollow noopener\">El Sergas cita a casi un mill\u00f3n de gallegos para probar la vacuna del virus respiratorio sincitial<\/a>&nbsp;&nbsp;Faro de Vigo<\/li>\n<li><a href=\"https:\/\/news.google.com\/rss\/articles\/CBMi1wFBVV95cUxOV3MxSjJPWEJFNUxDSVp0R3BIREtfZ04tU21fVFU2cEpESUpXS3pTV09yazlmVmk3OTdobnpud19kdVdKTXFvbVlVa293S0JLSFBvVUFQU0tFQ0pfVzBvNVBIM3g5MmhycWdhdy1yTHhKNWIxSmhqcmVGS3RHd0VrNS1VOGtwT0FPanFSTXBDVkJxTEVEWXhnZ2NLTW15Q2w5X2o3bnpydlVlQkFEOEFzeXl2Wl9FTUxsdnNBOFBzeUExUFp6eDFYQzNyOG9rX1lxSkVvWGh6SdIB6wFBVV95cUxNYkVTTm9ncU0xN3VqUFRYMzl5R284d1o4Q0MwRHliclFPeG1CSEJSVDhNV3VXTFZLRjljMmphQWdVVUdWQTNHaVhkd3UxYmJpZF8xdnJjMWx0RGZYUUJxVElxWC0yb2xxUFhDUDJkNWgtZlUyYTdCMVZucEVEYlV0c2dwd0UwM2RfSVhiTlQ5TGJ3dFdHNkt2NFZNX0V5WlNBbkNSbnBRb0tzYy1CUWFYOHRXU2RIU1ViTlQzQ214VEtUa3ZGdzd2TkxvcDZUNzRQa2dFaEJrbjFFVnFLY0VzZWNxdXRDeGoxQzNJ?oc=5\" target=\"_blank\" rel=\"nofollow noopener\">Galicia invita a m\u00e1s de 900.000 mayores de 60 a\u00f1os a participar en un ensayo cl\u00ednico contra el VRS<\/a>&nbsp;&nbsp;La Raz\u00f3n<\/li>\n<li><a href=\"https:\/\/news.google.com\/rss\/articles\/CBMiigJBVV95cUxNQ1ZXX0ExdkxZMGI3SmN4bVNpVzlERkxHNldoMml3cW9ENVEzTTU1UU9fdkZ3WDJ6Ny0xTS1ORXJFQUtvWFBCOTNkOEtOV19KQlFEbHZCMVJTWTEtU0lCRHl5Vk4yS01vSjY4dVM0T0l0YklpcjBjclFqSG00MVd4ekp1Z2VzTW03bkNSZWFzRl80SElIQkswQ2g3MlpDTzdQdEVRTFpSRzZhaGFFX1BJSzZvUmlwTVVGbUVRUEVhV1paajZvdGExZktQcTgyWE1jQzhFcXRSek1nQmhteGZfUGpPX29NM0hEbnl3R1l3RkNxZjN6UG9INzJUelVNdDRVQnpka3pFaGNhdw?oc=5\" target=\"_blank\" rel=\"nofollow noopener\">Sanidade invitar\u00e1 a los mayores de 60 a\u00f1os a participar en el ensayo para comprobar la eficacia de la vacuna del VRS<\/a>&nbsp;&nbsp;El Ideal Gallego<\/li>\n<\/ol>\n","protected":false},"excerpt":{"rendered":"M\u00e1s de 900.000 mayores de 60 a\u00f1os ser\u00e1n llamados a probar la eficacia de la vacuna contra el&hellip;\n","protected":false},"author":2,"featured_media":248356,"comment_status":"","ping_status":"","sticky":false,"template":"","format":"standard","meta":{"footnotes":""},"categories":[92],"tags":[25,24,165,166,23],"class_list":{"0":"post-262478","1":"post","2":"type-post","3":"status-publish","4":"format-standard","5":"has-post-thumbnail","7":"category-salud","8":"tag-es","9":"tag-espana","10":"tag-health","11":"tag-salud","12":"tag-spain"},"share_on_mastodon":{"url":"https:\/\/pubeurope.com\/@es\/115634519932184192","error":""},"_links":{"self":[{"href":"https:\/\/www.europesays.com\/es\/wp-json\/wp\/v2\/posts\/262478","targetHints":{"allow":["GET"]}}],"collection":[{"href":"https:\/\/www.europesays.com\/es\/wp-json\/wp\/v2\/posts"}],"about":[{"href":"https:\/\/www.europesays.com\/es\/wp-json\/wp\/v2\/types\/post"}],"author":[{"embeddable":true,"href":"https:\/\/www.europesays.com\/es\/wp-json\/wp\/v2\/users\/2"}],"replies":[{"embeddable":true,"href":"https:\/\/www.europesays.com\/es\/wp-json\/wp\/v2\/comments?post=262478"}],"version-history":[{"count":0,"href":"https:\/\/www.europesays.com\/es\/wp-json\/wp\/v2\/posts\/262478\/revisions"}],"wp:featuredmedia":[{"embeddable":true,"href":"https:\/\/www.europesays.com\/es\/wp-json\/wp\/v2\/media\/248356"}],"wp:attachment":[{"href":"https:\/\/www.europesays.com\/es\/wp-json\/wp\/v2\/media?parent=262478"}],"wp:term":[{"taxonomy":"category","embeddable":true,"href":"https:\/\/www.europesays.com\/es\/wp-json\/wp\/v2\/categories?post=262478"},{"taxonomy":"post_tag","embeddable":true,"href":"https:\/\/www.europesays.com\/es\/wp-json\/wp\/v2\/tags?post=262478"}],"curies":[{"name":"wp","href":"https:\/\/api.w.org\/{rel}","templated":true}]}}