{"id":262479,"date":"2025-11-29T18:58:21","date_gmt":"2025-11-29T18:58:21","guid":{"rendered":"https:\/\/www.europesays.com\/es\/262479\/"},"modified":"2025-11-29T18:58:21","modified_gmt":"2025-11-29T18:58:21","slug":"de-las-7-perlas-de-la-reina-letizia-a-la-espuma-de-mar-de-la-princesa-charlene-todas-las-joyas-olvidadas-que-han-vuelto-a-brillar-este-ano","status":"publish","type":"post","link":"https:\/\/www.europesays.com\/es\/262479\/","title":{"rendered":"De las 7 perlas de la reina Letizia a la espuma de mar de la princesa Charlene, todas las joyas olvidadas que han vuelto a brillar este a\u00f1o"},"content":{"rendered":"<p id=\"e9RJpndnIQ\" data-wc=\"107\">La <a class=\"hm-link ho-link\" href=\"https:\/\/www.hola.com\/realeza\/casa_espanola\/20251126869824\/tiara-cartier-reina-letizia-reina-victoria-eugenia\/\" data-mrf-recirculation=\"article-body-link\" rel=\"nofollow noopener\" target=\"_blank\">reina Letizia ha recuperado una para el banquete de la visita de Estado<\/a> con motivo de la visita del presidente de la Rep\u00fablica Federal de Alemania, Frank-Walter Steinmeier, y la primera dama, Elke B\u00fcdenbender, la tiara Cartier, una pieza que no llevaba desde el a\u00f1o 2018. Un dise\u00f1o de inspiraci\u00f3n Art D\u00e9co con siete enormes perlas montadas sobre platino y que llevaron la reina Victoria Eugenia y la reina Sof\u00eda. El de la reina Letizia es el \u00faltimo \u00abrescate\u00bb que ha hecho un miembro de la realeza del joyero real, <strong>un fen\u00f3meno que se est\u00e1 produciendo con bastante frecuencia en los palacios en los \u00faltimos tiempos.<\/strong><\/p>\n<p> <img src=\"https:\/\/www.europesays.com\/es\/wp-content\/uploads\/2025\/11\/e8b9bc90b54f-gettyimages-2248609270.jpg\"   width=\"682\" height=\"1024\" loading=\"lazy\" decoding=\"async\" alt=\"La reina Letizia en la cena de gala en honor al presidente alem\u00e1n con la tiara Cartier\" fetchpriority=\"auto\" class=\"image ho-image\"\/>\u00a9 Getty ImagesEl de la reina Letizia es el \u00faltimo \u00abrescate\u00bb que ha hecho un miembro de la realeza del joyero real, un fen\u00f3meno que se est\u00e1 produciendo con bastante frecuencia en los palacios<br \/>\nLa significativa elecci\u00f3n de la reina Sof\u00eda para recibir el Tois\u00f3n de Oro<\/p>\n<p id=\"eM98y1BIuL\" data-wc=\"166\">La semana pasada tuvo lugar una ceremonia hist\u00f3rica: Felipe VI entreg\u00f3 a su madre el Collar de la Insigne Orden del Tois\u00f3n de Oro como reconocimiento a \u00absu dedicaci\u00f3n y entrega al servicio de Espa\u00f1a y de la Corona\u00bb. El acto, cargado de simbolismo y emoci\u00f3n, se convirti\u00f3 en el gran homenaje a la reina Sof\u00eda y para ello, <strong>la madre del soberano opt\u00f3 por una joya hist\u00f3rica: una pulsera de la reina Victoria Eugenia<\/strong>, nieta de la brit\u00e1nica reina Victoria, mujer de Alfonso XIII, bisabuela y madrina de bautismo de Felipe VI. Se trata un dise\u00f1o de oro con un rub\u00ed cabuj\u00f3n (tallado en una forma redondeada, lisa y convexa, como una c\u00fapula) flanqueado por dos diamantes talla brillante de los que parten las cadenas de oro. <strong>\u00a0<\/strong>La vimos con esta joya hace 11 a\u00f1os, durante la proclamaci\u00f3n del rey Felipe VI el 19 de junio de 2014, y hoy, en un d\u00eda lleno de emoci\u00f3n y conexi\u00f3n con su hijo, ha vuelto a rescatarla.<\/p>\n<p> <img src=\"https:\/\/www.europesays.com\/es\/wp-content\/uploads\/2025\/11\/f6aa87d77330-dlu595163007.jpg\"   width=\"1024\" height=\"682\" loading=\"lazy\" decoding=\"async\" alt=\"La reina Sof\u00eda con la pulsera de la reina Victoria Eugenia que no llevaba en p\u00fablico desde la proclamaci\u00f3n de Felipe VI ante la cortes generales\" fetchpriority=\"auto\" class=\"image ho-image\"\/>\u00a9 GTRESLa reina Sof\u00eda con la pulsera de la reina Victoria Eugenia que no llevaba en p\u00fablico desde la proclamaci\u00f3n de Felipe VI ante la cortes generales<br \/>\nCharlene de M\u00f3naco y la espuma de mar de su noche de bodas<\/p>\n<p id=\"eI-G4E0MaZ\" data-wc=\"136\">Charlene de M\u00f3naco recuper\u00f3 con motivo del D\u00eda Nacional de M\u00f3naco la tiara que solo luci\u00f3 en su noche de bodas, <a class=\"hm-link ho-link\" href=\"https:\/\/www.hola.com\/realeza\/casa_monaco\/20251120868554\/el-tiaragate-de-monaco-la-princesa-charlene-un-joyero-sin-legado-grimaldi-y-trece-anos-de-silencio\/\" data-mrf-recirculation=\"article-body-link\" rel=\"nofollow noopener\" target=\"_blank\">\u00a0una pieza muy particular que, como todas las que luci\u00f3 en sus celebraciones nupciales, no se hab\u00eda vuelto a poner<\/a> desde las celebraciones nocturnas que siguieron a su boda religiosa en julio de 2011. Esta pieza fue un regalo del pr\u00edncipe Alberto a su mujer con motivo de su boda y se confeccion\u00f3 bajo el nombre \u00abespuma de diamantes\u00bb, aunque se conoce popularmente como \u00abespuma de mar\u00bb, y es una sucesi\u00f3n de varillas de diamantes que ascienden de forma asim\u00e9trica, imitando la manera en que la espuma del mar se eleva y se deshace al romper una ola. Un gui\u00f1o al pasado de Charlene como nadadora ol\u00edmpica, lo que le aporta un simbolismo muy personal. \u00a0<\/p>\n<p> <img src=\"https:\/\/www.europesays.com\/es\/wp-content\/uploads\/2025\/11\/aa0d4d80cbd1-gettyimages-2247524253.jpg\"   width=\"682\" height=\"1024\" loading=\"lazy\" decoding=\"async\" alt=\"La gran sorpresa del D\u00eda Nacional de M\u00f3naco fue ver a la princesa Charlene con la tiara que solo llev\u00f3 durante su noche de bodas en el a\u00f1o 2011\" fetchpriority=\"auto\" class=\"image ho-image\"\/>\u00a9 Getty ImagesLa gran sorpresa del D\u00eda Nacional de M\u00f3naco fue ver a la princesa Charlene con la tiara que solo llev\u00f3 durante su noche de bodas en el a\u00f1o 2011<br \/>\nMary de Dinamarca: piezas antiguas de reinas y amantes<\/p>\n<p id=\"eCJr61QLuX\" data-wc=\"185\">Fue con motivo de su viaje de Estado a Finlandia, cuando la reina <a class=\"hm-link ho-link\" href=\"https:\/\/www.hola.com\/realeza\/casa_danesa\/20250311818064\/mary-de-dinamarca-historia-de-nueva-tiara\/\" data-mrf-recirculation=\"article-body-link\" rel=\"nofollow noopener\" target=\"_blank\">Mary de Dinamarca sorprendi\u00f3 con una peculiar diadema de oro combinada con un brazalete, pendientes y broche que no se hab\u00edan visto en 140 a\u00f1os.\u00a0<\/a>La mujer del rey Federico estren\u00f3<strong>\u00a0una tiara de oro con gemas antiguas originarias de Italia que perteneci\u00f3 a una consorte anterior, l<\/strong>a reina Carolina Amalia, mujer de Christian VIII, que la instituci\u00f3n calcula que se hizo alrededor de 1820. Los detalles en torno \u00a0esta joya eran asombrosos, para empezar porque pertenecen a una colecci\u00f3n muse\u00edstica no catalogada como joya real, as\u00ed que fue una idea bastante audaz de la nueva reina, que como consorte estaba limitada a las joyas de Estado, mientras el grueso pertenece al joyero familiar. \u00a0Para completar el conjunto escogi\u00f3 un espectacular brazalete con piedras del Vesubio que perteneci\u00f3 a la primera mujer del que m\u00e1s tarde ser\u00eda el rey Federico VII y, rizando el rizo, complet\u00f3 la puesta en escena con los pendientes y las joyas de la condesa Danner (1815-1874), que no fue otra que la amante de ese mismo rey.\u00a0<\/p>\n<p> <img src=\"https:\/\/www.europesays.com\/es\/wp-content\/uploads\/2025\/11\/3c9371d7aee4-gettyimages-2202725217-copia.jpg\"   width=\"1024\" height=\"682\" loading=\"lazy\" decoding=\"async\" alt=\"Mary de Dinamarca en una cena de gal el pasado marzo con una tiara que no se ve\u00eda desde hac\u00eda 140 a\u00f1os\" fetchpriority=\"auto\" class=\"image ho-image\"\/>\u00a9 Getty ImagesMary de Dinamarca en una cena de gal el pasado marzo con una tiara que no se ve\u00eda desde hac\u00eda 140 a\u00f1os<br \/>\nEl broche de Amalia de Holanda y el v\u00ednculo con Luxemburgo<\/p>\n<p data-wc=\"68\" id=\"eSLgAn-LTP3\"><a class=\"hm-link ho-link\" href=\"https:\/\/www.hola.com\/realeza\/casa_luxemburgo\/20251003859490\/todas-las-anecdotas-del-relevo-en-el-trono-de-luxemburgo\/\" data-mrf-recirculation=\"article-body-link\" rel=\"nofollow noopener\" target=\"_blank\">Amalia de Holanda acudi\u00f3 a la abdicaci\u00f3n y posterior proclamaci\u00f3n de Luxemburgo\u00a0<\/a>con un espectacular broche de citrino y diamantes que podr\u00eda ser parte de un conjunto desmontable que perteneci\u00f3 a la reina Emma, consorte de los Pa\u00edses Bajos por su matrimonio con el rey Guillermo III, tambi\u00e9n gran duque de Luxemburgo, entre 1879 y 1890, por lo que fue una joya muy bien elegida para la ocasi\u00f3n.<\/p>\n<p> <img src=\"https:\/\/www.europesays.com\/es\/wp-content\/uploads\/2025\/11\/87cb2ad86897-gettyimages-2238562182.jpg\"   width=\"1024\" height=\"682\" loading=\"lazy\" decoding=\"async\" alt=\"  \" fetchpriority=\"auto\" class=\"image ho-image\"\/>\u00a9 Getty ImagesM\u00e1xima y Amalia de los Pa\u00edses Bajos en las celebraciones por el relevo en el trono de Luxemburgo<br \/>\nLa reina Camilla y las esmeraldas de la boda York<\/p>\n<p id=\"eFlLq0EvQc\" data-wc=\"128\">Fue hace solo una semana, para una gran recepci\u00f3n para 900 diplom\u00e1ticos en el Castillo de Windsor, cuando la reina Camilla sorprendi\u00f3 llevando la <a class=\"hm-link ho-link\" href=\"https:\/\/www.hola.com\/novias\/20251012860783\/eugenia-york-vestido-novia-aniversario-boda\/\" data-mrf-recirculation=\"article-body-link\" rel=\"nofollow noopener\" target=\"_blank\">tiara de esmeraldas y diamantes que la princesa Eugenia de York luci\u00f3 en su boda.<\/a>\u00a0 De esta manera, la mujer del rey Carlos III recuper\u00f3 la <a class=\"hm-link ho-link\" href=\"https:\/\/www.hola.com\/realeza\/casa_inglesa\/20181012131265\/eugenia-york-tiara-boda-jack-brooksbank\/\" data-mrf-recirculation=\"article-body-link\" rel=\"nofollow noopener\" target=\"_blank\">diadema Greville Emerald Kokoshnik<\/a> que no se ve\u00eda desde hace siete a\u00f1os, cuando el 12 de octubre de 2018 la nieta de Isabel II la eligi\u00f3 para casarse con Jack Brooksbank. Entonces, la princesa Eugenia tambi\u00e9n sorprendi\u00f3 con su elecci\u00f3n, ya que se esperaba que se decantase por la &#8216;tiara York&#8217;, el dise\u00f1o que luci\u00f3 su madre en el d\u00eda que se cas\u00f3 con Andr\u00e9s Mountbatten-Windsor en 1986, un regalo que le hizo la reina Isabel de Inglaterra.<\/p>\n<p> <img src=\"https:\/\/www.europesays.com\/es\/wp-content\/uploads\/2025\/11\/89dbf622189c-gettyimages-2246787515.jpg\"   width=\"689\" height=\"1024\" loading=\"lazy\" decoding=\"async\" alt=\"La reina Camilla con la tiara de esmeraldas y diamantes que Eugenia de York llev\u00f3 en su boda\" fetchpriority=\"auto\" class=\"image ho-image\"\/>\u00a9 Getty ImagesLa reina Camilla con la tiara de esmeraldas y diamantes que Eugenia de York llev\u00f3 en su boda<\/p>\n","protected":false},"excerpt":{"rendered":"La reina Letizia ha recuperado una para el banquete de la visita de Estado con motivo de la&hellip;\n","protected":false},"author":2,"featured_media":262396,"comment_status":"","ping_status":"","sticky":false,"template":"","format":"standard","meta":{"footnotes":""},"categories":[91],"tags":[146,147,25,24,1027,11362,11789,23],"class_list":{"0":"post-262479","1":"post","2":"type-post","3":"status-publish","4":"format-standard","5":"has-post-thumbnail","7":"category-entretenimiento","8":"tag-entertainment","9":"tag-entretenimiento","10":"tag-es","11":"tag-espana","12":"tag-realeza","13":"tag-reina-letizia","14":"tag-reina-sofia","15":"tag-spain"},"share_on_mastodon":{"url":"https:\/\/pubeurope.com\/@es\/115634525149541626","error":""},"_links":{"self":[{"href":"https:\/\/www.europesays.com\/es\/wp-json\/wp\/v2\/posts\/262479","targetHints":{"allow":["GET"]}}],"collection":[{"href":"https:\/\/www.europesays.com\/es\/wp-json\/wp\/v2\/posts"}],"about":[{"href":"https:\/\/www.europesays.com\/es\/wp-json\/wp\/v2\/types\/post"}],"author":[{"embeddable":true,"href":"https:\/\/www.europesays.com\/es\/wp-json\/wp\/v2\/users\/2"}],"replies":[{"embeddable":true,"href":"https:\/\/www.europesays.com\/es\/wp-json\/wp\/v2\/comments?post=262479"}],"version-history":[{"count":0,"href":"https:\/\/www.europesays.com\/es\/wp-json\/wp\/v2\/posts\/262479\/revisions"}],"wp:featuredmedia":[{"embeddable":true,"href":"https:\/\/www.europesays.com\/es\/wp-json\/wp\/v2\/media\/262396"}],"wp:attachment":[{"href":"https:\/\/www.europesays.com\/es\/wp-json\/wp\/v2\/media?parent=262479"}],"wp:term":[{"taxonomy":"category","embeddable":true,"href":"https:\/\/www.europesays.com\/es\/wp-json\/wp\/v2\/categories?post=262479"},{"taxonomy":"post_tag","embeddable":true,"href":"https:\/\/www.europesays.com\/es\/wp-json\/wp\/v2\/tags?post=262479"}],"curies":[{"name":"wp","href":"https:\/\/api.w.org\/{rel}","templated":true}]}}