{"id":262482,"date":"2025-11-29T19:01:20","date_gmt":"2025-11-29T19:01:20","guid":{"rendered":"https:\/\/www.europesays.com\/es\/262482\/"},"modified":"2025-11-29T19:01:20","modified_gmt":"2025-11-29T19:01:20","slug":"extrema-derecha-alemana-refunda-en-medio-de-protestas-su-ala-juvenil","status":"publish","type":"post","link":"https:\/\/www.europesays.com\/es\/262482\/","title":{"rendered":"Extrema derecha alemana refunda en medio de protestas su ala juvenil"},"content":{"rendered":"<p>    <img src=\"https:\/\/www.europesays.com\/es\/wp-content\/uploads\/2025\/11\/2025-11-29T183A243A17Z-90554400.jpg\" width=\"1024\" height=\"682\" alt=\"\" loading=\"eager\" decoding=\"sync\" fetchpriority=\"high\"\/><\/p>\n<p>            afp_tickers        <\/p>\n<p>        Este contenido fue publicado en    <\/p>\n<p>        29 noviembre 2025 &#8211; 19:24\n<\/p>\n<p>El partido de extrema derecha Alternativa para Alemania (AfD) fund\u00f3 el s\u00e1bado una organizaci\u00f3n juvenil en un congreso cerca de Fr\u00e1ncfort, iniciado con m\u00e1s de dos horas de retraso por protestas de detractores de esta formaci\u00f3n antiinmigrantes y prorrusa.<\/p>\n<p>Segunda en las legislativas en febrero pasado y l\u00edder de la oposici\u00f3n en el pa\u00eds, la AfD se prepara para una serie de elecciones regionales en 2026 que espera ganar, en particular en sus bastiones de la antigua Alemania del Este.<\/p>\n<p>La nueva organizaci\u00f3n juvenil sustituye a \u00abJunge Alternative\u00bb (Joven Alternativa), disuelta a principios de a\u00f1o por el partido despu\u00e9s de que los servicios de inteligencia la clasificaran como grupo extremista.<\/p>\n<p>La antigua rama juvenil se vio envuelta en numerosas controversias. Varios de sus miembros usaron c\u00e1nticos racistas o mantuvieros reuniones con neonazis.<\/p>\n<p>Uno de los col\u00edderes de AdF, Tino Chrupalla, admiti\u00f3 en el congreso celebrado en Giessen que ten\u00edan que \u00abaprender de los errores del pasado\u00bb.<\/p>\n<p>Algunos participantes de la antigua organizaci\u00f3n juvenil \u00abse golpeaban la cabeza contra la pared, en vez de poner los pies en el suelo\u00bb, afirm\u00f3.<\/p>\n<p>El primer l\u00edder de \u00abGeneration Deutschland\u00bb ser\u00e1 Jean-Pascal Hohm, un diputado regional de 28 a\u00f1os en Brandeburgo, basti\u00f3n de la AfD en el este, elegido con 90,4% de los votos.\u00a0<\/p>\n<p>\u00abLucharemos con determinaci\u00f3n para un verdadero cambio de direcci\u00f3n en materia de migraci\u00f3n, para que Alemania siga siendo el pa\u00eds y la patria de los alemanes\u00bb, declar\u00f3 Hohm.<\/p>\n<p>Y ante las acusaciones de espionaje a favor de Rusia y otros Estados autoritarios, Hohm declar\u00f3: \u00abSomos patriotas alemanes\u00bb. \u00abNadie en esta sala es servidor de Rusia o de otro pa\u00eds\u00bb, asegur\u00f3.<\/p>\n<p>Opositores al AfD protestaron por la ciudad con banderines que llevaban consignas para \u00abcombatir el fascismo\u00bb, en medio de un importante dispositivo de seguridad.<\/p>\n<p>Un portavoz de la polic\u00eda de Giessen, interrogado por la AFP, calcul\u00f3 en 25.000 los manifestantes durante la jornada, y los organizadores esperan congregar a 57.000.<\/p>\n<p>\u00abNo debemos permitir que se cree una nueva Juventud Hitleriana, especialmente nosotros con nuestra historia\u00bb, dijo Carsten Kachelmus, un manifestante de 52 a\u00f1os.<\/p>\n<p>Alemania, marcada por su pasado nazi, resisti\u00f3 durante mucho tiempo al auge electoral de la extrema derecha.\u00a0<\/p>\n<p>Pero despu\u00e9s de la ola migratoria de 2015 procedente principalmente de Siria, los ataques islamistas y cr\u00edmenes cometidos por extranjeros impulsaron la popularidad de la AfD.<\/p>\n<p>lep-jsk\/sbk\/eg\/dbh<\/p>\n","protected":false},"excerpt":{"rendered":"afp_tickers Este contenido fue publicado en 29 noviembre 2025 &#8211; 19:24 El partido de extrema derecha Alternativa para&hellip;\n","protected":false},"author":2,"featured_media":262483,"comment_status":"","ping_status":"","sticky":false,"template":"","format":"standard","meta":{"footnotes":""},"categories":[42],"tags":[17,18,3675,636,35005,18680,13,14,11,27703,61,62,63,64,19,20,9,10,15,16,12089,88,12090,5799,2005,90,12,21,22,65,66,67],"class_list":{"0":"post-262482","1":"post","2":"type-post","3":"status-publish","4":"format-standard","5":"has-post-thumbnail","7":"category-internacional","8":"tag-breaking-news","9":"tag-breakingnews","10":"tag-civil-unrest","11":"tag-conflict","12":"tag-demographics","13":"tag-demonstration","14":"tag-featured-news","15":"tag-featurednews","16":"tag-headlines","17":"tag-immigration","18":"tag-internacional","19":"tag-international","20":"tag-international-news","21":"tag-internationalnews","22":"tag-latest-news","23":"tag-latestnews","24":"tag-news","25":"tag-noticias","26":"tag-noticias-destacadas","27":"tag-noticiasdestacadas","28":"tag-parties-and-movements","29":"tag-politics","30":"tag-politics-general","31":"tag-social-issues-general","32":"tag-society","33":"tag-ticker","34":"tag-titulares","35":"tag-ultimas-noticias","36":"tag-ultimasnoticias","37":"tag-world","38":"tag-world-news","39":"tag-worldnews"},"share_on_mastodon":{"url":"","error":"Validation failed: Text character limit of 500 exceeded"},"_links":{"self":[{"href":"https:\/\/www.europesays.com\/es\/wp-json\/wp\/v2\/posts\/262482","targetHints":{"allow":["GET"]}}],"collection":[{"href":"https:\/\/www.europesays.com\/es\/wp-json\/wp\/v2\/posts"}],"about":[{"href":"https:\/\/www.europesays.com\/es\/wp-json\/wp\/v2\/types\/post"}],"author":[{"embeddable":true,"href":"https:\/\/www.europesays.com\/es\/wp-json\/wp\/v2\/users\/2"}],"replies":[{"embeddable":true,"href":"https:\/\/www.europesays.com\/es\/wp-json\/wp\/v2\/comments?post=262482"}],"version-history":[{"count":0,"href":"https:\/\/www.europesays.com\/es\/wp-json\/wp\/v2\/posts\/262482\/revisions"}],"wp:featuredmedia":[{"embeddable":true,"href":"https:\/\/www.europesays.com\/es\/wp-json\/wp\/v2\/media\/262483"}],"wp:attachment":[{"href":"https:\/\/www.europesays.com\/es\/wp-json\/wp\/v2\/media?parent=262482"}],"wp:term":[{"taxonomy":"category","embeddable":true,"href":"https:\/\/www.europesays.com\/es\/wp-json\/wp\/v2\/categories?post=262482"},{"taxonomy":"post_tag","embeddable":true,"href":"https:\/\/www.europesays.com\/es\/wp-json\/wp\/v2\/tags?post=262482"}],"curies":[{"name":"wp","href":"https:\/\/api.w.org\/{rel}","templated":true}]}}