{"id":262484,"date":"2025-11-29T19:03:02","date_gmt":"2025-11-29T19:03:02","guid":{"rendered":"https:\/\/www.europesays.com\/es\/262484\/"},"modified":"2025-11-29T19:03:02","modified_gmt":"2025-11-29T19:03:02","slug":"es-un-viaje-en-el-tiempo-bajo-la-luz-de-la-navidad","status":"publish","type":"post","link":"https:\/\/www.europesays.com\/es\/262484\/","title":{"rendered":"\u201cEs un viaje en el tiempo bajo la luz de la Navidad\u201d"},"content":{"rendered":"<p class=\"description\"><b>\u00a1\u00daLTIMA OPORTUNIDAD DE BLACK FRIDAY!<\/b> Suscr\u00edbete hoy a Viajes National Geographic por <b>0,75\u20ac al mes<\/b>. \u00a1-82% de descuento!<\/p>\n<p><a href=\"https:\/\/tienda.rba.es\/revistas\/landing-suscripcion-viajes-national-geographic-black-friday-075?ORIGIN=REF&amp;rba_click=RBA_rev_ngmv_es_web_conv_pur_pro_noa_black-friday-2025_sus-dig_precio_fns&amp;rba_bh=ngmv\" class=\"more-link\" data-ga4_event=\"custom_event\" data-ga4_event_name=\"click_cta\" data-ga4_link_url=\"https:\/\/tienda.rba.es\/revistas\/landing-suscripcion-viajes-national-geographic-black-friday-075?ORIGIN=REF&amp;rba_click=RBA_rev_ngmv_es_web_conv_pur_pro_noa_black-friday-2025_sus-dig_precio_fns&amp;rba_bh=ngmv\" data-ga4_content_type=\"lead\" data-ga4_element=\"article_phrase\" rel=\"nofollow noopener\" target=\"_blank\">APROVECHA<\/a><\/p>\n<p>El \u00fanico problema de <a href=\"https:\/\/viajes.nationalgeographic.com.es\/a\/pueblos-mas-bonitos-cantabria-san-vicente-barquera-lierganes-buscando-inspiracion-rural_21889\" rel=\"nofollow noopener\" target=\"_blank\">esta bonita ciudad de Cantabria<\/a> es decidirse en qu\u00e9 \u00e9poca del a\u00f1o se la deber\u00eda visitar. Porque todas las estaciones tienen su encanto, como la primavera en que <strong>los balcones presumen de flores<\/strong> o el verano en que las temperaturas m\u00e1s suaves son un b\u00e1lsamo frente al t\u00f3rrido clima de la Pen\u00ednsula. Quiz\u00e1s sea el oto\u00f1o, con esa <strong>elegante melancol\u00eda que transmiten las calles empedradas<\/strong> y las fachadas que atesoran siglos de historia. O el invierno, donde el fr\u00edo no es un impedimento para caminar sin un rumbo fijo, descubriendo lentamente los secretos que se esconden en sus edificios y sus <strong>viviendas que recuerdan los a\u00f1os de esplendor.<\/strong><\/p>\n<p>\u00a0<\/p>\n<p>Adem\u00e1s, llegar en diciembre tiene el valor a\u00f1adido de contemplar una espl\u00e9ndida iluminaci\u00f3n navide\u00f1a que cae como cascadas desde las plantas superiores, o que traza par\u00e1bolas amarillas en los arcos g\u00f3ticos y renacentistas; <a href=\"https:\/\/viajes.nationalgeographic.com.es\/a\/pueblo-cantabria-que-se-ha-convertido-destino-navideno-por-excelencia_23547\" rel=\"nofollow noopener\" target=\"_blank\">un encantador paisaje urbano de aires rurales que se replica en otros pueblos c\u00e1ntabros.<\/a><\/p>\n<p>\u00a0<\/p>\n<p>&#13;&#13;<\/p>\n<p>Cargando v\u00eddeo: Las maravillas rurales de Cantabria<\/p>\n<p>Las maravillas rurales de CantabriaLa verdad de la triple mentirosa<img loading=\"lazy\" decoding=\"async\"   src=\"https:\/\/www.europesays.com\/es\/wp-content\/uploads\/2025\/11\/santillana-del-mar-cantabria_c0b4130e_251127152742_1200x866.webp.webp\" alt=\"Santillana del mar cantabria\" class=\"lazyload\" width=\"1200\" height=\"866\" data-aspectratio=\"1200\/866\"\/><br \/>\n&#13;Foto: iStock<\/p>\n<p>La Colegiata es el conjunto religioso que marc\u00f3 la g\u00e9nesis de Santillana del Mar.<\/p>\n<p>Con toda tranquilidad uno le perdona el pecado de la triple mentira a <strong><a href=\"https:\/\/viajes.nationalgeographic.com.es\/a\/pueblo-cantabria-que-conmociono-a-jean-paul-sartre-mas-bonito-espana_23425\" rel=\"nofollow noopener\" target=\"_blank\">Santillana del Mar, porque no es santa<\/a><\/strong>, ni llana, ni est\u00e1 cerca del mar. Caminar por su centro, declarado Conjunto Hist\u00f3rico-Art\u00edstico hace m\u00e1s casi 140 a\u00f1os, es como hacerlo en un libro abierto de historia. Si es as\u00ed, el primer cap\u00edtulo es la <strong>Insignie Colegiata de Santa Juliana<\/strong>, conjunto religioso que data del siglo XII, y declarado Patrimonio de la Humanidad por la Unesco. En esta primera parada, hay que tomarse el tiempo para <strong>contemplar la fachada que describe escenas b\u00edblicas<\/strong>, una forma de ense\u00f1ar las Sagradas Escrituras a un pueblo analfabeto; t\u00e9cnica que se repite en su bello claustro, donde sus 42 capiteles tambi\u00e9n representan hechos del Antiguo y Nuevo Testamento.<\/p>\n<p><a href=\"https:\/\/viajes.nationalgeographic.com.es\/a\/pueblo-cantabria-que-este-ano-ostenta-titulo-villa-europea-navidad_23840\" class=\"rel\" rel=\"nofollow noopener\" target=\"_blank\">&#13;&#13;<img loading=\"lazy\" decoding=\"async\" src=\"https:\/\/www.europesays.com\/es\/wp-content\/uploads\/2025\/11\/noja_f5272e44_251117223402_550x807.webp.webp\" alt=\"Noja\" class=\"imagenRelacionado lazyload\" width=\"550\" height=\"807\" data-aspectratio=\"550\/807\"\/>&#13;&#13;<\/p>\n<p class=\"relatedTitle\">Seguir viajando<\/p>\n<p class=\"supertitle\">EL REFUGIO COSTERO DE LOS REYES MAGOS<\/p>\n<p class=\"title\">El pueblo de Cantabria que este a\u00f1o ostenta el t\u00edtulo de Villa Europea de la Navidad<\/p>\n<p class=\"subtitle\">Este m\u00e1gico enclave de costa enciende sus luces el 29 de noviembre dando paso a todo un mundo de magia y color en el que no faltan el tradicional mercado, pista de patinaje sobre hielo, villancicos y Bel\u00e9n. <\/p>\n<p><a href=\"https:\/\/viajes.nationalgeographic.com.es\/a\/pueblo-cantabria-que-este-ano-ostenta-titulo-villa-europea-navidad_23840\" class=\"readarticle\" rel=\"nofollow noopener\" target=\"_blank\">Leer art\u00edculo<\/a><\/p>\n<p><\/a><\/p>\n<p>Las ra\u00edces de la colegiata est\u00e1n en una ermita dedicada a esa santa, cuyos restos descansan entre sepulcros medievales. El recinto fue -perd\u00f3n, sigue siendo- una <strong>parada de gran importancia en el Camino de Santiago<\/strong>. Siglos de peregrinaje, limosnas y donaciones hicieron crecer el edificio, considerado el conjunto rom\u00e1nico m\u00e1s importante de Cantabria.<\/p>\n<p>\u00a0<\/p>\n<p>\u00bfQuieres viajar por los pueblos m\u00e1s monumentales de Espa\u00f1a? <strong><a href=\"https:\/\/participa.nationalgeographic.com.es\/quiz\/1654292_1125\/pueblos-monumentales.html\" target=\"_blank\" rel=\"nofollow noopener\">\u00a1Descarga gratis nuestro eBook<\/a><\/strong> y descubre cu\u00e1les son!<\/p>\n<p>Pasos por la historia<\/p>\n<p>\u00a0<\/p>\n<p><img loading=\"lazy\" decoding=\"async\"   src=\"https:\/\/www.europesays.com\/es\/wp-content\/uploads\/2025\/11\/casa-del-marques-santillana-del-mar_45be8a66_251127152818_1200x692.webp.webp\" alt=\"Casa del Marque\u0301s (Santillana del Mar)\" class=\"lazyload\" width=\"1200\" height=\"692\" data-aspectratio=\"1200\/692\"\/><br \/>\n&#13;Foto: Casa del Marqu\u00e9s<\/p>\n<p>La espl\u00e9ndida Casa del Marqu\u00e9s.<\/p>\n<p>Paseando por calles como <strong>Del Cant\u00f3n<\/strong> o de <strong>Santo Domingo<\/strong> van desfilando los palacetes y casas se\u00f1oriales que recuerdan los a\u00f1os dorados que oscilaron entre los siglos XV y XVIII, como la <strong>Casa del Marqu\u00e9s<\/strong>\u00a0(reconvertida en hotel de lujo)\u00a0o la de <strong>Barreda-Bracho<\/strong>, actual parador Gil Blas. El <strong>palacio de los Velarde<\/strong>, del siglo XVI, es un destacado ejemplo de la llegada del Renacimiento a Cantabria; y que nadie se olvide de sacar una foto a la <strong>Casa de los Hombrones<\/strong>, llamada as\u00ed por los soldados que vigilan al escudo de la familia. Otro detalle curioso se descubre en la casa de los <strong>Quevedo<\/strong>, con una figura en piedra de aires aztecas que recuerda su pasado colonizador.<\/p>\n<p>\u00a0<\/p>\n<p><img loading=\"lazy\" decoding=\"async\"   src=\"https:\/\/www.europesays.com\/es\/wp-content\/uploads\/2025\/11\/santillana-del-mar_9b10f47c_251127153141_1200x801.webp.webp\" alt=\"Santillana del Mar\" class=\"lazyload\" width=\"1200\" height=\"801\" data-aspectratio=\"1200\/801\"\/><br \/>\n&#13;Foto: Adobe Stock<\/p>\n<p>El pasado medieval y renacentista se descubre a cada paso.<\/p>\n<p>Entre las tiendas de souvenirs -inevitable consecuencia del turismo- sobreviven comercio que atesoran su encanto, as\u00ed como <strong>viviendas de piedra con balcones de madera. <\/strong>Entre unas y otra se elevan torres como la del <strong>Merino<\/strong>, del siglo XIV, donde viv\u00eda el delegado del rey encargado de impartir justicia; o la de <strong>Don Borja<\/strong>, del siglo XV, que formaba parte del entramado defensivo de Santillana.<\/p>\n<p>Tambi\u00e9n cabe destacar la presencia de otros edificios religiosos como el <strong>monasterio de Regina Coeli,<\/strong> que data del siglo XVI y famoso por la tableta (en rigor, un bizcocho) elaborada por las monjas clarisas.<\/p>\n<p><a href=\"https:\/\/viajes.nationalgeographic.com.es\/ubicacion-exacta\/bosque-cantabria-que-guarda-su-memoria-historica-entre-arboles-monumentales-hadas_23848\" class=\"rel\" rel=\"nofollow noopener\" target=\"_blank\">&#13;&#13;<img loading=\"lazy\" decoding=\"async\" src=\"https:\/\/www.europesays.com\/es\/wp-content\/uploads\/2025\/11\/saja-besaya_f1fe9d6d_251119084722_550x807.webp.webp\" alt=\"Saja Besaya\" class=\"imagenRelacionado lazyload\" width=\"550\" height=\"807\" data-aspectratio=\"550\/807\"\/>&#13;&#13;<\/p>\n<p class=\"relatedTitle\">Seguir viajando<\/p>\n<p class=\"supertitle\">Un robledal \u00fanico<\/p>\n<p class=\"title\">El robledal de Cantabria repleto de historia, biodiversidad y leyendas<\/p>\n<p class=\"subtitle\">Senderos que serpentean entre puentes de madera recorren un lugar que fue recurso para todo un pueblo y actualmente un santuario de biodiversidad. <\/p>\n<p><a href=\"https:\/\/viajes.nationalgeographic.com.es\/ubicacion-exacta\/bosque-cantabria-que-guarda-su-memoria-historica-entre-arboles-monumentales-hadas_23848\" class=\"readarticle\" rel=\"nofollow noopener\" target=\"_blank\">Leer art\u00edculo<\/a><\/p>\n<p><\/a>La Capilla Sixtina de la Prehistoria<\/p>\n<p>\u00a0<\/p>\n<p><img loading=\"lazy\" decoding=\"async\"   src=\"https:\/\/www.europesays.com\/es\/wp-content\/uploads\/2025\/11\/altamira_4c13cb91_251127153242_1200x801.webp.webp\" alt=\"Altamira\" class=\"lazyload\" width=\"1200\" height=\"801\" data-aspectratio=\"1200\/801\"\/><br \/>\n&#13;Foto: Adobe Stock<\/p>\n<p>Las fascinantes pinturas rupestres de la Cueva de Altamira.<\/p>\n<p>Si estos edificios son, como dec\u00edamos, los cap\u00edtulos de un libro de historia, hay que rescatar un ap\u00e9ndice que nos remonta a miles de a\u00f1os atr\u00e1s. Estamos hablando de las <strong>Cuevas de Altamira<\/strong>, ubicadas a un par de minutos de Santillana del Mar. Entre 36.000 y 14.000 a\u00f1os atr\u00e1s, un grupo de hombres y mujeres an\u00f3nimos, adem\u00e1s de salir a cazar y cuidar de la prole, tuvieron tiempo para pintar <strong>bisontes, ciervos, jabal\u00edes y caballos<\/strong>; as\u00ed como manos y signos que, milenios despu\u00e9s, siguen siendo un misterio.<\/p>\n<p>Cerrada al p\u00fablico por razones de conservaci\u00f3n, la <strong>Neocueva<\/strong> -una reproducci\u00f3n exacta de esta Capilla Sixtina de la Prehistoria- permite descubrir c\u00f3mo el arte es un puente que trasciende el tiempo y el espacio.<\/p>\n<p><a href=\"https:\/\/viajes.nationalgeographic.com.es\/a\/pueblo-murciano-cantabria-donde-limones-crecen-sus-plazas-y-calles_23583\" class=\"rel\" rel=\"nofollow noopener\" target=\"_blank\">&#13;&#13;<img loading=\"lazy\" decoding=\"async\" src=\"https:\/\/www.europesays.com\/es\/wp-content\/uploads\/2025\/11\/novales_6be59c19_251008212831_550x807.webp.webp\" alt=\"Novales\" class=\"imagenRelacionado lazyload\" width=\"550\" height=\"807\" data-aspectratio=\"550\/807\"\/>&#13;&#13;<\/p>\n<p class=\"relatedTitle\">Seguir viajando<\/p>\n<p class=\"supertitle\">\u00bfNorte o sur?<\/p>\n<p class=\"title\">Novales, el pueblo de Cantabria de clima murciano: \u00abaqu\u00ed los limones crecen en las plazas y las calles\u00bb<\/p>\n<p class=\"subtitle\">Quienes visitan este curioso destino del norte de Espa\u00f1a se sorprenden por la abundancia de c\u00edtricos, y llegan a preguntarse si no se habr\u00e1n equivocado de comunidad aut\u00f3noma. <\/p>\n<p><a href=\"https:\/\/viajes.nationalgeographic.com.es\/a\/pueblo-murciano-cantabria-donde-limones-crecen-sus-plazas-y-calles_23583\" class=\"readarticle\" rel=\"nofollow noopener\" target=\"_blank\">Leer art\u00edculo<\/a><\/p>\n<p><\/a>La Navidad en Santillana del Mar<\/p>\n<p>\u00a0<\/p>\n<p><img loading=\"lazy\" decoding=\"async\"   src=\"https:\/\/www.europesays.com\/es\/wp-content\/uploads\/2025\/11\/santillana-del-mar_38a63bf9_251127153337_1200x800.webp.webp\" alt=\"Santillana del Mar\" class=\"lazyload\" width=\"1200\" height=\"800\" data-aspectratio=\"1200\/800\"\/><br \/>\n&#13;Foto: Shutterstock<\/p>\n<p>Santillana despliega su iluminaci\u00f3n navide\u00f1a por sus calles medievales.<\/p>\n<p><strong>Santillana del Mar<\/strong> ayer dio el pistoletazo de salida a las celebraciones de la Navidad, con la inauguraci\u00f3n del alumbrado en sus calles y plazas, las proyecciones art\u00edsticas sobre la fachada de la Colegiata y el <strong>videomapping en la Plaza Mayor<\/strong>, espect\u00e1culos que se repetir\u00e1 a lo largo de diciembre.<\/p>\n<p>Se calcula que unas 500.000 bombillas est\u00e1n alumbrando el centro hist\u00f3rico, para revalidar el t\u00edtulo de<strong> \u2018la villa de la Navidad\u2019<\/strong>, tal y como la bautizaron desde el consistorio, durante unas semanas m\u00e1gicas que se alargan hasta el d\u00eda 6 de enero y que podr\u00eda equipararse, en un podio de lo rural, a los <a href=\"https:\/\/viajes.nationalgeographic.com.es\/a\/mejores-mercadillos-navidad-2023-ya-tienen-fecha_10942\" rel=\"nofollow noopener\" target=\"_blank\">mercadillos navide\u00f1os m\u00e1s bonitos de Europa<\/a>.\u00a0\u00a0<\/p>\n<p><a href=\"https:\/\/viajes.nationalgeographic.com.es\/a\/mirador-cantabria-que-contempla-nacimiento-rio-forma-cascada-escalonada_23527\" class=\"rel\" rel=\"nofollow noopener\" target=\"_blank\">&#13;&#13;<img loading=\"lazy\" decoding=\"async\" src=\"https:\/\/www.europesays.com\/es\/wp-content\/uploads\/2025\/11\/adobestock-295610156_57cf8a50_250930171457_550x807.webp.webp\" alt=\"AdobeStock 295610156\" class=\"imagenRelacionado lazyload\" width=\"550\" height=\"807\" data-aspectratio=\"550\/807\"\/>&#13;&#13;<\/p>\n<p class=\"relatedTitle\">Seguir viajando<\/p>\n<p class=\"supertitle\">vistas de v\u00e9rtigo<\/p>\n<p class=\"title\">La ruta de Cantabria entre miradores suspendidos en el vac\u00edo, cascadas y cuevas<\/p>\n<p class=\"subtitle\">Desde un balc\u00f3n suspendido sobre el vac\u00edo hasta las entra\u00f1as de la tierra, el valle del As\u00f3n revela sus secretos en panor\u00e1micas vertiginosas y galer\u00edas subterr\u00e1neas donde la roca se convierte en fantasmas y espejos de agua.<\/p>\n<p><a href=\"https:\/\/viajes.nationalgeographic.com.es\/a\/mirador-cantabria-que-contempla-nacimiento-rio-forma-cascada-escalonada_23527\" class=\"readarticle\" rel=\"nofollow noopener\" target=\"_blank\">Leer art\u00edculo<\/a><\/p>\n<p><\/a>El calendario navide\u00f1o<\/p>\n<p>\u00a0<\/p>\n<p><img loading=\"lazy\" decoding=\"async\"   src=\"https:\/\/www.europesays.com\/es\/wp-content\/uploads\/2025\/11\/santillana-del-mar_c92c4c72_251127153421_1200x675.webp.webp\" alt=\"Santillana del Mar\" class=\"lazyload\" width=\"1200\" height=\"675\" data-aspectratio=\"1200\/675\"\/><br \/>\n&#13;Foto: Adobe Stock<\/p>\n<p>Santillana vive la Navidad con una pasi\u00f3n especial.<\/p>\n<p>Para este a\u00f1o se esperan actividades como el <strong>taller de coronas navide\u00f1as<\/strong>, la representaci\u00f3n del espect\u00e1culo \u2018Misterio de la Navidad\u201d el 12 de diciembre, y del 13 al 14, el <strong>mercadillo navide\u00f1o que en el Parque de la Robleda<\/strong> presentar\u00e1 productos artesanales, motivos de decoraci\u00f3n y platos de la gastronom\u00eda local.<\/p>\n<p>El 19 de diciembre, la <strong>Plaza Mayor<\/strong> acoger\u00e1 al Bel\u00e9n Viviente, que ser\u00e1 representado por los alumnos del Colegio Santa Juliana, en una ceremonia que culminar\u00e1 con una chocolatada con churros bajo las luces de los fuegos artificiales. Y dos d\u00edas m\u00e1s tarde, el 21, llegar\u00e1 una de las citas m\u00e1s esperadas: la <strong>visita de Pap\u00e1 Noel en su trineo<\/strong>.<\/p>\n<p>\u00a0<\/p>\n<p dir=\"ltr\"><a href=\"https:\/\/www.whatsapp.com\/channel\/0029Va858M88vd1KkudYW539\" rel=\"nofollow noopener\" target=\"_blank\"><strong>\u00a1Viajes National Geographic, directo en tu Whatsapp! S\u00edguenos para descubrir lugares fascinantes, destinos sorprendentes y sabores impresionantes.<\/strong><\/a><\/p>\n<p dir=\"ltr\">\u00a0<\/p>\n<p>\u00a0<\/p>\n<p>El a\u00f1o nuevo ser\u00e1 recibido en una fiesta en la carpa del parking de Le Dorat, y el 5 de enero la <strong>Cabalgata de Reyes<\/strong> dar\u00e1 el remate final a este mes de alegr\u00eda y magia navide\u00f1a. De hecho, <strong>Santillana del Mar presume de una de las cabalgatas m\u00e1s espectaculares de Espa\u00f1a<\/strong>, declarada <strong>Fiesta de Inter\u00e9s Tur\u00edstico Nacional.<\/strong> En ella, adem\u00e1s de las tradicionales carrozas, se incluyen <strong>escenas b\u00edblicas representadas por m\u00e1s de 500 actores<\/strong> que desfilan por las calles empedradas de la localidad, donde los puestos de productos t\u00edpicos, artesan\u00eda, dulces y decoraciones se suceden en el laberinto de callecitas de la villa.<\/p>\n","protected":false},"excerpt":{"rendered":"\u00a1\u00daLTIMA OPORTUNIDAD DE BLACK FRIDAY! Suscr\u00edbete hoy a Viajes National Geographic por 0,75\u20ac al mes. \u00a1-82% de descuento!&hellip;\n","protected":false},"author":2,"featured_media":262485,"comment_status":"","ping_status":"","sticky":false,"template":"","format":"standard","meta":{"footnotes":""},"categories":[8],"tags":[17,18,119,25,24,13,14,1408,11,448,19,20,1407,1409,9,10,15,16,23,12,21,22,226],"class_list":{"0":"post-262484","1":"post","2":"type-post","3":"status-publish","4":"format-standard","5":"has-post-thumbnail","7":"category-espana","8":"tag-breaking-news","9":"tag-breakingnews","10":"tag-ciencia","11":"tag-es","12":"tag-espana","13":"tag-featured-news","14":"tag-featurednews","15":"tag-geographic","16":"tag-headlines","17":"tag-historia","18":"tag-latest-news","19":"tag-latestnews","20":"tag-national","21":"tag-naturaleza","22":"tag-news","23":"tag-noticias","24":"tag-noticias-destacadas","25":"tag-noticiasdestacadas","26":"tag-spain","27":"tag-titulares","28":"tag-ultimas-noticias","29":"tag-ultimasnoticias","30":"tag-viajes"},"share_on_mastodon":{"url":"","error":""},"_links":{"self":[{"href":"https:\/\/www.europesays.com\/es\/wp-json\/wp\/v2\/posts\/262484","targetHints":{"allow":["GET"]}}],"collection":[{"href":"https:\/\/www.europesays.com\/es\/wp-json\/wp\/v2\/posts"}],"about":[{"href":"https:\/\/www.europesays.com\/es\/wp-json\/wp\/v2\/types\/post"}],"author":[{"embeddable":true,"href":"https:\/\/www.europesays.com\/es\/wp-json\/wp\/v2\/users\/2"}],"replies":[{"embeddable":true,"href":"https:\/\/www.europesays.com\/es\/wp-json\/wp\/v2\/comments?post=262484"}],"version-history":[{"count":0,"href":"https:\/\/www.europesays.com\/es\/wp-json\/wp\/v2\/posts\/262484\/revisions"}],"wp:featuredmedia":[{"embeddable":true,"href":"https:\/\/www.europesays.com\/es\/wp-json\/wp\/v2\/media\/262485"}],"wp:attachment":[{"href":"https:\/\/www.europesays.com\/es\/wp-json\/wp\/v2\/media?parent=262484"}],"wp:term":[{"taxonomy":"category","embeddable":true,"href":"https:\/\/www.europesays.com\/es\/wp-json\/wp\/v2\/categories?post=262484"},{"taxonomy":"post_tag","embeddable":true,"href":"https:\/\/www.europesays.com\/es\/wp-json\/wp\/v2\/tags?post=262484"}],"curies":[{"name":"wp","href":"https:\/\/api.w.org\/{rel}","templated":true}]}}