{"id":262486,"date":"2025-11-29T19:04:10","date_gmt":"2025-11-29T19:04:10","guid":{"rendered":"https:\/\/www.europesays.com\/es\/262486\/"},"modified":"2025-11-29T19:04:10","modified_gmt":"2025-11-29T19:04:10","slug":"muere-jose-luis-olivas-expresidente-de-la-generalitat-valenciana-a-los-73-anos","status":"publish","type":"post","link":"https:\/\/www.europesays.com\/es\/262486\/","title":{"rendered":"Muere Jos\u00e9 Luis Olivas, expresidente de la Generalitat Valenciana, a los 73 a\u00f1os"},"content":{"rendered":"<p class=\"article-text\">\n        El expresidente de la Generalitat Valenciana Jos\u00e9 Luis Olivas ha muerto este s\u00e1bado a los 73 a\u00f1os, seg\u00fan ha confirmado la Generalitat. Nacido en Motilla del Palancar (Cuenca) en 1952, Jos\u00e9 Luis Olivas desarroll\u00f3 la mayor parte de su carrera p\u00fablica en la Comunitat Valenciana. Fue diputado en Les Corts entre 1995 y 2003, conseller de Econom\u00eda y Hacienda de 1995 a 1999, y vicepresidente primero del Consell entre 1999 y 2002.\n    <\/p>\n<p class=\"article-text\">\n        Accedi\u00f3 a la presidencia de la Generalitat en julio de 2002, tras la marcha de Eduardo Zaplana al Ministerio de Trabajo, y ocup\u00f3 el cargo hasta junio de 2003, convirti\u00e9ndose en el tercer president de la etapa auton\u00f3mica tras Joan Lerma y el propio Zaplana. Despu\u00e9s de \u00e9l llegaron Francisco Camps, Alberto Fabra, Ximo Puig, Carlos Maz\u00f3n y recientemente Juanfran P\u00e9rez Llorca.\n    <\/p>\n<p class=\"article-text\">\n        Tras las elecciones auton\u00f3micas de mayo de 2003, Olivas abandon\u00f3 la pol\u00edtica activa, aunque su presencia p\u00fablica continu\u00f3 siendo decisiva en el \u00e1mbito financiero valenciano y espa\u00f1ol.\n    <\/p>\n<p>    Periplo por la banca<\/p>\n<p class=\"article-text\">\n        En el terreno econ\u00f3mico, Olivas acumul\u00f3 una larga trayectoria en instituciones valencianas como el Instituto Valenciano de Finanzas y el Instituto Valenciano de Investigaciones Econ\u00f3micas (IVIE).\n    <\/p>\n<p class=\"article-text\">\n        Su salto decisivo al sector financiero lleg\u00f3 en enero de 2004, cuando fue nombrado presidente de Bancaja, uno de los pilares del sistema bancario valenciano. Posteriormente presidi\u00f3 tambi\u00e9n el Banco de Valencia y se convirti\u00f3 en vicepresidente de Bankia, la entidad surgida de la fusi\u00f3n de diversas cajas, incluida Bancaja.\n    <\/p>\n<p class=\"article-text\">\n        Aquel periodo coincidi\u00f3 con la burbuja inmobiliaria y la posterior crisis financiera, que acab\u00f3 desencadenando graves problemas en la entidad y deriv\u00f3 en diversos procedimientos judiciales.\n    <\/p>\n<p>    Procesos judiciales y condenas<\/p>\n<p class=\"article-text\">\n        El expresident fue <a href=\"https:\/\/www.eldiario.es\/comunitat-valenciana\/politica\/condenado-generalitat-jose-luis-olivas_1_3646306.html\" data-mrf-recirculation=\"links-noticia\" class=\"link\" rel=\"nofollow noopener\" target=\"_blank\">condenado en 2017 a una pena firme de un a\u00f1o y medio de prisi\u00f3n<\/a> y al pago de una multa de 151.800 euros por un delito de falsedad documental y fraude fiscal. La condena se deriv\u00f3 de la emisi\u00f3n de una factura falsa de 500.000 euros a la empresa Sedesa Inversiones (propiedad de Vicente Cotino) por simular un servicio de asesoramiento que nunca se prest\u00f3. Esta maniobra permiti\u00f3 a Cotino evadir impuestos. A ra\u00edz de esta sentencia, Olivas renunci\u00f3 a los honores que le correspond\u00edan como expresident de la Generalitat.\n    <\/p>\n<p class=\"article-text\">\n        A pesar de esta condena, el exmandatario result\u00f3 absuelto en otros procesos judiciales de gran relevancia. Fue declarado no culpable por la Audiencia Nacional en el juicio por la salida a bolsa de Bankia en septiembre de 2020. Del mismo modo, tambi\u00e9n fue absuelto en la causa relativa a la falsedad en las cuentas del Banco de Valencia. No obstante, Olivas se enfrent\u00f3 a peticiones de c\u00e1rcel en el juicio pendiente por la conocida como Operaci\u00f3n Coral o caso Grand Coral, relacionado con presuntas irregularidades en inversiones inmobiliarias de Bancaja y Banco de Valencia en M\u00e9xico, un proceso que ha seguido su curso.\n    <\/p>\n<p>    Reacciones institucionales<\/p>\n<p class=\"article-text\">\n        La Generalitat Valenciana ha difundido un mensaje institucional trasladando su p\u00e9same: \u201cLa Generalitat Valenciana quiere expresar el m\u00e1s sincero p\u00e9same por el fallecimiento de Jos\u00e9 Luis Olivas. President de la Generalitat Valenciana entre julio de 2002 y junio de 2003, adem\u00e1s de diputado desde 1995 hasta 2003, conseller desde 1995 hasta 1999 y vicepresident desde 1999 hasta 2002. Acompa\u00f1amos en el dolor a su familia, amigos y allegados.\u201d\n    <\/p>\n<p>    <a href=\"https:\/\/www.eldiario.es\/comunitat-valenciana\/jose-luis-olivas-delfin-banquero_1_4540369.html\" data-mrf-recirculation=\"saber-mas-abajo\" data-dl-event=\"saber-mas-abajo\" rel=\"nofollow noopener\" target=\"_blank\"><\/p>\n<p class=\"know-more__title\">Jos\u00e9 Luis Olivas: la ca\u00edda del delf\u00edn que jug\u00f3 a ser banquero<\/p>\n<p>            <img decoding=\"async\" class=\"lazy\" loading=\"lazy\" data-src=\"https:\/\/static.eldiario.es\/clip\/17407f1a-589c-4c1d-8625-dbb7e5a4d63d_16-9-aspect-ratio_default_0.jpg\" src=\"data:image\/svg+xml,%3Csvg xmlns=\" http:=\"\" viewbox=\"0 0 880 495\" alt=\"Jos\u00e9 Luis Olivas: la ca\u00edda del delf\u00edn que jug\u00f3 a ser banquero\"\/><\/p>\n<p>                        <\/a><\/p>\n<blockquote class=\"twitter-tweet\" data-lang=\"es\"><p><a href=\"https:\/\/twitter.com\/X\/status\/1994791475897352380?ref_src=twsrc%5Etfw\" rel=\"nofollow noopener\" target=\"_blank\"><\/p><\/blockquote>\n<p class=\"article-text\">\n        Pese a que tras su condena Olivas renunci\u00f3 al tratamiento de Molt Honorable y a sus honores y derechos establecidos en el Estatuto de Expresidentes, la Generalitat ha declarado luto oficial en la Comunitat Valenciana el domingo 30 de noviembre y ha invitado al conjunto de las instituciones valencianas a secundar esta medida y a arriar sus banderas a media asta en sus sedes oficiales.\n    <\/p>\n<p>                                    <script async src=\"https:\/\/platform.twitter.com\/widgets.js\" charset=\"utf-8\"><\/script><\/p>\n","protected":false},"excerpt":{"rendered":"El expresidente de la Generalitat Valenciana Jos\u00e9 Luis Olivas ha muerto este s\u00e1bado a los 73 a\u00f1os, seg\u00fan&hellip;\n","protected":false},"author":2,"featured_media":262487,"comment_status":"","ping_status":"","sticky":false,"template":"","format":"standard","meta":{"footnotes":""},"categories":[5],"tags":[517,2206,1705,17,18,3965,242,25,24,13,14,11,1667,19,20,9,10,15,16,1925,23,12,21,22,235],"class_list":{"0":"post-262486","1":"post","2":"type-post","3":"status-publish","4":"format-standard","5":"has-post-thumbnail","7":"category-titulares","8":"tag-actualidad","9":"tag-alicante","10":"tag-analisis","11":"tag-breaking-news","12":"tag-breakingnews","13":"tag-castellon","14":"tag-comunidad-valenciana","15":"tag-es","16":"tag-espana","17":"tag-featured-news","18":"tag-featurednews","19":"tag-headlines","20":"tag-informacion","21":"tag-latest-news","22":"tag-latestnews","23":"tag-news","24":"tag-noticias","25":"tag-noticias-destacadas","26":"tag-noticiasdestacadas","27":"tag-opinion","28":"tag-spain","29":"tag-titulares","30":"tag-ultimas-noticias","31":"tag-ultimasnoticias","32":"tag-valencia"},"share_on_mastodon":{"url":"https:\/\/pubeurope.com\/@es\/115634547136254217","error":""},"_links":{"self":[{"href":"https:\/\/www.europesays.com\/es\/wp-json\/wp\/v2\/posts\/262486","targetHints":{"allow":["GET"]}}],"collection":[{"href":"https:\/\/www.europesays.com\/es\/wp-json\/wp\/v2\/posts"}],"about":[{"href":"https:\/\/www.europesays.com\/es\/wp-json\/wp\/v2\/types\/post"}],"author":[{"embeddable":true,"href":"https:\/\/www.europesays.com\/es\/wp-json\/wp\/v2\/users\/2"}],"replies":[{"embeddable":true,"href":"https:\/\/www.europesays.com\/es\/wp-json\/wp\/v2\/comments?post=262486"}],"version-history":[{"count":0,"href":"https:\/\/www.europesays.com\/es\/wp-json\/wp\/v2\/posts\/262486\/revisions"}],"wp:featuredmedia":[{"embeddable":true,"href":"https:\/\/www.europesays.com\/es\/wp-json\/wp\/v2\/media\/262487"}],"wp:attachment":[{"href":"https:\/\/www.europesays.com\/es\/wp-json\/wp\/v2\/media?parent=262486"}],"wp:term":[{"taxonomy":"category","embeddable":true,"href":"https:\/\/www.europesays.com\/es\/wp-json\/wp\/v2\/categories?post=262486"},{"taxonomy":"post_tag","embeddable":true,"href":"https:\/\/www.europesays.com\/es\/wp-json\/wp\/v2\/tags?post=262486"}],"curies":[{"name":"wp","href":"https:\/\/api.w.org\/{rel}","templated":true}]}}