{"id":262494,"date":"2025-11-29T19:14:10","date_gmt":"2025-11-29T19:14:10","guid":{"rendered":"https:\/\/www.europesays.com\/es\/262494\/"},"modified":"2025-11-29T19:14:10","modified_gmt":"2025-11-29T19:14:10","slug":"la-seguridad-de-los-artistas-en-el-centro-del-debate-tras-la-agresion-sexual-a-la-cantante-de-delaporte-durante-un-concierto","status":"publish","type":"post","link":"https:\/\/www.europesays.com\/es\/262494\/","title":{"rendered":"La seguridad de los artistas, en el centro del debate tras la agresi\u00f3n sexual a la cantante de Delaporte durante un concierto"},"content":{"rendered":"<p class=\"L6-news-detail__text\">Detr\u00e1s de la euforia y de la adrenalina del directo est\u00e1 ella: <b>Sandra Delaporte<\/b>, la artista que da nombre al d\u00fao y que, hace unos d\u00edas, <b>baj\u00f3 a bailar con el p\u00fablico durante un concierto de Madrid<\/b>. En la pista, y en lo que supuestamente era un ambiente controlado, <b>sufri\u00f3 una agresi\u00f3n sexua<\/b>l, tal y como denunci\u00f3 el grupo en un comunicado en sus redes sociales.<\/p>\n<p class=\"L6-news-detail__text\"><b>Un hombre la agarr\u00f3 de la cabeza y la bes\u00f3 en la boca sin su permiso<\/b>. Ella se qued\u00f3 paralizada, sin capacidad de reacci\u00f3n. Aun as\u00ed, continu\u00f3 con el concierto hasta el final, sin entender qu\u00e9 hab\u00eda pasado. Hab\u00eda tanta gente que no pudo identificar a su agresor, narra el comunicado.<\/p>\n<p class=\"L6-news-detail__text\">El de Sandra Delaporte <b>no es el primer caso <\/b>de agresi\u00f3n sexual en un escenario. Ya en 2019, <b><a title=\"Miley Cyrus\" href=\"https:\/\/www.lasexta.com\/programas\/arusitys\/miley-cyrus-formara-parte-banda-sonora-nueva-pelicula-avatar-fuego-ceniza_2025102668fdd893f63c3c27fdb62432.html\" target=\"_blank\" rel=\"nofollow noopener\">Miley Cyrus<\/a><\/b><b> fue abordada a la salida de un hotel cuando un fan la agarr\u00f3 del pel<\/b>o e intent\u00f3 besarla en la boca. O el de Rosal\u00eda, que, como se aprecia en el v\u00eddeo situado sobre estas l\u00edneas, se muestra claramente inc\u00f3moda ante la actitud de un fan.<\/p>\n<p class=\"L6-news-detail__text\">Seg\u00fan se\u00f1ala el cr\u00edtico musical <b>Odi O&#8217;Malley, <\/b>al ver estas im\u00e1genes, <b>\u00abse ha perdido el respeto a los artistas\u00bb<\/b>. \u00abA veces se piensa que su funci\u00f3n es \u00fanicamente entretener al p\u00fablico y no se valora su importancia art\u00edstica. Ya en los a\u00f1os 80 los artistas ten\u00edan que aguantar, por ejemplo, escupitajos o insultos en el escenario. Ahora, el tipo de acoso ha cambiado\u00bb, comenta O\u2019Malley.<\/p>\n<p class=\"L6-news-detail__text\">Uno de los casos m\u00e1s sonados es el del guitarrista de Oasis, uno de los hermanos Gallagher. Un empuj\u00f3n lo dej\u00f3 con tres costillas rotas y da\u00f1os en algunos ligamentos. No hay que olvidar que, debajo del &#8216;disfraz de famoso, hay personas que no solo lidian con este tipo de agresiones, sino tambi\u00e9n con los continuos insultos en redes sociales.<\/p>\n<p class=\"L6-news-detail__text\"><b><a title=\"*Sigue a laSexta en Google. Toda la actualidad y el mejor contenido aqu\u00ed\" href=\"https:\/\/profile.google.com\/cp\/CgkvbS8wZG5xehA\" target=\"_blank\" rel=\"nofollow noopener\">*Sigue a laSexta en Google. Toda la actualidad y el mejor contenido aqu\u00ed<\/a><\/b><\/p>\n<p class=\"L6-support-news-video__title\">Nueve d\u00edas sin casa<\/p>\n<p>            <a href=\"https:\/\/www.lasexta.com\/noticias\/sociedad\/vecinos-afectados-incendio-garaje-cadiz-denuncian-que-todavia-tienen-donde-dormir-nueve-dias-despues_20251129692b1e8f55584d48fb62ea0d.html\" class=\"L6-news__link\" rel=\"nofollow noopener\" target=\"_blank\"><br \/>\n                Los vecinos afectados por el incendio de un garaje en C\u00e1diz denuncian que todav\u00eda no tienen d\u00f3nde dormir nueve d\u00edas despu\u00e9s<\/p>\n<p class=\"recirculation-video-desc\">Los detalles El Ayuntamiento les ofreci\u00f3 un hotel durante una semana, pero ahora ya lo tienen que pagar ellos y sus casas siguen estando inhabitables.<\/p>\n<p>            <\/a><\/p>\n","protected":false},"excerpt":{"rendered":"Detr\u00e1s de la euforia y de la adrenalina del directo est\u00e1 ella: Sandra Delaporte, la artista que da&hellip;\n","protected":false},"author":2,"featured_media":262495,"comment_status":"","ping_status":"","sticky":false,"template":"","format":"standard","meta":{"footnotes":""},"categories":[174],"tags":[255,146,147,25,24,256,23],"class_list":{"0":"post-262494","1":"post","2":"type-post","3":"status-publish","4":"format-standard","5":"has-post-thumbnail","7":"category-famosos","8":"tag-celebrities","9":"tag-entertainment","10":"tag-entretenimiento","11":"tag-es","12":"tag-espana","13":"tag-famosos","14":"tag-spain"},"share_on_mastodon":{"url":"https:\/\/pubeurope.com\/@es\/115634586691939822","error":""},"_links":{"self":[{"href":"https:\/\/www.europesays.com\/es\/wp-json\/wp\/v2\/posts\/262494","targetHints":{"allow":["GET"]}}],"collection":[{"href":"https:\/\/www.europesays.com\/es\/wp-json\/wp\/v2\/posts"}],"about":[{"href":"https:\/\/www.europesays.com\/es\/wp-json\/wp\/v2\/types\/post"}],"author":[{"embeddable":true,"href":"https:\/\/www.europesays.com\/es\/wp-json\/wp\/v2\/users\/2"}],"replies":[{"embeddable":true,"href":"https:\/\/www.europesays.com\/es\/wp-json\/wp\/v2\/comments?post=262494"}],"version-history":[{"count":0,"href":"https:\/\/www.europesays.com\/es\/wp-json\/wp\/v2\/posts\/262494\/revisions"}],"wp:featuredmedia":[{"embeddable":true,"href":"https:\/\/www.europesays.com\/es\/wp-json\/wp\/v2\/media\/262495"}],"wp:attachment":[{"href":"https:\/\/www.europesays.com\/es\/wp-json\/wp\/v2\/media?parent=262494"}],"wp:term":[{"taxonomy":"category","embeddable":true,"href":"https:\/\/www.europesays.com\/es\/wp-json\/wp\/v2\/categories?post=262494"},{"taxonomy":"post_tag","embeddable":true,"href":"https:\/\/www.europesays.com\/es\/wp-json\/wp\/v2\/tags?post=262494"}],"curies":[{"name":"wp","href":"https:\/\/api.w.org\/{rel}","templated":true}]}}