{"id":262496,"date":"2025-11-29T19:15:18","date_gmt":"2025-11-29T19:15:18","guid":{"rendered":"https:\/\/www.europesays.com\/es\/262496\/"},"modified":"2025-11-29T19:15:18","modified_gmt":"2025-11-29T19:15:18","slug":"cuando-chema-lopez-y-santiago-ydanez-se-encontraron","status":"publish","type":"post","link":"https:\/\/www.europesays.com\/es\/262496\/","title":{"rendered":"Cuando Chema L\u00f3pez y Santiago Yd\u00e1\u00f1ez se encontraron"},"content":{"rendered":"<p>VAL\u00c8NCIA. \u201cNo es casualidad\u201d. Estas palabras las desliz\u00f3 el artista <strong>Chema L\u00f3pez<\/strong> (Albacete, 1969) durante la presentaci\u00f3n de su nueva exposici\u00f3n -que no la primera- en la Fundaci\u00f3n Chirivella Soriano, un proyecto que comparte con <strong>Santiago Yd\u00e1\u00f1ez <\/strong>(Ja\u00e9n, 1969). Son dos artistas distintos, no cabe duda, pero cuando uno pasea por las salas en las que se entreteje la obra de uno y otra no puede evitar darle la raz\u00f3n a L\u00f3pez: efectivamente, no es casualidad que compartan espacio.<\/p>\n<p>Ambos artistas han unido fuerzas para dar forma a la nueva exposici\u00f3n del centro cultural, con la que despide el a\u00f1o y tambi\u00e9n la programaci\u00f3n enmarcada en su veinte aniversario, un proyecto que se presenta bajo el sugerente t\u00edtulo de Sesi\u00f3n doble\/\/Double Feature. Que est\u00e9 en castellano y en ingl\u00e9s no es casual pues, sin bien en el primer caso nos remite a la idea de cine, en ingl\u00e9s nos dibuja m\u00e1s a una superposici\u00f3n y no tanto a dos proyectos estancos. \u201cLa idea era que los cuadros convivieran y dialogaran\u201d, apunt\u00f3 L\u00f3pez.<\/p>\n<p>Y es ah\u00ed mismo donde radica el esp\u00edritu de la exposici\u00f3n, un recorrido que hila las piezas de ambos en una mismo recorrido, un encuentro que acent\u00faa sus puntos en com\u00fan y, c\u00f3mo no, tambi\u00e9n deja al descubierto sus diferencias. \u201cLa factura es totalmente distinta. La suya es m\u00e1s met\u00f3dica y la m\u00eda m\u00e1s primitiva, m\u00e1s vinculada con el rito. No es violencia, pero hay mucha intensidad\u201d, se\u00f1al\u00f3 Yd\u00e1\u00f1ez. \u201cEn la obra de Santiago la pintura est\u00e1 en la superficie y yo siempre intento que est\u00e9 detr\u00e1s de la trama\u201d, a\u00f1adi\u00f3 L\u00f3pez.<\/p>\n<p>&#13;<br \/>\n<img decoding=\"async\" alt=\"\" itemprop=\"url\" src=\"https:\/\/www.europesays.com\/es\/wp-content\/uploads\/2025\/11\/articulos-1728265.jpg\" title=\" - \"\/>&#13;<\/p>\n<p>Las diferencias son l\u00f3gicas, aunque en este caso es en los puntos de uni\u00f3n donde se sit\u00faa el eje del proyecto, que crea un recorrido en el que los blancos y negros, retratos, paisajes o miradas hist\u00f3ricas de ambos se presentan en un juego de dobles miradas. \u201cRelaciones simb\u00f3licas y gestuales, la importancia del tempo, el retrato, los paisajes, la relaci\u00f3n con la naturaleza o con el cuerpo, la violencia y los acontecimientos hist\u00f3ricos, se entrelazan en este di\u00e1logo doble\u201d, apunt\u00f3 el presidente de la Fundaci\u00f3n Chirivella Soriano, <strong>Manuel Chirivella<\/strong>.<\/p>\n<p>Ambos artistas regresan al centro cultural a\u00f1os despu\u00e9s de protagonizar las muestras individuales El brillo del sapo (2007) y Lo real hecho sagrado (2010), una mirada al pasado que sirve de punto de partida para la construcci\u00f3n de este nuevo relato a dos voces, una muestra que aprovecha su sinton\u00eda \u201cideol\u00f3gica y est\u00e9tica\u201d, se\u00f1al\u00f3 Chirivella, para propone un di\u00e1logo excepcional entre dos pesos pesados de la pintura espa\u00f1ola contempor\u00e1nea.<\/p>\n<p>&#13;<br \/>\n<img decoding=\"async\" alt=\"\" itemprop=\"url\" src=\"https:\/\/www.europesays.com\/es\/wp-content\/uploads\/2025\/11\/articulos-1728267.jpg\" title=\" - \"\/>&#13;<\/p>\n<p><strong>El huevo o la gallina<\/strong><\/p>\n<p>El huevo o la gallina es el t\u00edtulo de la segunda propuesta que inaugura la\u00a0Fundaci\u00f3n Chirivella Soriano para despedir el a\u00f1o, un proyecto de la castellonense <strong>Estefan\u00eda Serrano<\/strong> que parte de una cuesti\u00f3n que nos lleva directamente a la idea de origen, de principio. \u201c\u00bfDe d\u00f3nde parte la l\u00ednea?\u201d. Esta es la pregunta que da origen al proyecto, que la fundaci\u00f3n presenta en colaboraci\u00f3n con el M\u00e1ster de Producci\u00f3n Art\u00edstica de la UPV, siendo la propuesta seleccionada en la XII edici\u00f3n de la Convocatoria Sala d\u2019Arcs, que nace para para impulsar la carrera de creadores emergentes.\u00a0<\/p>\n<p>\u201cEs tan dif\u00edcil la carrera en este mundo que acompa\u00f1arlos es fundamental\u201d, reflexion\u00f3 la Vicedecana de la Facultad de Bellas Artes de San Carlos UPV,\u00a0<strong>Laura Silvestre,\u00a0<\/strong>que comisaria la muestra junto al t\u00e9cnico de la Fundaci\u00f3n Chirivella Soriano,\u00a0<strong>Daniel Elvira<\/strong>. Con todo, no es el primer \u2018\u00e9xito\u2019 de Serrano, que ya recibi\u00f3 el Premio Nacional de Pintura Bellas Artes de San Carles 2025 y ha sido una de las seleccionadas de PAMPAM! 2025.<\/p>\n<p>En esta ocasi\u00f3n despliega una serie de piezas que transforman esa pregunta cl\u00e1sica, ese huevo o gallina, en una reflexi\u00f3n visual sobre el origen y la secuencia, un trabajo con el que indaga en los fundamentos de la forma y del pensamiento geom\u00e9trico. Aqu\u00ed, el dilema entre causa y consecuencia se materializa en la l\u00ednea, un ejercicio da pie a una obra cargada de ritmo. \u201cEs un t\u00edtulo que trata de acercar una obra pict\u00f3rica y geom\u00e9trica hacia un p\u00fablico m\u00e1s amplio, relacionando la l\u00ednea geom\u00e9trica y la l\u00ednea natural. A nivel pl\u00e1stico, tambi\u00e9n mediante la proporci\u00f3n \u00e1urea, presente en la naturaleza\u201d, se\u00f1al\u00f3 la artista durante la presentaci\u00f3n.<\/p>\n<p>&#13;<br \/>\n<img decoding=\"async\" alt=\"\" itemprop=\"url\" src=\"https:\/\/www.europesays.com\/es\/wp-content\/uploads\/2025\/11\/articulos-1728264.jpg\" title=\" - \"\/>&#13;<\/p>\n","protected":false},"excerpt":{"rendered":"VAL\u00c8NCIA. \u201cNo es casualidad\u201d. Estas palabras las desliz\u00f3 el artista Chema L\u00f3pez (Albacete, 1969) durante la presentaci\u00f3n de&hellip;\n","protected":false},"author":2,"featured_media":262497,"comment_status":"","ping_status":"","sticky":false,"template":"","format":"standard","meta":{"footnotes":""},"categories":[173],"tags":[229,233,231,230,232,234,146,147,25,24,23],"class_list":{"0":"post-262496","1":"post","2":"type-post","3":"status-publish","4":"format-standard","5":"has-post-thumbnail","7":"category-arte-y-diseno","8":"tag-arte","9":"tag-arte-y-diseno","10":"tag-arts","11":"tag-arts-and-design","12":"tag-design","13":"tag-diseno","14":"tag-entertainment","15":"tag-entretenimiento","16":"tag-es","17":"tag-espana","18":"tag-spain"},"share_on_mastodon":{"url":"https:\/\/pubeurope.com\/@es\/115634590790182519","error":""},"_links":{"self":[{"href":"https:\/\/www.europesays.com\/es\/wp-json\/wp\/v2\/posts\/262496","targetHints":{"allow":["GET"]}}],"collection":[{"href":"https:\/\/www.europesays.com\/es\/wp-json\/wp\/v2\/posts"}],"about":[{"href":"https:\/\/www.europesays.com\/es\/wp-json\/wp\/v2\/types\/post"}],"author":[{"embeddable":true,"href":"https:\/\/www.europesays.com\/es\/wp-json\/wp\/v2\/users\/2"}],"replies":[{"embeddable":true,"href":"https:\/\/www.europesays.com\/es\/wp-json\/wp\/v2\/comments?post=262496"}],"version-history":[{"count":0,"href":"https:\/\/www.europesays.com\/es\/wp-json\/wp\/v2\/posts\/262496\/revisions"}],"wp:featuredmedia":[{"embeddable":true,"href":"https:\/\/www.europesays.com\/es\/wp-json\/wp\/v2\/media\/262497"}],"wp:attachment":[{"href":"https:\/\/www.europesays.com\/es\/wp-json\/wp\/v2\/media?parent=262496"}],"wp:term":[{"taxonomy":"category","embeddable":true,"href":"https:\/\/www.europesays.com\/es\/wp-json\/wp\/v2\/categories?post=262496"},{"taxonomy":"post_tag","embeddable":true,"href":"https:\/\/www.europesays.com\/es\/wp-json\/wp\/v2\/tags?post=262496"}],"curies":[{"name":"wp","href":"https:\/\/api.w.org\/{rel}","templated":true}]}}