{"id":262498,"date":"2025-11-29T19:17:10","date_gmt":"2025-11-29T19:17:10","guid":{"rendered":"https:\/\/www.europesays.com\/es\/262498\/"},"modified":"2025-11-29T19:17:10","modified_gmt":"2025-11-29T19:17:10","slug":"evacuan-la-sede-de-la-cadena-publica-francesa-france-televisions-tras-una-amenaza-de-bomba","status":"publish","type":"post","link":"https:\/\/www.europesays.com\/es\/262498\/","title":{"rendered":"Evac\u00faan la sede de la cadena p\u00fablica francesa France T\u00e9l\u00e9visions tras una amenaza de bomba"},"content":{"rendered":"<p>La sede de France T\u00e9l\u00e9visions ha sido evacuada durante la tarde del s\u00e1bado, tras recibir una amenaza de bomba. Como apunta FranceInfo, la polic\u00eda y una unidad canina se ha desplazado hasta el lugar de los hechos para investigar y tanto la emisora de radio como el sitio web se han visto interrumpidos. Hace dos semanas la cadena BFMTV tambi\u00e9n ubicada en Par\u00eds, tuvo que ser evacuada en condiciones similares, provocando cortes en la programaci\u00f3n. Finalmente, no se hallaron objetos sospechosos.<\/p>\n<p><b>((ESTA NOTICIA EST\u00c1 SIENDO AMPLIADA))<\/b><\/p>\n","protected":false},"excerpt":{"rendered":"La sede de France T\u00e9l\u00e9visions ha sido evacuada durante la tarde del s\u00e1bado, tras recibir una amenaza de&hellip;\n","protected":false},"author":2,"featured_media":262499,"comment_status":"","ping_status":"","sticky":false,"template":"","format":"standard","meta":{"footnotes":""},"categories":[171],"tags":[146,147,25,24,23,214],"class_list":{"0":"post-262498","1":"post","2":"type-post","3":"status-publish","4":"format-standard","5":"has-post-thumbnail","7":"category-tv","8":"tag-entertainment","9":"tag-entretenimiento","10":"tag-es","11":"tag-espana","12":"tag-spain","13":"tag-tv"},"share_on_mastodon":{"url":"https:\/\/pubeurope.com\/@es\/115634598475988145","error":""},"_links":{"self":[{"href":"https:\/\/www.europesays.com\/es\/wp-json\/wp\/v2\/posts\/262498","targetHints":{"allow":["GET"]}}],"collection":[{"href":"https:\/\/www.europesays.com\/es\/wp-json\/wp\/v2\/posts"}],"about":[{"href":"https:\/\/www.europesays.com\/es\/wp-json\/wp\/v2\/types\/post"}],"author":[{"embeddable":true,"href":"https:\/\/www.europesays.com\/es\/wp-json\/wp\/v2\/users\/2"}],"replies":[{"embeddable":true,"href":"https:\/\/www.europesays.com\/es\/wp-json\/wp\/v2\/comments?post=262498"}],"version-history":[{"count":0,"href":"https:\/\/www.europesays.com\/es\/wp-json\/wp\/v2\/posts\/262498\/revisions"}],"wp:featuredmedia":[{"embeddable":true,"href":"https:\/\/www.europesays.com\/es\/wp-json\/wp\/v2\/media\/262499"}],"wp:attachment":[{"href":"https:\/\/www.europesays.com\/es\/wp-json\/wp\/v2\/media?parent=262498"}],"wp:term":[{"taxonomy":"category","embeddable":true,"href":"https:\/\/www.europesays.com\/es\/wp-json\/wp\/v2\/categories?post=262498"},{"taxonomy":"post_tag","embeddable":true,"href":"https:\/\/www.europesays.com\/es\/wp-json\/wp\/v2\/tags?post=262498"}],"curies":[{"name":"wp","href":"https:\/\/api.w.org\/{rel}","templated":true}]}}