{"id":262504,"date":"2025-11-29T19:20:13","date_gmt":"2025-11-29T19:20:13","guid":{"rendered":"https:\/\/www.europesays.com\/es\/262504\/"},"modified":"2025-11-29T19:20:13","modified_gmt":"2025-11-29T19:20:13","slug":"flick-no-tenemos-la-intensidad-ni-el-control-del-ano-pasado-futbol-deportes","status":"publish","type":"post","link":"https:\/\/www.europesays.com\/es\/262504\/","title":{"rendered":"Flick: \u201cNo tenemos la intensidad ni el control del a\u00f1o pasado\u201d | F\u00fatbol | Deportes"},"content":{"rendered":"<p class=\"\"><a href=\"https:\/\/elpais.com\/espana\/catalunya\/2025-09-25\/guerra-abierta-entre-el-fc-barcelona-y-el-ayuntamiento-por-las-obras-del-camp-nou.html\" target=\"_blank\" rel=\"noreferrer nofollow noopener\" title=\"https:\/\/elpais.com\/espana\/catalunya\/2025-09-25\/guerra-abierta-entre-el-fc-barcelona-y-el-ayuntamiento-por-las-obras-del-camp-nou.html\">El fr\u00edo Montju\u00efc no es el Camp Nou<\/a>. Y no lo es ni siquiera cuando la casa del Barcelona est\u00e1 en construcci\u00f3n. En la nueva-vieja casa del Barcelona, la afici\u00f3n se encarg\u00f3 de recordar a Messi, de alabar los regresos de Raphinha y Pedri, como tambi\u00e9n un parte del p\u00fablico mostr\u00f3 su descontento con el presidente Joan Laporta: \u201cQueremos la grada de animaci\u00f3n\u201d, \u201cBar\u00e7a s\u00ed, Laporta no\u201d. La alegr\u00eda en la salida tras la trabajada victoria del equipo de Hansi Flick frente al Alav\u00e9s contrast\u00f3 con la amargura de miles de aficionados en su llegada al Camp Nou.<\/p>\n<p>M\u00e1s informaci\u00f3n<\/p>\n<p class=\"\"><a href=\"https:\/\/elpais.com\/deportes\/futbol\/2025-11-22\/inspirador-messi-el-barca-regresa-al-camp-nou.html\" target=\"_blank\" rel=\"noreferrer nofollow noopener\" title=\"https:\/\/elpais.com\/deportes\/futbol\/2025-11-22\/inspirador-messi-el-barca-regresa-al-camp-nou.html\">Un fallo t\u00e9cnico sin precedentes en la app de socios <\/a>del Barcelona dej\u00f3 sin poder descargar sus entradas a m\u00e1s de 2.000 aficionados para el partido contra el Alav\u00e9s en el Spotify Camp Nou. El club habilit\u00f3 seis ventanillas en el Auditori 1899, pero las colas se extend\u00edan desde el auditorio hasta Travessera de les Corts, una situaci\u00f3n que oblig\u00f3 a muchos socios a esperar m\u00e1s de una hora por su entrada y a otros a acceder tarde al estadio cuando el partido ya hab\u00eda comenzado. Frente al caos, media hora antes del encuentro, el Bar\u00e7a anunci\u00f3 que el problema hab\u00eda sido resuelto mediante el env\u00edo de los PDF de las entradas por correo electr\u00f3nico. No todos los afectados, sin embargo, los recibieron a tiempo. Para evitar mayores incidencias, los empleados permitieron el acceso mostrando confirmaciones de correo o SMS, dejando a centenares de socios sin conocer su asiento exacto.<\/p>\n<p class=\"\">La frustraci\u00f3n de la grada la apacigu\u00f3 de alguna manera el retorno de Pedri, el aporte goleador de Dani Olmo y el despertar de Raphinha. El brasile\u00f1o result\u00f3 la inspiraci\u00f3n del equipo de Flick. \u201cRaphinha es un jugador que siempre est\u00e1 en nuestra din\u00e1mica de equipo; para m\u00ed es muy importante. Es muy intenso y presiona. Eso hace que el resto tambi\u00e9n presione. Es bueno que haya vuelto; nos mejora para los siguientes partidos, pero lo importante son los tres puntos\u201d, destac\u00f3 Hansi Flick.<\/p>\n<p class=\"\">Es justamente la intensidad, la gran preocupaci\u00f3n de Flick, sobre todo cuando lo compara con su equipo la pasada campa\u00f1a: \u201cNo tenemos tanto control ni intensidad como ten\u00edamos el a\u00f1o pasado. Me han dicho que en la 14 jornada del a\u00f1o pasado ten\u00edamos los mismos puntos que ahora. Debemos mejorar a pesar de las lesiones que hemos tenido\u201d. <\/p>\n<p class=\"\">En la misma l\u00ednea, Raphinha explic\u00f3: \u201cAcostumbro a decir que la mejor defensa empieza en el ataque; lo m\u00e1s importante es que podamos ayudar a la defensa con la presi\u00f3n. Intento facilitar el trabajo a nuestros defensas y hacer m\u00e1s complicado el juego para el rival. Intento presionar y quitar espacio a los centrales del otro equipo para que nosotros tengamos el bal\u00f3n. Es bueno que el equipo vaya detr\u00e1s de m\u00ed en la presi\u00f3n, pero lo que hago muchas veces es sin pensar. Solo corro para intentar recuperar el bal\u00f3n lo antes posible\u201d.<\/p>\n<p class=\"\">Aunque en los registros oficiales solo le contabilizan una asistencia, Raphinha fue clave en los dos primeros goles del Barcelona. \u201cNo pasa nada que me cuenten una asistencia; lo m\u00e1s importante es que Lamine haya podido marcar y empatar el partido. Intento dar lo mejor en los minutos que estoy en el equipo. Poder empezar en el once es algo que me pone contento, pero lo que hago es ayudar al equipo al m\u00e1ximo y estoy contento por esto\u201d, explic\u00f3 el delantero brasile\u00f1o.<\/p>\n<p class=\"\">Fue el primer partido de Raphinha como titular desde que regres\u00f3 de la lesi\u00f3n, mientras que Flick no quiso asegurar la titularidad de Pedri frente al Atl\u00e9tico el pr\u00f3ximo martes, despu\u00e9s de que el canario jugara media hora contra el Alav\u00e9s. \u201cTenemos que ver&#8230; no hay muchos d\u00edas entre los dos partidos. \u00c9l est\u00e1 bien\u201d, expuso Flick. Y remat\u00f3: \u201cEn la primera parte tuvimos muchas oportunidades de marcar gol; en la segunda tambi\u00e9n. Estoy feliz por los tres puntos, aunque tenemos muchas cosas que mejorar. Hoy hemos tenido los dos polos. Tenemos que trabajar en eso\u201d. El Bar\u00e7a gan\u00f3, pero no convenci\u00f3 al entrenador. Tampoco el Barcelona a la hinchada: ni el equipo en el campo ni la gesti\u00f3n de Laporta.<\/p>\n","protected":false},"excerpt":{"rendered":"El fr\u00edo Montju\u00efc no es el Camp Nou. Y no lo es ni siquiera cuando la casa del&hellip;\n","protected":false},"author":2,"featured_media":262505,"comment_status":"","ping_status":"","sticky":false,"template":"","format":"standard","meta":{"footnotes":""},"categories":[93],"tags":[1540,168,13894,1539,25,24,881,4970,282,1538,1210,16809,11679,23,167],"class_list":{"0":"post-262504","1":"post","2":"type-post","3":"status-publish","4":"format-standard","5":"has-post-thumbnail","7":"category-deportes","8":"tag-competiciones","9":"tag-deportes","10":"tag-deportivo-alaves","11":"tag-entrenadores","12":"tag-es","13":"tag-espana","14":"tag-fc-barcelona","15":"tag-flick","16":"tag-futbol","17":"tag-futbolistas","18":"tag-laliga-ea-sports","19":"tag-pedri","20":"tag-raphinha","21":"tag-spain","22":"tag-sports"},"share_on_mastodon":{"url":"https:\/\/pubeurope.com\/@es\/115634610270632360","error":""},"_links":{"self":[{"href":"https:\/\/www.europesays.com\/es\/wp-json\/wp\/v2\/posts\/262504","targetHints":{"allow":["GET"]}}],"collection":[{"href":"https:\/\/www.europesays.com\/es\/wp-json\/wp\/v2\/posts"}],"about":[{"href":"https:\/\/www.europesays.com\/es\/wp-json\/wp\/v2\/types\/post"}],"author":[{"embeddable":true,"href":"https:\/\/www.europesays.com\/es\/wp-json\/wp\/v2\/users\/2"}],"replies":[{"embeddable":true,"href":"https:\/\/www.europesays.com\/es\/wp-json\/wp\/v2\/comments?post=262504"}],"version-history":[{"count":0,"href":"https:\/\/www.europesays.com\/es\/wp-json\/wp\/v2\/posts\/262504\/revisions"}],"wp:featuredmedia":[{"embeddable":true,"href":"https:\/\/www.europesays.com\/es\/wp-json\/wp\/v2\/media\/262505"}],"wp:attachment":[{"href":"https:\/\/www.europesays.com\/es\/wp-json\/wp\/v2\/media?parent=262504"}],"wp:term":[{"taxonomy":"category","embeddable":true,"href":"https:\/\/www.europesays.com\/es\/wp-json\/wp\/v2\/categories?post=262504"},{"taxonomy":"post_tag","embeddable":true,"href":"https:\/\/www.europesays.com\/es\/wp-json\/wp\/v2\/tags?post=262504"}],"curies":[{"name":"wp","href":"https:\/\/api.w.org\/{rel}","templated":true}]}}