{"id":262506,"date":"2025-11-29T19:21:11","date_gmt":"2025-11-29T19:21:11","guid":{"rendered":"https:\/\/www.europesays.com\/es\/262506\/"},"modified":"2025-11-29T19:21:11","modified_gmt":"2025-11-29T19:21:11","slug":"unos-1-300-extremenos-conviven-con-el-vih-el-18-sin-saberlo","status":"publish","type":"post","link":"https:\/\/www.europesays.com\/es\/262506\/","title":{"rendered":"Unos 1.300 extreme\u00f1os conviven con el VIH, el 18% sin saberlo"},"content":{"rendered":"<p>El Comit\u00e9 Antisida de Extremadura (CAEX) estima que entre 1.300 y 1.500 personas viven con VIH en la regi\u00f3n, aunque alrededor del 18 % de los infectados desconocen su estado serol\u00f3gico, lo que dificulta la detecci\u00f3n temprana y el control de la transmisi\u00f3n.<\/p>\n<p>Los nuevos contagios se concentran mayoritariamente en la poblaci\u00f3n joven, especialmente en el rango de 15 a 25 a\u00f1os, seg\u00fan los datos manejados por el comit\u00e9. Por ello, la prevenci\u00f3n y la detecci\u00f3n temprana se consideran fundamentales para frenar la expansi\u00f3n del virus.<\/p>\n<p>Estas cifras se han difundido en el marco del acto conmemorativo del D\u00eda Mundial del VIH-Sida, celebrado en el Ayuntamiento de Badajoz, que incluy\u00f3 la colocaci\u00f3n de un gran lazo rojo en el balc\u00f3n del palacio municipal. El evento reuni\u00f3 a representantes de asociaciones y fundaciones vinculadas al VIH\/Sida y a las autoridades locales.<\/p>\n<p>El acto record\u00f3 que, a pesar de los avances m\u00e9dicos y cient\u00edficos que permiten hoy vivir con VIH con calidad y esperanza, persisten barreras sociales y sanitarias, como el estigma, la discriminaci\u00f3n y las desigualdades en el acceso a los servicios de salud.<\/p>\n<p>Adem\u00e1s, se destac\u00f3 la importancia de la educaci\u00f3n, la investigaci\u00f3n y la cooperaci\u00f3n comunitaria como estrategias esenciales para continuar la lucha contra la enfermedad, garantizar los derechos y la dignidad de las personas afectadas y avanzar hacia una mayor prevenci\u00f3n y tratamiento efectivo.<\/p>\n<p>El programa conmemorativo sirvi\u00f3 tambi\u00e9n para honrar la memoria de quienes han fallecido por la enfermedad y apoyar a quienes actualmente viven con VIH en Extremadura, reafirmando la necesidad de mantener la conciencia social y el compromiso colectivo frente a esta epidemia.<\/p>\n","protected":false},"excerpt":{"rendered":"El Comit\u00e9 Antisida de Extremadura (CAEX) estima que entre 1.300 y 1.500 personas viven con VIH en la&hellip;\n","protected":false},"author":2,"featured_media":262507,"comment_status":"","ping_status":"","sticky":false,"template":"","format":"standard","meta":{"footnotes":""},"categories":[92],"tags":[25,24,165,166,23],"class_list":{"0":"post-262506","1":"post","2":"type-post","3":"status-publish","4":"format-standard","5":"has-post-thumbnail","7":"category-salud","8":"tag-es","9":"tag-espana","10":"tag-health","11":"tag-salud","12":"tag-spain"},"share_on_mastodon":{"url":"https:\/\/pubeurope.com\/@es\/115634614157511417","error":""},"_links":{"self":[{"href":"https:\/\/www.europesays.com\/es\/wp-json\/wp\/v2\/posts\/262506","targetHints":{"allow":["GET"]}}],"collection":[{"href":"https:\/\/www.europesays.com\/es\/wp-json\/wp\/v2\/posts"}],"about":[{"href":"https:\/\/www.europesays.com\/es\/wp-json\/wp\/v2\/types\/post"}],"author":[{"embeddable":true,"href":"https:\/\/www.europesays.com\/es\/wp-json\/wp\/v2\/users\/2"}],"replies":[{"embeddable":true,"href":"https:\/\/www.europesays.com\/es\/wp-json\/wp\/v2\/comments?post=262506"}],"version-history":[{"count":0,"href":"https:\/\/www.europesays.com\/es\/wp-json\/wp\/v2\/posts\/262506\/revisions"}],"wp:featuredmedia":[{"embeddable":true,"href":"https:\/\/www.europesays.com\/es\/wp-json\/wp\/v2\/media\/262507"}],"wp:attachment":[{"href":"https:\/\/www.europesays.com\/es\/wp-json\/wp\/v2\/media?parent=262506"}],"wp:term":[{"taxonomy":"category","embeddable":true,"href":"https:\/\/www.europesays.com\/es\/wp-json\/wp\/v2\/categories?post=262506"},{"taxonomy":"post_tag","embeddable":true,"href":"https:\/\/www.europesays.com\/es\/wp-json\/wp\/v2\/tags?post=262506"}],"curies":[{"name":"wp","href":"https:\/\/api.w.org\/{rel}","templated":true}]}}