{"id":262508,"date":"2025-11-29T19:22:12","date_gmt":"2025-11-29T19:22:12","guid":{"rendered":"https:\/\/www.europesays.com\/es\/262508\/"},"modified":"2025-11-29T19:22:12","modified_gmt":"2025-11-29T19:22:12","slug":"alba-carrillo-no-calla-mas-con-lo-que-le-hizo-alessandro-lequio-tras-su-despido-de-mediaset-es-hora-de-limpiar","status":"publish","type":"post","link":"https:\/\/www.europesays.com\/es\/262508\/","title":{"rendered":"Alba Carrillo no calla m\u00e1s con lo que le hizo Alessandro Lequio tras su despido de Mediaset: \u00abEs hora de limpiar&#8230;\u00bb"},"content":{"rendered":"<p>Antonia Dell&#8217;Atte se ha convertido esta semana en la gran protagonista del 25-N en TVE justo despu\u00e9s del fulminante despido de Alessandro Lequio en Mediaset. Este s\u00e1bado en &#8216;D Coraz\u00f3n&#8217; han analizado las declaraciones de la italiana y Alba Carrillo ha sido muy contundente.<\/p>\n<p>Nada m\u00e1s recordar algunas de las declaraciones de Antonia Dell&#8217;Atte, &#8216;D Coraz\u00f3n&#8217; conectaba con Carlota Corredera. La presentadora de &#8216;No somos nadie&#8217; destacaba lo \u00abvaliente\u00bb que ha sido siempre la modelo al denunciar el acoso que recibi\u00f3 por parte de su ex marido y padre de su hijo Clemente. \u00abElla lleva hablando toda la vida sobre esto, pero yo soy la primera que se trag\u00f3 esta narrativa de que era una loca despechada.\u00a0<strong>Parece que han tenido que pasar todos estos a\u00f1os para que se la crea<\/strong>\u00ab,\u00a0confesaba la gallega.<\/p>\n<p>Era eentonces cuando Alba Carrillo tomaba la palabra para mostrar su testimonio sobre c\u00f3mo se comport\u00f3 Alessandro Lequio con ella cuando ambos estaban trabajando en Mediaset y en la productora de Ana Rosa. <\/p>\n<p>\u00ab<strong>A m\u00ed me ha tratado mal. Yo soy una de las v\u00edctimas<\/strong>. Le quit\u00e9 una demanda porque su hijo estaba malito y me parec\u00eda humano no rascar en ese momento. Pero <strong>a m\u00ed me acus\u00f3 pr\u00e1cticamente de prostituci\u00f3n.\u00a0Es una persona que ha hecho da\u00f1o a much\u00edsimas mujeres<\/strong>\u00ab, recalcaba la colaboradora de &#8216;D Coraz\u00f3n&#8217;.<\/p>\n<p>Alba Carrillo alza la voz contra Lequio en TVE<\/p>\n<p><img loading=\"lazy\" decoding=\"async\" width=\"1200\" height=\"684\" src=\"data:image\/svg+xml,%3Csvg%20xmlns=\" http:=\"\" alt=\"\" class=\"wp-image-924586\" data-lazy- data-lazy- data-lazy-src=\"https:\/\/www.europesays.com\/es\/wp-content\/uploads\/2025\/11\/Screenshot_20251129_164518_rtve.tablet.android_edit_243344554773283-1200x684.jpg\"\/><\/p>\n<p>Por todo ello, Alba Carrillo ha sido muy clara al celebrar que a Lequio le hayan despedido de Telecinco. <strong>\u00abEs hora de limpiar a este tipo de hombres\u00bb<\/strong>, sentenciaba. Adem\u00e1s no dudaba en mostrar su indignaci\u00f3n porque se hable de las denuncias falsas y se de voz a discursos machistas y ultraderechistas en contra de la violencia de g\u00e9nero. \u00ab<strong>Ya est\u00e1 bien de que le demos cabida a los testimonios de que las mujeres falsifican o demandan cosas que no son verdad.\u00a0<\/strong>Son \u00ednfimas las mujeres que demandan sin tener conciencia de ello\u00bb, a\u00f1ad\u00eda.<\/p>\n<p>Algo a lo que Carlota Corredera se sumaba dejando claro que \u00ab<strong>durante mucho tiempo no se cre\u00eda a las mujeres\u00bb<\/strong> y se las cuestionaba. Algo que empez\u00f3 a cambiar gracias a la docuserie de Roc\u00edo Carrasco. \u00abPor eso es tan importante que, despu\u00e9s de tantos a\u00f1os de lucha, le demos voz y credibilidad a Antonia.\u00a0<strong>Las mujeres famosas son tambi\u00e9n la voz de las an\u00f3nimas<\/strong>. Para Antonia es una victoria de las mujeres que no est\u00e1n\u00bb, terminaba apuntando la presentadora. <\/p>\n","protected":false},"excerpt":{"rendered":"Antonia Dell&#8217;Atte se ha convertido esta semana en la gran protagonista del 25-N en TVE justo despu\u00e9s del&hellip;\n","protected":false},"author":2,"featured_media":262509,"comment_status":"","ping_status":"","sticky":false,"template":"","format":"standard","meta":{"footnotes":""},"categories":[91],"tags":[146,147,25,24,23],"class_list":{"0":"post-262508","1":"post","2":"type-post","3":"status-publish","4":"format-standard","5":"has-post-thumbnail","7":"category-entretenimiento","8":"tag-entertainment","9":"tag-entretenimiento","10":"tag-es","11":"tag-espana","12":"tag-spain"},"share_on_mastodon":{"url":"https:\/\/pubeurope.com\/@es\/115634618523928548","error":""},"_links":{"self":[{"href":"https:\/\/www.europesays.com\/es\/wp-json\/wp\/v2\/posts\/262508","targetHints":{"allow":["GET"]}}],"collection":[{"href":"https:\/\/www.europesays.com\/es\/wp-json\/wp\/v2\/posts"}],"about":[{"href":"https:\/\/www.europesays.com\/es\/wp-json\/wp\/v2\/types\/post"}],"author":[{"embeddable":true,"href":"https:\/\/www.europesays.com\/es\/wp-json\/wp\/v2\/users\/2"}],"replies":[{"embeddable":true,"href":"https:\/\/www.europesays.com\/es\/wp-json\/wp\/v2\/comments?post=262508"}],"version-history":[{"count":0,"href":"https:\/\/www.europesays.com\/es\/wp-json\/wp\/v2\/posts\/262508\/revisions"}],"wp:featuredmedia":[{"embeddable":true,"href":"https:\/\/www.europesays.com\/es\/wp-json\/wp\/v2\/media\/262509"}],"wp:attachment":[{"href":"https:\/\/www.europesays.com\/es\/wp-json\/wp\/v2\/media?parent=262508"}],"wp:term":[{"taxonomy":"category","embeddable":true,"href":"https:\/\/www.europesays.com\/es\/wp-json\/wp\/v2\/categories?post=262508"},{"taxonomy":"post_tag","embeddable":true,"href":"https:\/\/www.europesays.com\/es\/wp-json\/wp\/v2\/tags?post=262508"}],"curies":[{"name":"wp","href":"https:\/\/api.w.org\/{rel}","templated":true}]}}