{"id":262516,"date":"2025-11-29T19:27:15","date_gmt":"2025-11-29T19:27:15","guid":{"rendered":"https:\/\/www.europesays.com\/es\/262516\/"},"modified":"2025-11-29T19:27:15","modified_gmt":"2025-11-29T19:27:15","slug":"num-02-2025-el-patio-colorao","status":"publish","type":"post","link":"https:\/\/www.europesays.com\/es\/262516\/","title":{"rendered":"N\u00fam. 02 (2025) \u2013 El Patio Colorao"},"content":{"rendered":"<p>El Patio Colorao. Revista de arte y patrimonio andaluz<\/p>\n<p><a href=\"https:\/\/www.upo.es\/patio-colorado\/nuestra-revista\/numeros\/num-02-2025\/cover-page-2\/\" target=\"_blank\" rel=\"attachment noopener wp-att-10387 nofollow\"><img loading=\"lazy\" decoding=\"async\" class=\"aligncenter wp-image-10387 size-large\" title=\"Portada N\u00fam. 02 (2025)\" src=\"https:\/\/www.europesays.com\/es\/wp-content\/uploads\/2025\/11\/Cover-Page-715x1024.png\" alt=\"\" width=\"715\" height=\"1024\"  \/><\/a><\/p>\n<p class=\"cvGsUA direction-ltr align-justify para-style-body\" style=\"text-align: justify;\">Este n\u00famero contin\u00faa abordando el patrimonio de los pueblos, pero desde otra perspectiva: un patrimonio hecho por y para el pueblo.\u00a0<\/p>\n<p class=\"cvGsUA direction-ltr align-justify para-style-body\" style=\"text-align: justify;\">Re\u00fane ocho art\u00edculos distribuidos en tres secciones:<\/p>\n<p style=\"text-align: justify;\">La primera, \u00abExpresiones populares y fiestas\u00bb, recorre distintas manifestaciones culturales andaluzas, desde nuevas formas de representaci\u00f3n hasta celebraciones hist\u00f3ricas y espacios festivos cargados de significado social.<\/p>\n<p class=\"cvGsUA direction-ltr align-justify para-style-body\" style=\"text-align: justify;\">La segunda, \u00abVoces y Resistencia\u00bb, mantiene vivo ese esp\u00edritu reivindicativo. Pone el foco en figuras y expresiones art\u00edsticas que han contribuido a mantener viva la memoria, la identidad y las luchas colectivas.<\/p>\n<p class=\"cvGsUA direction-ltr align-justify para-style-body\" style=\"text-align: justify;\">La tercera, \u00abRa\u00edces\u00bb, profundiza en los or\u00edgenes ling\u00fc\u00edsticos, art\u00edsticos y devocionales que han marcado la construcci\u00f3n del patrimonio andaluz.<\/p>\n<p>Much\u00edsimas gracias a todas las personas que hab\u00e9is hecho posible este n\u00famero.\u00a0<\/p>\n<p>\u00a1Feliz lectura!<\/p>\n<p>\t\t\t\t\t\t\t\t\t\u2014\u25ca\u2014\u2014\u25ca\u2014Expresiones populares y fiestas<\/p>\n<p>Cabrera Oliva, Jos\u00e9 Antonio. \u00abBlasphemous: una aproximaci\u00f3n a los nuevos usos del patrimonio andaluz\u00bb. El Patio Colorao. Revista de arte y patrimonio andaluz n.\u00ba 02 (2025): 7-16.\u00a0<\/p>\n<p style=\"padding-left: 40px;\"><a href=\"https:\/\/acrobat.adobe.com\/id\/urn:aaid:sc:EU:34b01f6e-5f75-4e54-859c-e14131f5e962\" target=\"_blank\" rel=\"noopener nofollow\">PDF<\/a><\/p>\n<p>Carbonell Mart\u00edn, Luc\u00eda. \u00abLa Feria de Abril: un recorrido por toda su evoluci\u00f3n\u00bb. El Patio Colorao. Revista de arte y patrimonio andaluz n.\u00ba 02 (2025): 17-27.<\/p>\n<p style=\"padding-left: 40px;\"><a href=\"https:\/\/acrobat.adobe.com\/id\/urn:aaid:sc:EU:1650dd97-fb2a-4e31-a47f-012e245b0a35\" target=\"_blank\" rel=\"noopener nofollow\">PDF<\/a><\/p>\n<p>Reguera March\u00e1n, Nazaret. \u00abPasado, carnaval y mujer. El carnaval durante la dictadura y el papel de la mujer carnavalera\u00bb. El Patio Colorao. Revista de arte y patrimonio andaluz n.\u00ba 02 (2025): 28-35.<\/p>\n<p style=\"padding-left: 40px;\"><a href=\"https:\/\/acrobat.adobe.com\/id\/urn:aaid:sc:EU:22bb18a0-23ed-458b-8730-07800ba8db16\" target=\"_blank\" rel=\"noopener nofollow\">PDF<\/a><\/p>\n<p>\u2014\u25ca\u2014Voces y Resistencia<\/p>\n<p>Garc\u00eda Salgado, Elena. \u00abMujeres andaluzas rescatadas de la sombra\u00bb. El Patio Colorao. Revista de arte y patrimonio andaluz n.\u00ba 02 (2025): 37-46.<\/p>\n<p style=\"padding-left: 40px;\"><a href=\"https:\/\/acrobat.adobe.com\/id\/urn:aaid:sc:EU:fb6b2318-2153-4018-9fc4-e926c616077e\" target=\"_blank\" rel=\"noopener nofollow\">PDF<\/a><\/p>\n<p>Yuste Mu\u00f1oz, Jaime. \u00abLa copla andaluza y sus modelos de feminidad y g\u00e9nero frente a la censura franquista\u00bb. El Patio Colorao. Revista de arte y patrimonio andaluz n.\u00ba 02 (2025): 47-62.<\/p>\n<p style=\"padding-left: 40px;\"><a href=\"https:\/\/acrobat.adobe.com\/id\/urn:aaid:sc:EU:bc89de3d-0302-4669-a8ed-fcb5c8d04139\" target=\"_blank\" rel=\"noopener nofollow\">PDF<\/a><\/p>\n<p>\u2014\u25ca\u2014Ra\u00edces<\/p>\n<p>Luque V\u00e1zquez, Martina. \u00abEl dialecto andaluz en la ense\u00f1anza del castellano a los nativos americanos\u00bb. El Patio Colorao. Revista de arte y patrimonio andaluz n.\u00ba 02 (2025): 64-74.<\/p>\n<p style=\"padding-left: 40px;\"><a href=\"https:\/\/acrobat.adobe.com\/id\/urn:aaid:sc:EU:466d58ae-101b-4c95-858a-f5dfd691ee2d\" target=\"_blank\" rel=\"noopener nofollow\">PDF<\/a><\/p>\n<p>Bonillo Aglio, Mario. \u00abLa herencia de la Academia de la Lonja de Sevilla. Influencias entre los artistas del Barroco sevillano\u00bb. El Patio Colorao. Revista de arte y patrimonio andaluz n.\u00ba 02 (2025): 75-95.<\/p>\n<p style=\"padding-left: 40px;\"><a href=\"https:\/\/acrobat.adobe.com\/id\/urn:aaid:sc:EU:6bf3d42e-5c9d-4536-ae43-38def4655a25\" target=\"_blank\" rel=\"noopener nofollow\">PDF<\/a><\/p>\n<p>Calzada Morales, Antonio. \u00abOr\u00edgenes de la tradici\u00f3n de la Virgen de Setefilla: historia, devoci\u00f3n y tradici\u00f3n popular\u00bb. El Patio Colorao. Revista de arte y patrimonio andaluz n.\u00ba 02 (2025): 96-108.<\/p>\n<p style=\"padding-left: 40px;\"><a href=\"https:\/\/acrobat.adobe.com\/id\/urn:aaid:sc:EU:4af0a178-db5f-42f6-acb3-97c2aa6de822\" target=\"_blank\" rel=\"noopener nofollow\">PDF<\/a><\/p>\n<p>\u00a0\t\t\t\t\t\t\t\t<\/p>\n","protected":false},"excerpt":{"rendered":"El Patio Colorao. Revista de arte y patrimonio andaluz Este n\u00famero contin\u00faa abordando el patrimonio de los pueblos,&hellip;\n","protected":false},"author":2,"featured_media":262517,"comment_status":"","ping_status":"","sticky":false,"template":"","format":"standard","meta":{"footnotes":""},"categories":[5],"tags":[17,18,25,24,13,14,11,19,20,9,10,15,16,23,12,21,22],"class_list":{"0":"post-262516","1":"post","2":"type-post","3":"status-publish","4":"format-standard","5":"has-post-thumbnail","7":"category-titulares","8":"tag-breaking-news","9":"tag-breakingnews","10":"tag-es","11":"tag-espana","12":"tag-featured-news","13":"tag-featurednews","14":"tag-headlines","15":"tag-latest-news","16":"tag-latestnews","17":"tag-news","18":"tag-noticias","19":"tag-noticias-destacadas","20":"tag-noticiasdestacadas","21":"tag-spain","22":"tag-titulares","23":"tag-ultimas-noticias","24":"tag-ultimasnoticias"},"share_on_mastodon":{"url":"https:\/\/pubeurope.com\/@es\/115634637687463681","error":""},"_links":{"self":[{"href":"https:\/\/www.europesays.com\/es\/wp-json\/wp\/v2\/posts\/262516","targetHints":{"allow":["GET"]}}],"collection":[{"href":"https:\/\/www.europesays.com\/es\/wp-json\/wp\/v2\/posts"}],"about":[{"href":"https:\/\/www.europesays.com\/es\/wp-json\/wp\/v2\/types\/post"}],"author":[{"embeddable":true,"href":"https:\/\/www.europesays.com\/es\/wp-json\/wp\/v2\/users\/2"}],"replies":[{"embeddable":true,"href":"https:\/\/www.europesays.com\/es\/wp-json\/wp\/v2\/comments?post=262516"}],"version-history":[{"count":0,"href":"https:\/\/www.europesays.com\/es\/wp-json\/wp\/v2\/posts\/262516\/revisions"}],"wp:featuredmedia":[{"embeddable":true,"href":"https:\/\/www.europesays.com\/es\/wp-json\/wp\/v2\/media\/262517"}],"wp:attachment":[{"href":"https:\/\/www.europesays.com\/es\/wp-json\/wp\/v2\/media?parent=262516"}],"wp:term":[{"taxonomy":"category","embeddable":true,"href":"https:\/\/www.europesays.com\/es\/wp-json\/wp\/v2\/categories?post=262516"},{"taxonomy":"post_tag","embeddable":true,"href":"https:\/\/www.europesays.com\/es\/wp-json\/wp\/v2\/tags?post=262516"}],"curies":[{"name":"wp","href":"https:\/\/api.w.org\/{rel}","templated":true}]}}