{"id":262524,"date":"2025-11-29T19:37:14","date_gmt":"2025-11-29T19:37:14","guid":{"rendered":"https:\/\/www.europesays.com\/es\/262524\/"},"modified":"2025-11-29T19:37:14","modified_gmt":"2025-11-29T19:37:14","slug":"la-emocion-del-maestro-al-inaugurar-un-busto-en-su-honor","status":"publish","type":"post","link":"https:\/\/www.europesays.com\/es\/262524\/","title":{"rendered":"la emoci\u00f3n del maestro al inaugurar un busto en su honor"},"content":{"rendered":"<p id=\"eh4jXDEx8_\" data-wc=\"61\"><strong>Este s\u00e1bado ha sido un d\u00eda de lo m\u00e1s especial para Curro Romero<\/strong>. El torero ha acudido junto a su mujer, Carmen Tello, a la localidad sevillana de Camas, donde ha tenido lugar un acto institucional en su honor: <strong>la inauguraci\u00f3n de un busto en la calle Santa Mar\u00eda de Gracia<\/strong>, a las puertas de la emblem\u00e1tica Pe\u00f1a Taurina Curro Romero.<\/p>\n<p> <img src=\"https:\/\/www.europesays.com\/es\/wp-content\/uploads\/2025\/11\/74837b8092b7-dlu595867032.jpg\"   width=\"1024\" height=\"681\" loading=\"lazy\" decoding=\"async\" alt=\"Curro Romero este s\u00e1bado\" fetchpriority=\"auto\" class=\"image ho-image\"\/>\u00a9 GTRESCurro Romero este s\u00e1bado<\/p>\n<p> <img src=\"https:\/\/www.europesays.com\/es\/wp-content\/uploads\/2025\/11\/42716b4f93f1-dlu595867023.jpg\"   width=\"1024\" height=\"681\" loading=\"lazy\" decoding=\"async\" alt=\"Curro Romero y su mujer, Carmen Tello, durante la inauguraci\u00f3n del busto del diestro este s\u00e1bado en Sevilla\" fetchpriority=\"auto\" class=\"image ho-image\"\/>\u00a9 GTRESCurro Romero y su mujer, Carmen Tello, durante la inauguraci\u00f3n del busto del diestro este s\u00e1bado en Sevilla<\/p>\n<p id=\"e1stvaL8Rc\" data-wc=\"128\">A este homenaje <strong>han acudido muchos rostros conocidos del mundo de la tauromaquia<\/strong>, como Pablo Aguado, Diego Urdiales o Juan Ortega, y tambi\u00e9n ha contado con la presencia de muchos habitantes de la localidad que no han dejado pasar la oportunidad de mostrarle su cari\u00f1o al diestro, que ha tenido un a\u00f1o complicado en t\u00e9rminos de salud. El pasado mes de mayo, el torero de 91 a\u00f1os tuvo que ser ingresado por <strong>una infecci\u00f3n en las v\u00edas urinarias<\/strong><strong>\u00a0que le afect\u00f3 al ri\u00f1\u00f3n y que le provoc\u00f3 una bajada de tensi\u00f3n y fiebre<\/strong>. Pocos d\u00edas despu\u00e9s, tuvo que regresar a urgencias tras una crisis respiratoria, una dolencia que volver\u00eda a padecer a finales de septiembre <a class=\"hm-link ho-link\" href=\"https:\/\/www.hola.com\/actualidad\/20250924857731\/curro-romero-recibe-el-alta-hospital\/\" data-mrf-recirculation=\"article-body-link\" rel=\"nofollow noopener\" target=\"_blank\">tras desarrollar una neumon\u00eda<\/a> pocos d\u00edas despu\u00e9s de haber dado positivo en coronavirus.\u00a0<\/p>\n<p> <img src=\"https:\/\/www.europesays.com\/es\/wp-content\/uploads\/2025\/11\/73d7e7b1b304-dlu595867003.jpg\"   width=\"1024\" height=\"681\" loading=\"lazy\" decoding=\"async\" alt=\"Curro Romero junto al busto en su honor ubicado en la calle Santa Mar\u00eda de Gracia, en Sevilla, a las puertas de la emblem\u00e1tica Pe\u00f1a Taurina Curro Romero\" fetchpriority=\"auto\" class=\"image ho-image\"\/>\u00a9 GTRESCurro Romero junto al busto en su honor ubicado en la calle Santa Mar\u00eda de Gracia, en Sevilla, a las puertas de la emblem\u00e1tica Pe\u00f1a Taurina Curro Romero<\/p>\n<p> <img src=\"https:\/\/www.europesays.com\/es\/wp-content\/uploads\/2025\/11\/d6170536c743-dlu595867009.jpg\"   width=\"1024\" height=\"681\" loading=\"lazy\" decoding=\"async\" alt=\"Posan junto al diestro Esau Fernandez, Pablo Aguado, Diego Urdiales, Pepin Liria y Emilio Mu\u00f1oz\" fetchpriority=\"auto\" class=\"image ho-image\"\/>\u00a9 GTRESPosan junto al diestro Esau Fern\u00e1ndez, Pablo Aguado, Diego Urdiales, Pep\u00edn Liria o Emilio Mu\u00f1oz<\/p>\n<p id=\"e9NXRTw4WH\" data-wc=\"74\">Tras varios meses de altibajos, <strong>Curro ha podido recibir este s\u00e1bado una oleada de cari\u00f1o y aplausos<\/strong> que reiteran la importancia de su figura en el mundo del toreo. All\u00ed, visiblemente emocionado, se ha dejado ver ante todos los presentes, prestando atenci\u00f3n a los discursos que se han ofrecido en su honor y, sobre todo, al busto que ahora perpet\u00faa en el paisaje urbano el v\u00ednculo profundo entre el torero y su ciudad natal.<\/p>\n<p> <img src=\"https:\/\/www.europesays.com\/es\/wp-content\/uploads\/2025\/11\/a94ae0975bd1-dlu595867014.jpg\"   width=\"1024\" height=\"681\" loading=\"lazy\" decoding=\"async\" alt=\"A este homenaje han acudido muchos rostros conocidos del mundo de la tauromaquia\" fetchpriority=\"auto\" class=\"image ho-image\"\/>\u00a9 GTRESA este homenaje han acudido muchos rostros conocidos del mundo de la tauromaquia<\/p>\n<p> <img src=\"https:\/\/www.europesays.com\/es\/wp-content\/uploads\/2025\/11\/66002fe13fac-dlu595867015.jpg\"   width=\"1024\" height=\"681\" loading=\"lazy\" decoding=\"async\" alt=\"Tambi\u00e9n han asistido muchos habitantes de la localidad que no han dejado pasar la oportunidad de mostrarle su cari\u00f1o al diestro\" fetchpriority=\"auto\" class=\"image ho-image\"\/>\u00a9 GTRESTambi\u00e9n han asistido muchos habitantes de la localidad que no han dejado pasar la oportunidad de mostrarle su cari\u00f1o al diestro<\/p>\n<p id=\"eDhxMQdJcn\" data-wc=\"141\">Su mujer Carmen ha asegurado ante las c\u00e1maras que <strong>ha sido un acto \u00absuperemotivo\u00bb en el que \u00abCurro se ha emocionado\u00bb<\/strong>, por las palabras que le han dedicado y por \u00abtodos los toreros que han venido a arroparlo y el pueblo de Camas\u00bb. <strong>El pr\u00f3ximo lunes el torero cumplir\u00e1 92 a\u00f1os y Tello ha reconocido que es una \u00absuerte\u00bb poder \u00abcelebrar su homenaje aqu\u00ed\u00bb<\/strong>. Fue precisamente hace unos meses cuando su esposa, que ha sido un apoyo fundamental en este a\u00f1o tan complicado para el diestro, habl\u00f3 de lo mucho que le gusta vivir a su marido. <strong>\u00abClaro que s\u00ed, que le gusta la vida. Quiere vivir, entonces las personas que quieren vivir, pues luchan mucho, \u00bfsabes?\u00bb<\/strong>, admit\u00eda. Meses despu\u00e9s, poder celebrar un cumplea\u00f1os m\u00e1s a su lado es una de las mejores noticias que ella y su familia pod\u00edan recibir.\u00a0<\/p>\n<p> <img src=\"https:\/\/www.europesays.com\/es\/wp-content\/uploads\/2025\/11\/d6170536c743-dlu595867009.jpg\"   width=\"1024\" height=\"681\" loading=\"lazy\" decoding=\"async\" alt=\"Posan junto al diestro Esau Fernandez, Pablo Aguado, Diego Urdiales, Pepin Liria y Emilio Mu\u00f1oz\" fetchpriority=\"auto\" class=\"image ho-image\"\/>\u00a9 GTRESEsau Fern\u00e1ndez, Pablo Aguado, Diego Urdiales, Pep\u00edn Liria o Emilio Mu\u00f1oz han sido algunas de las personalidades que no han querido perderse este sentido homenaje al diestro<\/p>\n<p id=\"eiZArgntzxc\" data-wc=\"117\">La de este s\u00e1bado no ha sido la \u00fanica aparici\u00f3n p\u00fablica de Curro Romero en los \u00faltimos meses. <a class=\"hm-link ho-link\" href=\"https:\/\/www.hola.com\/actualidad\/20251104865623\/el-mundo-del-toreo-despide-a-rafael-de-paula\/\" rel=\"noopener nofollow\" target=\"_blank\" data-mrf-recirculation=\"article-body-link\">Hace unas semanas estuvo presente en el funeral de Rafael de Paula,<\/a> que tuvo lugar el pasado 4 de noviembre en la iglesia de Nuestro Padre Jes\u00fas del Prendimiento y Mar\u00eda Sant\u00edsima del Desamparo, en Jerez, localidad natal del torero. All\u00ed coincidi\u00f3 con algunas de las leyendas del arte, como <strong>V\u00edctor Janeiro, Javier Conde, Ferm\u00edn Boh\u00f3rquez, Luis y Antonio Domecq, Oliva Soto, \u00c1lvaro Montes, Francisco y Cayetano Rivera o el artista Diego Carrasco<\/strong>. En un tono menos l\u00fagubre, Curro tambi\u00e9n asisti\u00f3 a la <a class=\"hm-link ho-link\" href=\"https:\/\/www.hola.com\/actualidad\/20251007860236\/boda-cayetano-martinez-de-irujo-barbara-mirjan-sorpresas-anecdotas-detalles-boda-revista\/\" rel=\"noopener nofollow\" target=\"_blank\" data-mrf-recirculation=\"article-body-link\">boda de Cayetano Mart\u00ednez de Irujo y B\u00e1rbara Mirjan, celebrada a principios de octubre en Sevilla.<\/a><\/p>\n<p> <img src=\"https:\/\/www.europesays.com\/es\/wp-content\/uploads\/2025\/11\/38b95af78163-dlu594119044.jpg\"   width=\"1024\" height=\"682\" loading=\"lazy\" decoding=\"async\" alt=\"Curro Romero y Jes\u00fas Soto de Paula en el funeral de Rafael de Paula \" fetchpriority=\"auto\" class=\"image ho-image\"\/>\u00a9 GTRESCurro Romero y Jes\u00fas Soto de Paula en el funeral de Rafael de Paula <\/p>\n<p id=\"e2VWDyljfHd\" data-wc=\"124\">En dicho evento protagoniz\u00f3 <a class=\"hm-link ho-link\" href=\"https:\/\/www.hola.com\/actualidad\/20251005859735\/el-tierno-gesto-de-eugenia-martinez-de-irujo-con-curro-romero\/\" rel=\"noopener nofollow\" target=\"_blank\" data-mrf-recirculation=\"article-body-link\">una de las escenas m\u00e1s tiernas de la velada junto a Eugenia Mart\u00ednez de Irujo<\/a>, que mostr\u00f3 mucho \u00e9nfasis en poder saludar al torero despu\u00e9s de conocer las diversas complicaciones de salud que ha atravesado en los \u00faltimos a\u00f1os, incluyendo los diversos ingresos que ha experimentado recientemente. En el mes de mayo se le diagnostic\u00f3 <strong>una neumon\u00eda por aspiraci\u00f3n,<\/strong> <strong>complicaci\u00f3n vinculada a su enfermedad de P\u00e1rkinson<\/strong>, que padece desde hace varios a\u00f1os. Este diagn\u00f3stico no solo le afecta a la movilidad, sino tambi\u00e9n a la acci\u00f3n de tragar, lo que ha provocado algunos episodios de atragantamiento que han requerido hospitalizaciones. Adem\u00e1s, el extorero sufri\u00f3 <strong>una fractura de f\u00e9mur en mayo de 2024\u00a0<\/strong><strong>y super\u00f3 un c\u00e1ncer de laringe en 2020<\/strong>.<\/p>\n<p> <img src=\"https:\/\/www.europesays.com\/es\/wp-content\/uploads\/2025\/11\/188fdbd48f61-04a0b964907a-europapress7002657eugeniamartinezirujosaludamuycarinosacurroromerop.jpg\"   width=\"1024\" height=\"682\" loading=\"lazy\" decoding=\"async\" alt=\"Eugenia Martinez de Irujo saluda a Curro Romero en la boda de su hermanp Cayetano con B\u00e1rbara Mirjan\" fetchpriority=\"auto\" class=\"image ho-image\"\/>\u00a9 Leandro WassaulEugenia Martinez de Irujo saluda a Curro Romero en la boda de su hermanp Cayetano con B\u00e1rbara Mirjan<\/p>\n<p data-wc=\"133\" id=\"eIlo9FRxHxf1\">Durante una de sus estancias recientes en el hospital, Carmen Tello habl\u00f3 con\u00a0Informalia: \u00abPara m\u00ed es como si tuviera 40. Le quiero con la misma intensidad y en eso no tiene nada que ver la edad\u00bb. Adem\u00e1s, explic\u00f3 que el mismo d\u00eda que salieron de urgencias al hospital lo \u00fanico que el maestro pidi\u00f3 es que le asearan y afeitaran antes del traslado. \u00ab<strong>Eso de llegar a urgencias con barba de varios d\u00edas es impensable en un hombre que adem\u00e1s de todo lo que tiene de arte e historia es sumamente coqueto y presumido<\/strong>\u00ab, admiti\u00f3. A escasas horas de cumplir 92 a\u00f1os, este homenaje en su ciudad natal aviva la llama vital de un hombre que sigue mostrando un inter\u00e9s gigante por coleccionar experiencias junto a sus seres queridos, compa\u00f1eros y admiradores.<\/p>\n","protected":false},"excerpt":{"rendered":"Este s\u00e1bado ha sido un d\u00eda de lo m\u00e1s especial para Curro Romero. El torero ha acudido junto&hellip;\n","protected":false},"author":2,"featured_media":262525,"comment_status":"","ping_status":"","sticky":false,"template":"","format":"standard","meta":{"footnotes":""},"categories":[174],"tags":[517,255,42762,146,147,25,24,256,23],"class_list":{"0":"post-262524","1":"post","2":"type-post","3":"status-publish","4":"format-standard","5":"has-post-thumbnail","7":"category-famosos","8":"tag-actualidad","9":"tag-celebrities","10":"tag-curro-romero","11":"tag-entertainment","12":"tag-entretenimiento","13":"tag-es","14":"tag-espana","15":"tag-famosos","16":"tag-spain"},"share_on_mastodon":{"url":"https:\/\/pubeurope.com\/@es\/115634677525089983","error":""},"_links":{"self":[{"href":"https:\/\/www.europesays.com\/es\/wp-json\/wp\/v2\/posts\/262524","targetHints":{"allow":["GET"]}}],"collection":[{"href":"https:\/\/www.europesays.com\/es\/wp-json\/wp\/v2\/posts"}],"about":[{"href":"https:\/\/www.europesays.com\/es\/wp-json\/wp\/v2\/types\/post"}],"author":[{"embeddable":true,"href":"https:\/\/www.europesays.com\/es\/wp-json\/wp\/v2\/users\/2"}],"replies":[{"embeddable":true,"href":"https:\/\/www.europesays.com\/es\/wp-json\/wp\/v2\/comments?post=262524"}],"version-history":[{"count":0,"href":"https:\/\/www.europesays.com\/es\/wp-json\/wp\/v2\/posts\/262524\/revisions"}],"wp:featuredmedia":[{"embeddable":true,"href":"https:\/\/www.europesays.com\/es\/wp-json\/wp\/v2\/media\/262525"}],"wp:attachment":[{"href":"https:\/\/www.europesays.com\/es\/wp-json\/wp\/v2\/media?parent=262524"}],"wp:term":[{"taxonomy":"category","embeddable":true,"href":"https:\/\/www.europesays.com\/es\/wp-json\/wp\/v2\/categories?post=262524"},{"taxonomy":"post_tag","embeddable":true,"href":"https:\/\/www.europesays.com\/es\/wp-json\/wp\/v2\/tags?post=262524"}],"curies":[{"name":"wp","href":"https:\/\/api.w.org\/{rel}","templated":true}]}}