{"id":262526,"date":"2025-11-29T19:40:21","date_gmt":"2025-11-29T19:40:21","guid":{"rendered":"https:\/\/www.europesays.com\/es\/262526\/"},"modified":"2025-11-29T19:40:21","modified_gmt":"2025-11-29T19:40:21","slug":"no-pararas-de-verla-sobre-todo-ahora-que-la-tienes-en-streaming","status":"publish","type":"post","link":"https:\/\/www.europesays.com\/es\/262526\/","title":{"rendered":"no parar\u00e1s de verla, sobre todo ahora que la tienes en streaming"},"content":{"rendered":"<p><b>Hay series que envejecen y otras que parecen resistirse al paso del tiempo; esta pertenece al segundo grupo<\/b>. Desde su estreno, ha sabido mantenerse viva a base de iron\u00eda, caos y un retrato tan exagerado como reconocible de la convivencia. <b>Naci\u00f3 como heredera espiritual de <a title=\"Aqu\u00ed no hay quien viva\" href=\"https:\/\/www.larazon.es\/television\/series\/cincos-mejores-capitulos-aqui-hay-quien-viva_2025091368c51681d8e2796664531f83.html\" target=\"_blank\" rel=\"nofollow noopener\">Aqu\u00ed no hay quien viva<\/a><\/b>, y supo trasladar aquel humor coral de los edificios del centro madrile\u00f1o a un nuevo escenario, donde la convivencia se convirti\u00f3 en un experimento social con tintes de locura colectiva.<\/p>\n<p><b>Su humor, a medio camino entre lo cotidiano y lo absurdo<\/b>, sigue funcionando porque todos hemos vivido algo parecido: discusiones, malentendidos y ese intento constante de poner orden donde nunca lo hay.<b\/><b><a title=\"Convertida en una de las comedias m\u00e1s queridas de la televisi\u00f3n espa\u00f1ola\" href=\"https:\/\/www.larazon.es\/television\/series\/alberto-caballero-celebra-exito-estreno-que-avecina-16-toque-haters-nos-dais-energia_20251119691de8d8360d0840bceb5390.html\" target=\"_blank\" rel=\"nofollow noopener\">Convertida en una de las comedias m\u00e1s queridas de la televisi\u00f3n espa\u00f1ola<\/a><\/b>, combina s\u00e1tira, costumbrismo y una mirada divertida (y a veces cruel) sobre lo que significa vivir en comunidad.<\/p>\n<p>Despu\u00e9s de<b><a title=\"m\u00e1s de una d\u00e9cada en antena\" href=\"https:\/\/www.larazon.es\/television\/programas\/cuantas-series-espanolas-son-mas-longevas-que-que-avecina_2025041267fa4d0f47c02c00013e6206.html\" target=\"_blank\" rel=\"nofollow noopener\">m\u00e1s de una d\u00e9cada en antena<\/a><\/b>, <b>sigue encontrando nuevo p\u00fablico sin perder a quienes la acompa\u00f1an desde el principio<\/b>. Ha cambiado de escenario, de caras y hasta de plataforma, pero su esp\u00edritu permanece intacto: el<b> retrato de una comunidad ca\u00f3tica<\/b> donde el conflicto es rutina y el humor, la \u00fanica forma de sobrevivir.<\/p>\n<p>Una comedia veterana que sigue en plena forma<\/p>\n<p>En La que se avecina, los vecinos de una comunidad no solo conviven: tambi\u00e9n intentan sobrevivir los unos a los otros. Entre discusiones, cotilleos y juntas interminables, cada episodio convierte lo cotidiano en una batalla donde todos quieren tener la raz\u00f3n. <a title=\"El edificio funciona como un reflejo de la sociedad espa\u00f1ola\" href=\"https:\/\/www.larazon.es\/television\/series\/prime-video-pone-fecha-estreno-14-temporada-que-avecina_20231031654132d232499c0001b10735.html\" target=\"_blank\" rel=\"nofollow noopener\"><b>El edificio funciona como un reflejo de la sociedad espa\u00f1ola<\/b><\/a>, un microcosmos donde se mezclan ambici\u00f3n, ego\u00edsmo, cari\u00f1o y costumbres reconocibles.<\/p>\n<p>Sus personajes, tan extremos como familiares, encarnan distintos tipos sociales (el empresario que todo lo controla, el vecino gorr\u00f3n, la madre dominante o el soltero eternamente perdido) y construyen una parodia de la vida en comunidad que, entre risas, acaba resultando sorprendentemente real.<\/p>\n<p>El elenco principal de La que se avecina en su temporada 16 est\u00e1 encabezado por <strong data-start=\"412\" data-end=\"429\">Jordi S\u00e1nchez<\/strong> (Antonio Recio), <strong data-start=\"447\" data-end=\"466\">Pablo Chiapella<\/strong> (Amador Rivas), <strong data-start=\"483\" data-end=\"501\">Macarena G\u00f3mez<\/strong> (Lola Trujillo), <strong data-start=\"519\" data-end=\"533\">Eva Isanta<\/strong> (Maite Figueroa) y <strong data-start=\"553\" data-end=\"572\">Nathalie Sese\u00f1a<\/strong> (Berta Escobar). A ellos se suman <strong data-start=\"607\" data-end=\"621\">Luis Merlo<\/strong> (Bruno Quiroga Linares) y <strong data-start=\"648\" data-end=\"665\">Carlos Areces<\/strong> (Agust\u00edn Gordillo), incorporaciones consolidadas en las \u00faltimas temporadas.<\/p>\n<p>D\u00f3nde ver la serie<\/p>\n<p>La que se avecina est\u00e1 disponible en <a title=\"Prime Video\" href=\"https:\/\/www.primevideo.com\/detail\/0HHCS02324Z5XLVFA2WCWMW36S\/ref=atv_hm_hom_c_lAPtVn_brws_3_3?jic=8%7CEgRzdm9k\" target=\"_blank\" rel=\"nofollow noopener\"><b>Prime Video<\/b><\/a>, donde pueden verse todas sus temporadas, adem\u00e1s de emitirse en abierto en <strong data-start=\"2428\" data-end=\"2441\">Telecinco<\/strong> meses despu\u00e9s. Cada cap\u00edtulo ronda los <strong data-start=\"2481\" data-end=\"2507\">70 minutos de duraci\u00f3n<\/strong>, y la producci\u00f3n contin\u00faa bajo el sello de <strong data-start=\"2551\" data-end=\"2572\">Contubernio Films<\/strong>, la compa\u00f1\u00eda creada por los hermanos Caballero.<\/p>\n<p>Durante sus m\u00e1s de quince a\u00f1os en emisi\u00f3n, La que se avecina ha acumulado una larga lista de an\u00e9cdotas y curiosidades. Algunas de las <strong data-start=\"381\" data-end=\"443\">viviendas y decorados originales del Mirador de Montepinar<\/strong> fueron reconstruidos pieza por pieza cuando la serie cambi\u00f3 de localizaci\u00f3n al edificio <strong data-start=\"532\" data-end=\"550\">Contubernio 49<\/strong>, manteniendo detalles reconocibles como el portal o el bar comunitario.<\/p>\n<p>La serie ha superado los <strong data-start=\"3415\" data-end=\"3432\">200 episodios<\/strong>, convirti\u00e9ndose en una de las producciones espa\u00f1olas m\u00e1s longevas en activo. Varias de sus frases se han vuelto virales en redes sociales y forman parte del lenguaje popular, como el m\u00edtico \u201c\u00a1No limpio pescado!\u201d de Antonio Recio. En 2025 se estren\u00f3 en Portugal una <strong data-start=\"1285\" data-end=\"1339\">adaptaci\u00f3n oficial titulada <\/strong><a title=\"Vizinhos para Sempre\" href=\"https:\/\/www.larazon.es\/television\/series\/contubernio-49-terracos-glamour-que-avecina-reinventa-portugal-llega-fdf_20250729688906dff4ec026a96befecf.html\" target=\"_blank\" rel=\"nofollow noopener\"><b>Vizinhos para Sempre<\/b><\/a>, ambientada en un condominio de las afueras de Lisboa llamado Terra\u00e7os do Glamour.<\/p>\n<p>Con el paso del tiempo, la serie no solo ha sobrevivido a cambios de cadena y de generaci\u00f3n: tambi\u00e9n ha conseguido convertirse en un <strong data-start=\"2108\" data-end=\"2129\">fen\u00f3meno cultural<\/strong>, citado en programas, debates y memes, e incluso analizado en <strong data-start=\"2192\" data-end=\"2222\">facultades de comunicaci\u00f3n<\/strong> por su forma de reflejar los arquetipos sociales espa\u00f1oles a trav\u00e9s del humor.<\/p>\n","protected":false},"excerpt":{"rendered":"Hay series que envejecen y otras que parecen resistirse al paso del tiempo; esta pertenece al segundo grupo.&hellip;\n","protected":false},"author":2,"featured_media":262527,"comment_status":"","ping_status":"","sticky":false,"template":"","format":"standard","meta":{"footnotes":""},"categories":[171],"tags":[146,147,25,24,23,214],"class_list":{"0":"post-262526","1":"post","2":"type-post","3":"status-publish","4":"format-standard","5":"has-post-thumbnail","7":"category-tv","8":"tag-entertainment","9":"tag-entretenimiento","10":"tag-es","11":"tag-espana","12":"tag-spain","13":"tag-tv"},"share_on_mastodon":{"url":"https:\/\/pubeurope.com\/@es\/115634688822078161","error":""},"_links":{"self":[{"href":"https:\/\/www.europesays.com\/es\/wp-json\/wp\/v2\/posts\/262526","targetHints":{"allow":["GET"]}}],"collection":[{"href":"https:\/\/www.europesays.com\/es\/wp-json\/wp\/v2\/posts"}],"about":[{"href":"https:\/\/www.europesays.com\/es\/wp-json\/wp\/v2\/types\/post"}],"author":[{"embeddable":true,"href":"https:\/\/www.europesays.com\/es\/wp-json\/wp\/v2\/users\/2"}],"replies":[{"embeddable":true,"href":"https:\/\/www.europesays.com\/es\/wp-json\/wp\/v2\/comments?post=262526"}],"version-history":[{"count":0,"href":"https:\/\/www.europesays.com\/es\/wp-json\/wp\/v2\/posts\/262526\/revisions"}],"wp:featuredmedia":[{"embeddable":true,"href":"https:\/\/www.europesays.com\/es\/wp-json\/wp\/v2\/media\/262527"}],"wp:attachment":[{"href":"https:\/\/www.europesays.com\/es\/wp-json\/wp\/v2\/media?parent=262526"}],"wp:term":[{"taxonomy":"category","embeddable":true,"href":"https:\/\/www.europesays.com\/es\/wp-json\/wp\/v2\/categories?post=262526"},{"taxonomy":"post_tag","embeddable":true,"href":"https:\/\/www.europesays.com\/es\/wp-json\/wp\/v2\/tags?post=262526"}],"curies":[{"name":"wp","href":"https:\/\/api.w.org\/{rel}","templated":true}]}}