{"id":262534,"date":"2025-11-29T19:44:10","date_gmt":"2025-11-29T19:44:10","guid":{"rendered":"https:\/\/www.europesays.com\/es\/262534\/"},"modified":"2025-11-29T19:44:10","modified_gmt":"2025-11-29T19:44:10","slug":"la-vacunacion-sin-cita-de-gripe-se-mantiene-este-domingo-solo-para-ninos-y-se-aplaza-para-el-resto-al-sabado-13","status":"publish","type":"post","link":"https:\/\/www.europesays.com\/es\/262534\/","title":{"rendered":"La vacunaci\u00f3n sin cita de gripe se mantiene este domingo solo para ni\u00f1os y se aplaza para el resto al s\u00e1bado 13"},"content":{"rendered":"<p><img id=\"fotoPrincipalNoticia\" src=\"https:\/\/www.europesays.com\/es\/wp-content\/uploads\/2025\/11\/fotonoticia_20251129202149_690.jpg\" loading=\"eager\" decoding=\"async\" style=\"view-transition-name: fechor_20251129202149;\" border=\"0\" alt=\"La vacunaci\u00f3n sin cita en el Hospital Nuestra Se\u00f1ora de Gracia, este s\u00e1bado\" fetchpriority=\"high\" title=\"La vacunaci\u00f3n sin cita de gripe se mantiene este domingo solo para ni\u00f1os y se aplaza para el resto al s\u00e1bado 13\" width=\"690\" height=\"518\" itemprop=\"image\"\/><\/p>\n<p>La vacunaci\u00f3n sin cita en el Hospital Nuestra Se\u00f1ora de Gracia, este s\u00e1bado &#8211; GOBIERNO DE ARAG\u00d3N<\/p>\n<p>   ZARAGOZA, 29 Nov. (EUROPA PRESS) &#8211; <\/p>\n<p>   La jornada extraordinaria de vacunaci\u00f3n contra la gripe celebrada en el Hospital Nuestra Se\u00f1ora de Gracia de Zaragoza este s\u00e1bado ha sido un \u00e9xito rotundo de participaci\u00f3n ciudadana.<\/p>\n<p>   La afluencia de ciudadanos ha superado cualquier previsi\u00f3n l\u00f3gica ya que se han administrado en una sola jornada 3.024 vacunas, lo que supera la cifra de la \u00faltima convocatoria sin cita de la temporada pasada, que alcanz\u00f3 las 1.711 dosis en dos d\u00edas.<\/p>\n<p>   Las neveras del Hospital Provincial tienen capacidad para 600 vacunas, que se han ido reponiendo a lo largo del d\u00eda para atender a la demanda.<\/p>\n<p>    Tras diez horas de vacunaci\u00f3n ininterrumpida, se ha decidido que la jornada de ma\u00f1ana se aplaza al pr\u00f3ximo s\u00e1bado 13 de diciembre para dejar stock suficiente en los centros de salud durante toda la semana.<\/p>\n<p>   El punto de vacunaci\u00f3n sin cita de ma\u00f1ana se mantiene para los ni\u00f1os, pero se reprograma para el resto de la poblaci\u00f3n.<\/p>\n<p>   Mientras, los ciudadanos que lo deseen y pertenezcan a los grupos de poblaci\u00f3n a los que se les recomienda esta medida pueden solicitar cita para vacunarse en su centro de salud.<\/p>\n<p>   La directora general de Salud P\u00fablica del Gobierno de Arag\u00f3n, Nuria Gay\u00e1n, ha agradecido la alta respuesta de la ciudadan\u00eda ya que se hizo un llamamiento ante la actual situaci\u00f3n de epidemia de gripe y la poblaci\u00f3n ha respondido. \u00abLa ciudadan\u00eda ha demostrado una respuesta ejemplar, que confirma la confianza en la vacunaci\u00f3n como herramienta de salud p\u00fablica\u00bb, ha dicho.<\/p>\n<p>   La directora de Enfermer\u00eda del SALUD, Mayte Clares, ha agradecido el comportamiento de los ciudadanos que a pesar de la alta respuesta se han mostrado pacientes ya que ha habido momentos en que el turno para vacunarse ha sido de una hora de duraci\u00f3n.<\/p>\n<p>   Para atender a todos los ciudadanos, se han montado cuatro puntos de vacunaci\u00f3n en el c\u00e9ntrico hospital, lo que supon\u00edan una quincena de personas trabajando para administrar las dosis. Clares tambi\u00e9n ha querido agradecer el esfuerzo de todo el personal en estas iniciativas extraordinarias.<\/p>\n","protected":false},"excerpt":{"rendered":"La vacunaci\u00f3n sin cita en el Hospital Nuestra Se\u00f1ora de Gracia, este s\u00e1bado &#8211; GOBIERNO DE ARAG\u00d3N ZARAGOZA,&hellip;\n","protected":false},"author":2,"featured_media":262535,"comment_status":"","ping_status":"","sticky":false,"template":"","format":"standard","meta":{"footnotes":""},"categories":[92],"tags":[25,24,165,166,23],"class_list":{"0":"post-262534","1":"post","2":"type-post","3":"status-publish","4":"format-standard","5":"has-post-thumbnail","7":"category-salud","8":"tag-es","9":"tag-espana","10":"tag-health","11":"tag-salud","12":"tag-spain"},"share_on_mastodon":{"url":"https:\/\/pubeurope.com\/@es\/115634705003806415","error":""},"_links":{"self":[{"href":"https:\/\/www.europesays.com\/es\/wp-json\/wp\/v2\/posts\/262534","targetHints":{"allow":["GET"]}}],"collection":[{"href":"https:\/\/www.europesays.com\/es\/wp-json\/wp\/v2\/posts"}],"about":[{"href":"https:\/\/www.europesays.com\/es\/wp-json\/wp\/v2\/types\/post"}],"author":[{"embeddable":true,"href":"https:\/\/www.europesays.com\/es\/wp-json\/wp\/v2\/users\/2"}],"replies":[{"embeddable":true,"href":"https:\/\/www.europesays.com\/es\/wp-json\/wp\/v2\/comments?post=262534"}],"version-history":[{"count":0,"href":"https:\/\/www.europesays.com\/es\/wp-json\/wp\/v2\/posts\/262534\/revisions"}],"wp:featuredmedia":[{"embeddable":true,"href":"https:\/\/www.europesays.com\/es\/wp-json\/wp\/v2\/media\/262535"}],"wp:attachment":[{"href":"https:\/\/www.europesays.com\/es\/wp-json\/wp\/v2\/media?parent=262534"}],"wp:term":[{"taxonomy":"category","embeddable":true,"href":"https:\/\/www.europesays.com\/es\/wp-json\/wp\/v2\/categories?post=262534"},{"taxonomy":"post_tag","embeddable":true,"href":"https:\/\/www.europesays.com\/es\/wp-json\/wp\/v2\/tags?post=262534"}],"curies":[{"name":"wp","href":"https:\/\/api.w.org\/{rel}","templated":true}]}}