{"id":262540,"date":"2025-11-29T19:48:10","date_gmt":"2025-11-29T19:48:10","guid":{"rendered":"https:\/\/www.europesays.com\/es\/262540\/"},"modified":"2025-11-29T19:48:10","modified_gmt":"2025-11-29T19:48:10","slug":"trump-anula-los-decretos-firmados-a-maquina-por-biden-dw-29-11-2025","status":"publish","type":"post","link":"https:\/\/www.europesays.com\/es\/262540\/","title":{"rendered":"Trump anula los decretos firmados a m\u00e1quina por Biden \u2013 DW \u2013 29\/11\/2025"},"content":{"rendered":"<p>El presidente estadounidense, <a class=\"internal-link\" href=\"https:\/\/www.dw.com\/es\/donald-trump\/t-19445010\" rel=\"nofollow noopener\" target=\"_blank\">Donald Trump<\/a>, anunci\u00f3 el viernes (28.11.2025) que anula todos los decretos que su antecesor <a class=\"internal-link\" href=\"https:\/\/www.dw.com\/es\/joe-biden\/t-62463399\" rel=\"nofollow noopener\" target=\"_blank\">Joe Biden<\/a> rubric\u00f3 con una m\u00e1quina de firmar, conocida como \u00abautopen\u00bb en ingl\u00e9s.<\/p>\n<p>\u00abCualquier documento firmado por el &#8216;dormil\u00f3n&#8217;\u00a0Joe Biden con la m\u00e1quina de firmar, que fue un 92% de ellos aproximadamente, queda por la presente anulado y sin fuerza o efecto\u00bb, escribi\u00f3 Trump en su red Truth Social.<\/p>\n<p>\u00abPor la presente cancelo todos los decretos ejecutivos y cualquier cosa que no fue firmada directamente por el deshonesto Joe Biden, porque las personas que operaron el autopen lo hicieron ilegalmente\u00bb, a\u00f1adi\u00f3.<\/p>\n<p>No est\u00e1n claras las consecuencias jur\u00eddicas del anuncio ni si Trump tiene el poder para anular decretos u \u00f3rdenes de su predecesor. Tampoco si el uso de una m\u00e1quina de firmar, es causal\u00a0para invalidar las \u00f3rdenes de Biden (2021-2025).<\/p>\n<blockquote class=\"tweet embed\" data-id=\"1994494769566028142\"\/>\n<p>Varios presidentes estadounidenses han utilizado diferentes sistemas para firmar documentos, pero Trump sostiene que el uso de estas m\u00e1quinas durante el gobierno de Biden demuestran que el dem\u00f3crata estaba mentalmente incapacitado y no ten\u00eda control de la Casa Blanca.<\/p>\n<p>Biden ten\u00eda 82 a\u00f1os cuando dej\u00f3 el poder. En tanto, Trump tiene 79 a\u00f1os y su mandato concluye en enero de 2029.<\/p>\n<p>El experto Ed Whelan indic\u00f3 en las redes sociales que Trump es libre de revocar cualquier orden ejecutiva independientemente de que Biden la haya firmado o no personalmente.<\/p>\n<p>\u00abPero no tiene la misma libertad respecto a &#8216;cualquier cosa&#8217; (como leyes promulgadas o indultos) que Biden orden\u00f3 que se firmara con el autopen\u00bb, a\u00f1adi\u00f3 Whelan.<\/p>\n<p>En 2005, el Departamento de Justicia indic\u00f3 que el presidente no necesita firmar una ley a mano y puede ordenar a un funcionario \u00abque coloque la firma del presidente en dicha ley, por ejemplo con una m\u00e1quina de firmar\u00bb.<\/p>\n<p>El diario The New York Times report\u00f3 en 2011 que el dem\u00f3crata Barack Obama fue el primer presidente en firmar una ley con autopen mientras realizaba un viaje en Europa.<\/p>\n<p>En sus \u00faltimos d\u00edas en el poder, Biden otorg\u00f3 <a class=\"internal-link\" href=\"https:\/\/www.dw.com\/es\/biden-concede-indultos-preventivos-a-funcionarios-amenazados-por-trump-con-procesos-judiciales\/a-71350663\" rel=\"nofollow noopener\" target=\"_blank\">indultos a personalidades que eran blanco de los ataques de Trump<\/a>, incluido su propio hijo, legisladores que investigaron al magnate republicano, un general que lo critic\u00f3 y el principal experto en Covid-19 del pa\u00eds.<\/p>\n<p>gs (afp, efe)<\/p>\n","protected":false},"excerpt":{"rendered":"El presidente estadounidense, Donald Trump, anunci\u00f3 el viernes (28.11.2025) que anula todos los decretos que su antecesor Joe&hellip;\n","protected":false},"author":2,"featured_media":262541,"comment_status":"","ping_status":"","sticky":false,"template":"","format":"standard","meta":{"footnotes":""},"categories":[42],"tags":[17,18,13,14,11,61,62,63,64,19,20,9,10,15,16,12,21,22,65,66,67],"class_list":{"0":"post-262540","1":"post","2":"type-post","3":"status-publish","4":"format-standard","5":"has-post-thumbnail","7":"category-internacional","8":"tag-breaking-news","9":"tag-breakingnews","10":"tag-featured-news","11":"tag-featurednews","12":"tag-headlines","13":"tag-internacional","14":"tag-international","15":"tag-international-news","16":"tag-internationalnews","17":"tag-latest-news","18":"tag-latestnews","19":"tag-news","20":"tag-noticias","21":"tag-noticias-destacadas","22":"tag-noticiasdestacadas","23":"tag-titulares","24":"tag-ultimas-noticias","25":"tag-ultimasnoticias","26":"tag-world","27":"tag-world-news","28":"tag-worldnews"},"share_on_mastodon":{"url":"","error":""},"_links":{"self":[{"href":"https:\/\/www.europesays.com\/es\/wp-json\/wp\/v2\/posts\/262540","targetHints":{"allow":["GET"]}}],"collection":[{"href":"https:\/\/www.europesays.com\/es\/wp-json\/wp\/v2\/posts"}],"about":[{"href":"https:\/\/www.europesays.com\/es\/wp-json\/wp\/v2\/types\/post"}],"author":[{"embeddable":true,"href":"https:\/\/www.europesays.com\/es\/wp-json\/wp\/v2\/users\/2"}],"replies":[{"embeddable":true,"href":"https:\/\/www.europesays.com\/es\/wp-json\/wp\/v2\/comments?post=262540"}],"version-history":[{"count":0,"href":"https:\/\/www.europesays.com\/es\/wp-json\/wp\/v2\/posts\/262540\/revisions"}],"wp:featuredmedia":[{"embeddable":true,"href":"https:\/\/www.europesays.com\/es\/wp-json\/wp\/v2\/media\/262541"}],"wp:attachment":[{"href":"https:\/\/www.europesays.com\/es\/wp-json\/wp\/v2\/media?parent=262540"}],"wp:term":[{"taxonomy":"category","embeddable":true,"href":"https:\/\/www.europesays.com\/es\/wp-json\/wp\/v2\/categories?post=262540"},{"taxonomy":"post_tag","embeddable":true,"href":"https:\/\/www.europesays.com\/es\/wp-json\/wp\/v2\/tags?post=262540"}],"curies":[{"name":"wp","href":"https:\/\/api.w.org\/{rel}","templated":true}]}}