{"id":262542,"date":"2025-11-29T19:49:15","date_gmt":"2025-11-29T19:49:15","guid":{"rendered":"https:\/\/www.europesays.com\/es\/262542\/"},"modified":"2025-11-29T19:49:15","modified_gmt":"2025-11-29T19:49:15","slug":"una-nueva-manifestacion-en-valencia-exige-memoria-y-reparacion-por-la-dana-no-pararemos-hasta-saber-la-verdad-sociedad","status":"publish","type":"post","link":"https:\/\/www.europesays.com\/es\/262542\/","title":{"rendered":"Una nueva manifestaci\u00f3n en Val\u00e8ncia exige \u00abmemoria y reparaci\u00f3n\u00bb por la DANA: \u00abNo pararemos hasta saber la verdad\u00bb | Sociedad"},"content":{"rendered":"<p class=\"loc\">Val\u00e8ncia<\/p>\n<p>La manifestaci\u00f3n con el lema &#8216;Maz\u00f3n a pres\u00f3&#8217;, convocada por m\u00e1s de 200 entidades sociales, recorre este s\u00e1bado las calles del centro de la ciudad de Val\u00e8ncia para reclamar que el expresident deje su acta de diputado y se someta a la justicia y que haya por parte del Consell y los altos cargos que cometieron \u00abnegligencias continuas\u00bb un \u00abreconocimiento de responsabilidades\u00bb por la tragedia de la dana que cost\u00f3 la vida a 229 personas. \u00abNo pararemos hasta que consigamos saber la verdad\u00bb.<\/p>\n<p>As\u00ed lo han puesto de relieve las portavoces de las principales asociaciones de v\u00edctimas en declaraciones a los medios antes de iniciarse la protesta, que ha partido poco despu\u00e9s de las seis de la tarde de la confluencia de las calles de las Barcas y Poeta Querol y concluir\u00e1 en la Porta de la Mar con la lectura del manifiesto.<\/p>\n<p>El c\u00f3digo iframe se ha copiado en el portapapeles<\/p>\n<p class=\"tit\">Ana Mar Bueno: \u00abExigimos justicia y reparaci\u00f3n\u00bb<\/p>\n<p>00:00:0000:27<\/p>\n<p>FacebookTwitterLinkedinWhatsAppCerrar<\/p>\n<p>Los manifestantes marchan tras una pancarta principal con el lema &#8216;Maz\u00f3n a pres\u00f3&#8217; y portan otras en las que se leen mensajes como &#8216;Consell dimisi\u00f3n&#8217;, &#8216;Menos mentiras y m\u00e1s justicia&#8217;, &#8216;No son muertos son asesinatos&#8217; o &#8216;Ni izquierdas ni derechas, queremos un gobierno que nos proteja&#8217;. La manifestaci\u00f3n, con representantes de las asociaciones de damnificados a la cabeza, ha echado a andar entre aplausos y la moixeranga.<\/p>\n<p>Preguntada por qu\u00e9 ha cambiado con la salida de Maz\u00f3n como jefe del Consell, la presidenta de la Asociaci\u00f3n de V\u00edctimas Mortales de la DANA, Rosa \u00c1lvarez, Rosa \u00c1lvarez ha remarcado que \u00ab\u00e9l ya no est\u00e1 como presidente, pero sigue como diputado auton\u00f3mico, manteniendo el acta y es muy curioso que no quiera acudir a la justicia ordinaria perdiendo as\u00ed una oportunidad, jug\u00e1ndosela toda una, en el Tribunal Superior de Justicia de la Comunidad Valenciana\u00bb. \u00ab\u00bfPor qu\u00e9 solamente quiere quedarse con una oportunidad y, en el caso de perder, tener que ir a un recurso de casaci\u00f3n, que es complicado? Eso a nuestra asociaci\u00f3n nos da mucho que pensar\u00bb, ha planteado.<\/p>\n<p>Igualmente, ha recordado que, de momento se mantiene el mismo Consell y ha emplazado a ver los posibles cambios que introduzca el nuevo &#8216;president&#8217;, Juanfran P\u00e9rez Llorca.<\/p>\n<p>En este punto, le ha advertido de que mantener al portavoz del PP en Les Corts, Nando Pastor, \u00abno es ning\u00fan puente de di\u00e1logo porque fue la persona que el d\u00eda que Maz\u00f3n acudi\u00f3 voluntariamente, como no pod\u00eda ser de otro modo, porque fue una comisi\u00f3n (de investigaci\u00f3n) ad hoc creada para \u00e9l, en Les Corts, nos dijo v\u00edctimas &#8216;v\u00edctimas VIP y con derecho a roce real'\u00bb. \u00abNo pudo ser m\u00e1s pornogr\u00e1fico, no pudo ser m\u00e1s miserable y eso no lo vamos a olvidar jam\u00e1s\u00bb, ha incidido.<\/p>\n<p>\u00c1lvarez reconoce que \u00ablas formas\u00bb de P\u00e9rez Llorca son \u00abmuch\u00edsimo mejores y no es chulesco y prepotente como el anterior\u00bb &#8211;Carlos Maz\u00f3n. \u00abAhora esperemos que esa letra que el otro d\u00eda nos dijo suene mejor, lo que pasa es que de mano de quien va es complicado\u00bb, ha dicho la portavoz de las v\u00edctimas, que ha reiterado al nuevo dirigente que no aceptar\u00e1n \u00abbrindis al sol\u00bb.<\/p>\n<p>Sigue toda la \u00faltima hora en el canal de Whatsapp de Radio Valencia: <a href=\"https:\/\/eur01.safelinks.protection.outlook.com\/?url=https%3A%2F%2Fwhatsapp.com%2Fchannel%2F0029VaHjyqSFHWq2Q3iHB33R&amp;data=05%7C02%7Cftorres%40formacion.prisaradio.com%7C92db45daa088405ff7c308de00db9b13%7Cc4fd49f3e15a44d882e2c909735d2e45%7C0%7C0%7C638949140364614744%7CUnknown%7CTWFpbGZsb3d8eyJFbXB0eU1hcGkiOnRydWUsIlYiOiIwLjAuMDAwMCIsIlAiOiJXaW4zMiIsIkFOIjoiTWFpbCIsIldUIjoyfQ%3D%3D%7C0%7C%7C%7C&amp;sdata=68E8EQbaZ7jr18RK0E%2BffyS2y6tLZK3PAf9NNN8gY%2Fc%3D&amp;reserved=0\" target=\"_blank\" rel=\"nofollow noopener\" title=\"Direcci\u00f3n URL original: https:\/\/whatsapp.com\/channel\/0029VaHjyqSFHWq2Q3iHB33R. Haga clic o pulse si conf\u00eda en este v\u00ednculo.\">haz clic aqu\u00ed y suscr\u00edbete<\/a> para recibir toda la informaci\u00f3n y la actualidad del d\u00eda en tu m\u00f3vil.<\/p>\n","protected":false},"excerpt":{"rendered":"Val\u00e8ncia La manifestaci\u00f3n con el lema &#8216;Maz\u00f3n a pres\u00f3&#8217;, convocada por m\u00e1s de 200 entidades sociales, recorre este&hellip;\n","protected":false},"author":2,"featured_media":262543,"comment_status":"","ping_status":"","sticky":false,"template":"","format":"standard","meta":{"footnotes":""},"categories":[8],"tags":[17,18,25,24,13,14,11,19,20,9,10,15,16,23,12,21,22],"class_list":{"0":"post-262542","1":"post","2":"type-post","3":"status-publish","4":"format-standard","5":"has-post-thumbnail","7":"category-espana","8":"tag-breaking-news","9":"tag-breakingnews","10":"tag-es","11":"tag-espana","12":"tag-featured-news","13":"tag-featurednews","14":"tag-headlines","15":"tag-latest-news","16":"tag-latestnews","17":"tag-news","18":"tag-noticias","19":"tag-noticias-destacadas","20":"tag-noticiasdestacadas","21":"tag-spain","22":"tag-titulares","23":"tag-ultimas-noticias","24":"tag-ultimasnoticias"},"share_on_mastodon":{"url":"https:\/\/pubeurope.com\/@es\/115634724245758582","error":""},"_links":{"self":[{"href":"https:\/\/www.europesays.com\/es\/wp-json\/wp\/v2\/posts\/262542","targetHints":{"allow":["GET"]}}],"collection":[{"href":"https:\/\/www.europesays.com\/es\/wp-json\/wp\/v2\/posts"}],"about":[{"href":"https:\/\/www.europesays.com\/es\/wp-json\/wp\/v2\/types\/post"}],"author":[{"embeddable":true,"href":"https:\/\/www.europesays.com\/es\/wp-json\/wp\/v2\/users\/2"}],"replies":[{"embeddable":true,"href":"https:\/\/www.europesays.com\/es\/wp-json\/wp\/v2\/comments?post=262542"}],"version-history":[{"count":0,"href":"https:\/\/www.europesays.com\/es\/wp-json\/wp\/v2\/posts\/262542\/revisions"}],"wp:featuredmedia":[{"embeddable":true,"href":"https:\/\/www.europesays.com\/es\/wp-json\/wp\/v2\/media\/262543"}],"wp:attachment":[{"href":"https:\/\/www.europesays.com\/es\/wp-json\/wp\/v2\/media?parent=262542"}],"wp:term":[{"taxonomy":"category","embeddable":true,"href":"https:\/\/www.europesays.com\/es\/wp-json\/wp\/v2\/categories?post=262542"},{"taxonomy":"post_tag","embeddable":true,"href":"https:\/\/www.europesays.com\/es\/wp-json\/wp\/v2\/tags?post=262542"}],"curies":[{"name":"wp","href":"https:\/\/api.w.org\/{rel}","templated":true}]}}