{"id":262544,"date":"2025-11-29T19:50:13","date_gmt":"2025-11-29T19:50:13","guid":{"rendered":"https:\/\/www.europesays.com\/es\/262544\/"},"modified":"2025-11-29T19:50:13","modified_gmt":"2025-11-29T19:50:13","slug":"la-centenaria-comunidad-de-regantes-y-dos-entrenadores-de-categoria-nacional-gallardos-del-ano-2025","status":"publish","type":"post","link":"https:\/\/www.europesays.com\/es\/262544\/","title":{"rendered":"La centenaria Comunidad de Regantes y dos entrenadores de categor\u00eda nacional, Gallardos del A\u00f1o 2025"},"content":{"rendered":"<p>La ceremonia de entrega de los XV Premios \u2018Gallardo del A\u00f1o\u2019 ha reconocido hoy la trayectoria de la Comunidad de Regantes del Canal del Henares y de los entrenadores de f\u00fatbol Manuel Andradas y de Javier Ablanque<\/p>\n<p><strong>El sal\u00f3n de plenos del Ayuntamiento de Marchamalo ha acogido hoy la entrega de los premios \u2018Gallardo del A\u00f1o 2025\u2019 en una emotiva gala que cont\u00f3 con la presencia del delegado de Educaci\u00f3n de la JCCM en Guadalajara, \u00c1ngel Fern\u00e1ndez-Montes, la diputada provincial de Cultura, Sabrina Escribano, adem\u00e1s otras autoridades provinciales y regionales y del alcalde, Rafael Esteban y los concejales de la corporaci\u00f3n gallarda. En esta edici\u00f3n se han entregado tres distinciones, una de ellas a la ya centenaria Comunidad de Regantes del Canal del Henares, y otras dos m\u00e1s a los dos \u00fanicos entrenadores de f\u00fatbol que han logrado entrenar hasta el momento en categor\u00eda Nacional, Manuel Andradas y Javier Ablanque. La ceremonia estuvo amenizada por el violinista gallardo Miguel \u00c1ngel Garc\u00eda, y fue emitida en directo por el canal municipal en YouTube.<\/strong><\/p>\n<p><a href=\"https:\/\/www.facebook.com\/media\/set?vanity=AytoMarchamalo&amp;set=a.1302968621860261\" target=\"_blank\" rel=\"noopener nofollow\"><strong>&gt; \u00c1lbum de fotos de los XV Premios \u2018Gallardo del A\u00f1o\u2019<\/strong><\/a><\/p>\n<p><a href=\"https:\/\/www.youtube.com\/live\/VQ4LVmgiWW0?si=z_m4ZY9f4Oixu5-G\" target=\"_blank\" rel=\"noopener nofollow\"><strong>&gt; V\u00eddeo completo de la ceremonia de los XV Premios \u2018Gallardo del A\u00f1o\u2019<\/strong><\/a><\/p>\n<p>Hoy el sal\u00f3n de plenos del Ayuntamiento de Marchamalo ha sido de nuevo el nuevo escenario elegido para realizar la ceremonia de entrega de los Premios \u2018Gallardo del A\u00f1o\u2019 en su decimoquinta edici\u00f3n, correspondiente al presente a\u00f1o 2025, manteniendo el cambio de espacio decidido el a\u00f1o anterior por el equipo de Gobierno gallardo en el af\u00e1n de conferir a esta ceremonia un ambiente m\u00e1s solemne e institucional.<\/p>\n<p>En esta ocasi\u00f3n fueron tres los premios entregados tras la valoraci\u00f3n realizada por la Comisi\u00f3n Municipal creada a tal efecto, dos de ellos relacionados de maneta directa con el \u00e1mbito del deporte, y un tercero con la historia agr\u00edcola ligada a un municipio como Marchamalo, cuyos or\u00edgenes estuvieron siempre ligados al sector primario. Durante el evento se hizo un repaso a su trayectoria, contando tambi\u00e9n con la presencia y las palabras del delegado de Educaci\u00f3n, Cultura y Deportes de la Junta de Comunidades de Castilla-La Mancha en Guadalajara, \u00c1ngel Fern\u00e1ndez-Montes, quien ofreci\u00f3 unas palabras en nombre del presidente regional, Emiliano Garc\u00eda-Page, elogiando la trayectoria de los premiados.<\/p>\n<p>Adem\u00e1s de \u00e9l, varias autoridades de \u00e1mbito provincial y regional estuvieron presentes en el acto, como es el caso de la diputada provincial de Cultura, Sabrina Escribano, la vicepresidente de la Diputaci\u00f3n Provincial y teniente de alcalde de Marchamalo, Susana Alcalde, o el diputado regional, Ignacio Redondo.<\/p>\n<p>No obstante, la ceremonia estuvo presidida por el alcalde, Rafael Esteban, y la concejala de Cultura, Mar\u00eda del Carmen Mart\u00edn, encargados de hacer entrega de los galardones, que vino despu\u00e9s de la lectura de m\u00e9ritos de los premiados por parte de Juan Enrique Ablanque, Cronista Oficial de Marchamalo, y seguido del agradecimiento con el que las personas premiadas recogieron sus distinciones. Primero lo hizo \u00c1ngel Estremera D\u00edaz, actual presidente de la Comunidad de Regantes del Canal del Henares, entidad que cumplir\u00e1 un siglo desde su fundaci\u00f3n en apenas unos meses, notablemente agradecido al recibir \u201cel primer reconocimiento que nos hacen al menos en dos d\u00e9cadas\u201d, dedicando unas palabras de especial cari\u00f1o al alcalde de Marchamalo, municipio con quien dijo que \u201cdentro de muy poco daremos los primeros pasos para que el Canal del Henares tenga una nueva y especial vinculaci\u00f3n\u201d, anticipo este de un acuerdo de colaboraci\u00f3n entre ambas entidades con la mirada puesta en el futuro de toda la comarca que se conocer\u00e1 dentro de poco.<\/p>\n<p>Seguidamente, recogieron sus respectivas distinciones los dos \u00fanicos entrenadores de f\u00fatbol gallardos que han logrado alcanzar a dirigir sus respectivos equipos en categor\u00eda Nacional. En primer lugar lo hizo el primero en lograrlo cronol\u00f3gicamente hablando, Manuel Andradas Recio, quien fuera durante muchos a\u00f1os y en distintas etapas como entrenador del primer equipo del Club Deportivo Marchamalo. Con \u00e9l como entrenador el CD Marchamalo logr\u00f3 el primer ascenso de su historia a Tercera Divisi\u00f3n en el a\u00f1o 2005, y tambi\u00e9n con \u00e9l logr\u00f3 el regreso a esta categor\u00eda en 2014, convirtiendo al equipo gallardo en un habitual en Tercera.<\/p>\n<p>El \u00faltimo en recoger su reconocimiento fue el que m\u00e1s recientemente ha logrado ese hito de entrenar en categor\u00eda Nacional, Javier \u201cTito\u201d Ablanque, quien, despu\u00e9s de tres ascensos seguidos, ha logrado llevar a un equipo como el filial del CD Guadalajara, desaparecido hace unos a\u00f1os, a estar en una categor\u00eda in\u00e9dita para ellos, la Tercera RFEF. Ambos, visiblemente emocionados por la distinci\u00f3n, agradecieron a sus familias, compa\u00f1eros y jugadores a los que han dirigido todo el apoyo y esfuerzo que les han permitido conseguir estos m\u00e9ritos.<\/p>\n<p>Para finalizar el acto, Rafael Esteban dirigi\u00f3 unas palabras al p\u00fablico y los tres premiados, destacando de todos sus discursos \u201cel agradecimiento que hab\u00e9is hecho a las personas que han trabajado y trabajan con vosotros y que, con ese esfuerzo colectivo, permiten lograr cualquier \u00e9xito y que las cosas evolucionen hacia algo mejor\u201d.<\/p>\n<p><strong>LOS TRES \u2018GALLARDOS DEL A\u00d1O 2025\u2019<\/strong><\/p>\n<p>La <strong>Comunidad de Regantes del Canal del Henares<\/strong>, se constituye en el a\u00f1o 1926 con la encomienda de gestionar esta infraestructura por parte de la Confederaci\u00f3n Hidrogr\u00e1fica del Tajo, entidad creada ese mismo a\u00f1o por el Estado. En aquel entonces el Canal del Henares, uno de los proyectos de ingenier\u00eda civil m\u00e1s importantes del siglo XIX en Espa\u00f1a, estaba sin finalizar, algo que se logr\u00f3 completamente en 1954. La entidad se encuentra, por tanto, a las puertas de cumplir su Centenario, algo que llega en un contexto de profunda modernizaci\u00f3n emprendido por su nuevo presidente, \u00c1ngel Estremera D\u00edaz.<\/p>\n<p>La uni\u00f3n de Marchamalo con el Canal del Henares es innegable, siendo un elemento alrededor del cual el pueblo creci\u00f3 econ\u00f3mica y urban\u00edsticamente, llegando a ser uno de los ejes que divide el municipio. Esa uni\u00f3n es tambi\u00e9n palpable en la Comunidad de Regantes, la cual cuenta con varios miembros marchamaleros, algo que se dej\u00f3 notar incluso en el acto oficial de la entrega a esta entidad de la gesti\u00f3n del Canal del Henares y su concesi\u00f3n de agua para regad\u00edo por parte de la CHT, que se celebr\u00f3 en Marchamalo el 18 de junio de 1928, siendo entonces su presidente Don Higinio Madrazo, Marqu\u00e9s del Valle de la Colina, y el representante de nuestro municipio Don Eladio Acevedo. La cr\u00f3nica de este acto refleja que \u201cel Sr. Madrazo, como Presidente de la Comunidad, levant\u00f3 las compuertas y dio salida a las aguas, cogiendo un cubo de agua y verti\u00e9ndolo en las tierras como acto de posesi\u00f3n, y levant\u00f3 el Notario la correspondiente acta. A continuaci\u00f3n, el Sr. Acevedo, Diputado Provincial, pronunci\u00f3 atinadas frases congratul\u00e1ndose de la honra que significaba para Marchamalo este acto\u201d.<\/p>\n<p>Actualmente el Canal del Henares tiene 39 km de trayectoria en la que el agua se mueve por gravedad gracias a un sistema de compuertas, desde la peque\u00f1a presa construida en 1865 sobre el cauce del r\u00edo Henares, en t\u00e9rmino municipal de Humanes, hasta la madrile\u00f1a localidad de Meco, estando constituida por cerca de 1.500 comuneros y una capacidad de riego para cerca de 6500 hect\u00e1reas divididas en 3 sectores independientes.<\/p>\n<p><strong>Manuel Andradas Recio<\/strong> fue el primer entrenador de f\u00fatbol marchamalero que logr\u00f3 entrenar un equipo en categor\u00eda nacional, m\u00e1s concretamente, al CD Marchamalo en la temporada 2005-06, tras lograr el primer ascenso de la historia de este club a Tercera Divisi\u00f3n. De 66 a\u00f1os, es bien conocido en marchamalo por haber dedicado gran parte de su vida a dos de sus pasiones: el f\u00fatbol y su pueblo, donde ha sido concejal durante 25 a\u00f1os. Ha sido sin duda uno de los psrotagonistas del crecimiento deportivo de Marchamalo desde su independencia en 1999 en su doble faceta de Concejal de Deportes y entrenador de f\u00fatbol.<\/p>\n<p>En la temporada 2004-05 y tras una dura pugna con los equipos del Grupo 2 de Primera Preferente Auton\u00f3mica de Castilla-La Mancha, el CD Marchamalo logr\u00f3 participar en el play-off logrando el primer ascenso a Tercera Divisi\u00f3n de la historia de nuestro equipo. Durante las dos pr\u00f3ximas temporadas, Andradas continuar\u00eda siendo el entrenador del equipo logrando mantener al equipo lejos del descenso.<\/p>\n<p>Despu\u00e9s, con el paso de los a\u00f1os, el CD Marchamalo volver\u00eda a Primera Auton\u00f3mica Preferente, donde Manuel Andradas volvi\u00f3 a dirigir al equipo para lograr su segundo ascenso a Tercera Divisi\u00f3n en el a\u00f1o 2014 tras conseguir que el equipo se proclamara por primera vez Campe\u00f3n de Primera Preferente de Castilla-La Mancha en su grupo. Una vez logrado el objetivo, Andradas dio un paso a un lado dejando de comandar el banquillo gallardo para pasar a ser Director Deportivo de la entidad durante varias temporadas m\u00e1s.<\/p>\n<p><strong>Javier Ablanque L\u00f3pez<\/strong> comenz\u00f3 su trayectoria como entrenador muy pronto, siendo a\u00fan jugador de f\u00fatbol amateur en activo. Formado como jugador en la Escuela de F\u00fatbol de Marchamalo, lleg\u00f3 a jugar en Tercera Divisi\u00f3n con el CD Azuqueca y CD Marchamalo, equipo con el que tambi\u00e9n vivi\u00f3 el regreso a categor\u00eda nacional desde Preferente Auton\u00f3mica en 2014 a las \u00f3rdenes de Manuel Andradas.<\/p>\n<p>Desde muy joven entren\u00f3 equipos de categor\u00edas formativas, tanto en la Escuela de F\u00fatbol del CD Salesianos Guadalajara como en el Club Deportivo Guadalajara, a donde Ablanque da el salto como miembro del cuerpo t\u00e9cnico del equipo juvenil en la temporada 2021-2022. Durante esa temporada y la siguiente, logran situar al juvenil del CD Guadalajara en los primeros puestos de la Preferente de Castilla-La Mancha, logrando el ascenso a Liga Nacional Juvenil en el a\u00f1o 2023. Su buen hacer en el equipo juvenil le lleva a ser nombrado primer entrenador del equipo filial del CD Guadalajara en la temporada 2023-24, equipo que empieza a dirigir en Primera Auton\u00f3mica de Castilla-La Mancha para despu\u00e9s encadenar tres ascensos de categor\u00eda consecutivos, dos con su equipo como campe\u00f3n de su grupo, logrando con ello un hist\u00f3rico ascenso directo del filial del CD Guadalajara a Tercera RFEF.<\/p>\n<p>Este pasado mes de septiembre de 2025, Javier Ablanque L\u00f3pez, con tan solo 33 a\u00f1os de edad y conocido en el mundo del f\u00fatbol como \u201cTito\u201d Ablanque, apodo heredado de su padre, se convert\u00eda en el segundo entrenador gallardo en llegar a entrenar en categor\u00eda Nacional de f\u00fatbol al frente del banquillo del equipo filial del CD Guadalajara, el cual comanda en el Grupo XVIII de Tercera Divisi\u00f3n siendo el conjunto alcarre\u00f1o mejor clasificado hasta el momento.<\/p>\n","protected":false},"excerpt":{"rendered":"La ceremonia de entrega de los XV Premios \u2018Gallardo del A\u00f1o\u2019 ha reconocido hoy la trayectoria de la&hellip;\n","protected":false},"author":2,"featured_media":262545,"comment_status":"","ping_status":"","sticky":false,"template":"","format":"standard","meta":{"footnotes":""},"categories":[5],"tags":[17,18,25,24,13,14,11,19,20,9,10,15,16,23,12,21,22],"class_list":{"0":"post-262544","1":"post","2":"type-post","3":"status-publish","4":"format-standard","5":"has-post-thumbnail","7":"category-titulares","8":"tag-breaking-news","9":"tag-breakingnews","10":"tag-es","11":"tag-espana","12":"tag-featured-news","13":"tag-featurednews","14":"tag-headlines","15":"tag-latest-news","16":"tag-latestnews","17":"tag-news","18":"tag-noticias","19":"tag-noticias-destacadas","20":"tag-noticiasdestacadas","21":"tag-spain","22":"tag-titulares","23":"tag-ultimas-noticias","24":"tag-ultimasnoticias"},"share_on_mastodon":{"url":"https:\/\/pubeurope.com\/@es\/115634728034013359","error":""},"_links":{"self":[{"href":"https:\/\/www.europesays.com\/es\/wp-json\/wp\/v2\/posts\/262544","targetHints":{"allow":["GET"]}}],"collection":[{"href":"https:\/\/www.europesays.com\/es\/wp-json\/wp\/v2\/posts"}],"about":[{"href":"https:\/\/www.europesays.com\/es\/wp-json\/wp\/v2\/types\/post"}],"author":[{"embeddable":true,"href":"https:\/\/www.europesays.com\/es\/wp-json\/wp\/v2\/users\/2"}],"replies":[{"embeddable":true,"href":"https:\/\/www.europesays.com\/es\/wp-json\/wp\/v2\/comments?post=262544"}],"version-history":[{"count":0,"href":"https:\/\/www.europesays.com\/es\/wp-json\/wp\/v2\/posts\/262544\/revisions"}],"wp:featuredmedia":[{"embeddable":true,"href":"https:\/\/www.europesays.com\/es\/wp-json\/wp\/v2\/media\/262545"}],"wp:attachment":[{"href":"https:\/\/www.europesays.com\/es\/wp-json\/wp\/v2\/media?parent=262544"}],"wp:term":[{"taxonomy":"category","embeddable":true,"href":"https:\/\/www.europesays.com\/es\/wp-json\/wp\/v2\/categories?post=262544"},{"taxonomy":"post_tag","embeddable":true,"href":"https:\/\/www.europesays.com\/es\/wp-json\/wp\/v2\/tags?post=262544"}],"curies":[{"name":"wp","href":"https:\/\/api.w.org\/{rel}","templated":true}]}}