{"id":262547,"date":"2025-11-29T19:58:11","date_gmt":"2025-11-29T19:58:11","guid":{"rendered":"https:\/\/www.europesays.com\/es\/262547\/"},"modified":"2025-11-29T19:58:11","modified_gmt":"2025-11-29T19:58:11","slug":"la-historia-de-gigantes-del-basket-40-anos-de-baloncesto","status":"publish","type":"post","link":"https:\/\/www.europesays.com\/es\/262547\/","title":{"rendered":"La historia de Gigantes del Basket: 40 a\u00f1os de baloncesto"},"content":{"rendered":"<p>Con motivo del 40 aniversario de la revista, Gigantes del Basket realiz\u00f3 un evento especial con invitados ilustres para repasar su historia.<\/p>\n<p>Gigantes del Basket cumple 40 a\u00f1os y para celebrar cuatro d\u00e9cadas de historia celebramos un evento especial con algunos invitados clave de la revista y el proyecto.<\/p>\n<p>Un evento que cont\u00f3 con las ponencias de Paco Torres, ex director durante 28 a\u00f1os; Nacho Doria, redactor jefe de la revista; Andr\u00e9s Monje, colaborador habitual; y David Sardinero, actual director. <\/p>\n<p>Con un elenco de lujo, los cuatro compartieron en la sede del Banco Mediolanum una conversaci\u00f3n repleta de an\u00e9cdotas, reflexiones clave sobre la evoluci\u00f3n del periodismo y multitud de historias relacionadas con Gigantes del Basket.<\/p>\n<p>Una charla distentida y amena que se puede disfrutar en nuestro canal de YouTube y que forma parte de una serie de eventos y momentos dentro del 40 aniversario de la cabecera.<\/p>\n<p>\t\t\t\t\t\t<a href=\"https:\/\/www.gigantes.com\/tienda\/hemeroteca\/especial-40-aniversario-gigantes-del-basket-no-1-562-noviembre-2025\/\" target=\"_blank\" rel=\"noopener nofollow\"><br \/>\n\t\t\t\t\t\t\t<img decoding=\"async\" src=\"https:\/\/www.europesays.com\/es\/wp-content\/uploads\/2025\/11\/cropped-40.jpg\" alt=\"cropped-40.jpg\"\/><br \/>\n\t\t\t\t\t\t<\/a><\/p>\n<p class=\"magazine-meta\">\n\t\t\t\t\t\t\t\t\t\t\t\t\t\t\t\t\t1562<br \/>\n\t\t\t\t\t\t\t\t\t\t\t\t\t\t\t\t\t\t\t\t\t\t\t\t\t |<br \/>\n\t\t\t\t\t\t\t\t\t\t\t\t\t\t\t\t\t\t\t\t\t\t\t\t\tNoviembre 2025\n\t\t\t\t\t\t\t\t\t\t\t\t\t\t\t<\/p>\n<p class=\"magazine-description\">Testigos del baloncesto. Cumplimos 40 a\u00f1os. Una edici\u00f3n diferente, llena de curiosidades, opiniones, gui\u00f1os, historia y cari\u00f1o. Cuatro d\u00e9cadas fusionando basket y papel.<\/p>\n<p>\t\t\t\t\t<a href=\"https:\/\/www.gigantes.com\/tienda\/hemeroteca\/especial-40-aniversario-gigantes-del-basket-no-1-562-noviembre-2025\/\" class=\"btn-primary\" target=\"_blank\" rel=\"noopener nofollow\">Comprar<\/a><\/p>\n","protected":false},"excerpt":{"rendered":"Con motivo del 40 aniversario de la revista, Gigantes del Basket realiz\u00f3 un evento especial con invitados ilustres&hellip;\n","protected":false},"author":2,"featured_media":262548,"comment_status":"","ping_status":"","sticky":false,"template":"","format":"standard","meta":{"footnotes":""},"categories":[269],"tags":[65401,299,298,168,25,24,23,167],"class_list":{"0":"post-262547","1":"post","2":"type-post","3":"status-publish","4":"format-standard","5":"has-post-thumbnail","7":"category-baloncesto","8":"tag-40-aniversario","9":"tag-baloncesto","10":"tag-basketball","11":"tag-deportes","12":"tag-es","13":"tag-espana","14":"tag-spain","15":"tag-sports"},"share_on_mastodon":{"url":"https:\/\/pubeurope.com\/@es\/115634760124754016","error":""},"_links":{"self":[{"href":"https:\/\/www.europesays.com\/es\/wp-json\/wp\/v2\/posts\/262547","targetHints":{"allow":["GET"]}}],"collection":[{"href":"https:\/\/www.europesays.com\/es\/wp-json\/wp\/v2\/posts"}],"about":[{"href":"https:\/\/www.europesays.com\/es\/wp-json\/wp\/v2\/types\/post"}],"author":[{"embeddable":true,"href":"https:\/\/www.europesays.com\/es\/wp-json\/wp\/v2\/users\/2"}],"replies":[{"embeddable":true,"href":"https:\/\/www.europesays.com\/es\/wp-json\/wp\/v2\/comments?post=262547"}],"version-history":[{"count":0,"href":"https:\/\/www.europesays.com\/es\/wp-json\/wp\/v2\/posts\/262547\/revisions"}],"wp:featuredmedia":[{"embeddable":true,"href":"https:\/\/www.europesays.com\/es\/wp-json\/wp\/v2\/media\/262548"}],"wp:attachment":[{"href":"https:\/\/www.europesays.com\/es\/wp-json\/wp\/v2\/media?parent=262547"}],"wp:term":[{"taxonomy":"category","embeddable":true,"href":"https:\/\/www.europesays.com\/es\/wp-json\/wp\/v2\/categories?post=262547"},{"taxonomy":"post_tag","embeddable":true,"href":"https:\/\/www.europesays.com\/es\/wp-json\/wp\/v2\/tags?post=262547"}],"curies":[{"name":"wp","href":"https:\/\/api.w.org\/{rel}","templated":true}]}}