{"id":262549,"date":"2025-11-29T19:59:09","date_gmt":"2025-11-29T19:59:09","guid":{"rendered":"https:\/\/www.europesays.com\/es\/262549\/"},"modified":"2025-11-29T19:59:09","modified_gmt":"2025-11-29T19:59:09","slug":"navarra-puede-hacer-historia-en-la-copa-de-regiones-de-la-uefa","status":"publish","type":"post","link":"https:\/\/www.europesays.com\/es\/262549\/","title":{"rendered":"Navarra puede hacer historia en la Copa de Regiones de la UEFA"},"content":{"rendered":"<p><strong>Navarra\t<\/strong>3<\/p>\n<p><strong>Murcia\t<\/strong>0<\/p>\n<p>NAVARRA: Hodei Buld\u00e1in, \u00c1lvaro V\u00e9laz, Mikel Cont\u00edn, Alejandro Cacho (46\u2019 Mattin Valenzuela), I\u00f1aki Berruete, Aimar Martiarena, Daniel P\u00e9rez (65\u2019 Unai Mart\u00ednez), Bingen Beguiristain (75\u2019 \u00d3scar Le\u00f3n), Unai Zubir\u00eda (65\u2019 Xabier Arrieta), Samuel S\u00e1nchez (83\u2019 Francisco Javier Urd\u00e1noz), Ibai Alonso (75\u2019 Yago Ac\u00edn).<\/p>\n<p>MURCIA: Jos\u00e9 Antonio Vivancos, Milciades C\u00e1ceres, Francisco D\u00edaz, Iv\u00e1n Gimeno, \u00c1lvaro G\u00f3mez (46\u2019 Luis Vivancos), Carlos Conejero (68\u2019 David Mart\u00ednez), Jos\u00e9 Carlos Astillero, Adri\u00e1n Ag\u00fcera (80\u2019 Jos\u00e9 Mart\u00ednez), S\u00e1ul Gracia (61\u2019 Eduardo Zapata), Mario Mart\u00ednez, Javier Lucas (46\u2019 V\u00edctor Fimbres).<\/p>\n<p>Goles: 1-0, m.12: Dani P\u00e9rez; 2-0, m.13: Ibai Alonso; 3-0, m.60: Unai Zubir\u00eda.<\/p>\n<p>\u00c1rbitro: Miguel Beaumont. Amonest\u00f3 al local Ibai Alonso y al visitante Jos\u00e9 Carlos Astillero.<\/p>\n<p>Estadio: Nuevo San Miguel de Aoiz.<\/p>\n<p class=\"article-body__text \">\n        La selecci\u00f3n aficionada protagoniz\u00f3 un debut so\u00f1ado en la primera fase de la Copa Regiones UEFA. El combinado de Jaime S\u00e1nchez se impuso por 3-0 a Regi\u00f3n de Murcia y afrontar\u00e1 la segunda y \u00faltima jornada como l\u00edder tras el empate entre Cantabria y Asturias del partido inaugural. Navarra aspira a clasificarse para los cuartos de final de la fase nacional por primera vez en su historia. Un empate ante los c\u00e1ntabros ser\u00e1 suficiente en el duelo de este domingo.\n<\/p>\n<p class=\"article-body__text \">\n        A pesar de la baja temperatura, la anfitriona sali\u00f3 muy enchufada al terreno de juego del Nuevo San Miguel de Aoiz. No en vano, los forales encarrilaron el encuentro con sendos goles en dos minutos cuando no se hab\u00eda cumplido el cuarto de hora de partido. Una buena acci\u00f3n por banda izquierda de Ibai Alonso le permiti\u00f3 asistir a su compa\u00f1ero Dani P\u00e9rez para inaugurar el marcador en el 12.\u00a0\n<\/p>\n<p class=\"article-body__text \">\n        Y de asistente a goleador pues el propio jugador del San Juan marc\u00f3 uno de los goles del torneo cuando, sin pens\u00e1rselo, tir\u00f3 directamente a porter\u00eda desde campo propio. Un golazo que quit\u00f3 los nervios en la escuadra local ante una Regi\u00f3n de Murcia no exenta de calidad y que recibi\u00f3 un duro castigo en la primera parte.\u00a0\n<\/p>\n<p class=\"article-body__text \">\n        Las fuerzas se igualaron en la segunda con Navarra defendiendo en bloque bajo. Sin embargo, y a pesar de que no hubo grandes ocasiones durante ese periodo, Unai Zubir\u00eda logr\u00f3 el tercer tanto a media hora para el final. El delantero del Izarra aprovech\u00f3 una buena contra de Dani P\u00e9rez quien, doblado por V\u00e9laz, se la prolong\u00f3 al lateral derecho. \u00c9ste centr\u00f3 y el bal\u00f3n le lleg\u00f3 a un Unai Zubir\u00eda, libre de marca en la frontal del \u00e1rea peque\u00f1a, que bati\u00f3 al portero Vivancos.\n<\/p>\n<p class=\"article-body__text \">\n        Buena imagen de Navarra que buscar\u00e1 refrendar este domingo ante Cantabria. Con un empate, la selecci\u00f3n Navarra ya har\u00eda historia porque se clasificar\u00eda para los cuartos de final de la fase nacional.\n<\/p>\n<p class=\"article-body__text \">\n        El partido entre Cantabria y Navarra ser\u00e1 retransmitido, en directo, por el segundo canal de Navarra Televisi\u00f3n y por el canal de YouTube de la RFEF<\/p>\n","protected":false},"excerpt":{"rendered":"Navarra 3 Murcia 0 NAVARRA: Hodei Buld\u00e1in, \u00c1lvaro V\u00e9laz, Mikel Cont\u00edn, Alejandro Cacho (46\u2019 Mattin Valenzuela), I\u00f1aki Berruete,&hellip;\n","protected":false},"author":2,"featured_media":262550,"comment_status":"","ping_status":"","sticky":false,"template":"","format":"standard","meta":{"footnotes":""},"categories":[268],"tags":[2493,168,25,24,280,282,448,708,32772,281,23,167,6674],"class_list":{"0":"post-262549","1":"post","2":"type-post","3":"status-publish","4":"format-standard","5":"has-post-thumbnail","7":"category-futbol","8":"tag-copa","9":"tag-deportes","10":"tag-es","11":"tag-espana","12":"tag-football","13":"tag-futbol","14":"tag-historia","15":"tag-navarra","16":"tag-regiones","17":"tag-soccer","18":"tag-spain","19":"tag-sports","20":"tag-uefa"},"share_on_mastodon":{"url":"https:\/\/pubeurope.com\/@es\/115634763544205014","error":""},"_links":{"self":[{"href":"https:\/\/www.europesays.com\/es\/wp-json\/wp\/v2\/posts\/262549","targetHints":{"allow":["GET"]}}],"collection":[{"href":"https:\/\/www.europesays.com\/es\/wp-json\/wp\/v2\/posts"}],"about":[{"href":"https:\/\/www.europesays.com\/es\/wp-json\/wp\/v2\/types\/post"}],"author":[{"embeddable":true,"href":"https:\/\/www.europesays.com\/es\/wp-json\/wp\/v2\/users\/2"}],"replies":[{"embeddable":true,"href":"https:\/\/www.europesays.com\/es\/wp-json\/wp\/v2\/comments?post=262549"}],"version-history":[{"count":0,"href":"https:\/\/www.europesays.com\/es\/wp-json\/wp\/v2\/posts\/262549\/revisions"}],"wp:featuredmedia":[{"embeddable":true,"href":"https:\/\/www.europesays.com\/es\/wp-json\/wp\/v2\/media\/262550"}],"wp:attachment":[{"href":"https:\/\/www.europesays.com\/es\/wp-json\/wp\/v2\/media?parent=262549"}],"wp:term":[{"taxonomy":"category","embeddable":true,"href":"https:\/\/www.europesays.com\/es\/wp-json\/wp\/v2\/categories?post=262549"},{"taxonomy":"post_tag","embeddable":true,"href":"https:\/\/www.europesays.com\/es\/wp-json\/wp\/v2\/tags?post=262549"}],"curies":[{"name":"wp","href":"https:\/\/api.w.org\/{rel}","templated":true}]}}