{"id":262553,"date":"2025-11-29T20:03:18","date_gmt":"2025-11-29T20:03:18","guid":{"rendered":"https:\/\/www.europesays.com\/es\/262553\/"},"modified":"2025-11-29T20:03:18","modified_gmt":"2025-11-29T20:03:18","slug":"movistar-plus-estrena-el-martes-un-nuevo-canal-de-cine-con-todas-estas-peliculas-en-su-programacion","status":"publish","type":"post","link":"https:\/\/www.europesays.com\/es\/262553\/","title":{"rendered":"Movistar Plus+ estrena el martes un nuevo canal de cine con todas estas pel\u00edculas en su programaci\u00f3n"},"content":{"rendered":"<p>Los usuarios de Movistar Plus+ ya pueden marcar en su agenda una fecha importante: <strong>el d\u00eda 2 de diciembre<\/strong>. Ser\u00e1 en ese momento, el pr\u00f3ximo martes, cuando se estrenar\u00e1 un nuevo canal de cine en la televisi\u00f3n de la operadora.<\/p>\n<p>Los adornos decoran las calles y es muy probable que tambi\u00e9n hayas decorado tu casa. La Navidad se respira en el ambiente y todo el mundo habla de las vacaciones, de los regalos y de Pap\u00e1 Noel. En Movistar Plus+, no han querido dejar pasar la oportunidad: <strong>llega Navidad por M+<\/strong> para todos los <a href=\"https:\/\/clk.tradedoubler.com\/click?p=357743&amp;a=2826988&amp;epi=textlink&amp;epi2=2677945&amp;url=https:\/\/www.movistarplus.es\/\" target=\"_blank\" rel=\"noopener sponsored noreferrer nofollow\" data-mrf-recirculation=\"affiliate-manual-link\">usuarios de Movistar Plus+<\/a>.<\/p>\n<p>                                    <img decoding=\"async\" class=\"picture-exclude\" width=\"200\" height=\"200\" src=\"https:\/\/www.europesays.com\/es\/wp-content\/uploads\/2025\/11\/1764446593_902_movistar-plus-logo.png\" alt=\"Movistar Plus+ (suscripci\u00f3n de un mes)\" loading=\"lazy\"\/><\/p>\n<p>Movistar Plus+ (suscripci\u00f3n de un mes)<\/p>\n<p>                                    <a data-affiliate-link-button=\"bannerLink\" href=\"https:\/\/clk.tradedoubler.com\/click?p=357743&amp;a=2826988&amp;epi=bannerlink&amp;epi2=2677945&amp;url=https:\/\/www.movistarplus.es\/\" class=\"affiliate-button-item__link gaz-button\" target=\"_blank\" rel=\"noopener sponsored nofollow\" style=\"background: ;\">Ver oferta<\/a><\/p>\n<p>                                    <img decoding=\"async\" class=\"picture-exclude\" width=\"90\" height=\"21\" src=\"https:\/\/www.europesays.com\/es\/wp-content\/uploads\/2025\/11\/Movistar.png\" alt=\"logo tienda afiliado\" loading=\"lazy\"\/> <\/p>\n<p>Nuevo canal de cine<\/p>\n<p><strong>Disponible desde el martes 2 de diciembre<\/strong> y hasta el d\u00eda 11 de enero, el canal Navidad por M+ se ha transformado en una tradici\u00f3n entre los usuarios de Movistar.<\/p>\n<p>El cine no ser\u00e1 el \u00fanico contenido que encontraremos en Navidad por M+, pero s\u00ed que <strong>ocupar\u00e1 el papel protagonista<\/strong>. No obstante, con la programaci\u00f3n que vamos a repasar en esta noticia, podr\u00e1s ver que habr\u00e1 otros contenidos interesantes que se intercalar\u00e1n con las pel\u00edculas.<\/p>\n<p><img decoding=\"async\" loading=\"lazy\" width=\"1280\" height=\"720\" src=\"https:\/\/www.europesays.com\/es\/wp-content\/uploads\/2025\/11\/Navidad-por-M-canal-Movistar-Plus.png\" alt=\"Imagen del canal Navidad por M+ de Movistar Plus+\"\/><\/p>\n<p>El canal de Navidad de Movistar Plus+ no faltar\u00e1 a su cita en 2025. \/ Imagen: Movistar Plus+<\/p>\n<p>As\u00ed, tal y como ya se mencion\u00f3 anteriormente, el canal tambi\u00e9n <strong>emitir\u00e1 series, documentales, conciertos<\/strong> y distintos programas de entretenimiento. Uno de los objetivos pasar\u00e1 por unificar tanto producciones modernas que cautiven a los m\u00e1s j\u00f3venes, como cl\u00e1sicos que despierten la nostalgia de los mayores.<\/p>\n<p>Esto se podr\u00e1 ver en la combinaci\u00f3n de t\u00edtulos tan famosos como Paddington: Aventura en la selva, <strong>producciones muy populares<\/strong> como la secuela de Los futbol\u00edsimos o Una pel\u00edcula de Minecraft. Si bien en menor medida, tambi\u00e9n habr\u00e1 cl\u00e1sicos vitales en Navidad, como E.T.<\/p>\n<p>Programaci\u00f3n de los primeros d\u00edas<\/p>\n<p><strong>La magia de la Navidad<\/strong> aterrizar\u00e1 en Movistar Plus+ el martes 2 de diciembre y, desde entonces, ya no habr\u00e1 nada que detenga al servicio de la operadora.<\/p>\n<p>Martes 2 de diciembre<\/p>\n<p><strong>Esta es la programaci\u00f3n completa<\/strong> del canal en su primer d\u00eda de emisi\u00f3n, uno en el que Navidad por M+ ya marcar\u00e1 tendencias.<\/p>\n<ul>\n<li>One Zoo Three: El zoosical \u2013 08:00<\/li>\n<li>Colegas en el bosque \u2013 08:25<\/li>\n<li>Bookworm. El misterio de la pantera \u2013 09:50<\/li>\n<li>Bambi, una vida en el bosque \u2013 11:32<\/li>\n<li>Un l\u00edo de millones \u2013 12:50<\/li>\n<li><strong>Family Man<\/strong> \u2013 14:20<\/li>\n<li>Navidades en el Plaza \u2013 16:23<\/li>\n<li>El Grinch \u2013 17:13<\/li>\n<li>El Grinch \u2013 18:57<\/li>\n<li>Recuerdo de una noche \u2013 20:23<\/li>\n<li>El casopl\u00f3n \u2013 22:00<\/li>\n<li><strong>El diario de Bridget Jones<\/strong> \u2013 23:32<\/li>\n<li>Bridget Jones: Sobrevivir\u00e9 \u2013 01:07<\/li>\n<li>Bridget Jones\u2019 Baby \u2013 02:52<\/li>\n<li>Bridget Jones: loca por \u00e9l \u2013 04:50<\/li>\n<\/ul>\n<p>Como se puede comprobar, el primer d\u00eda <strong>va a estar marcado por el buen cine<\/strong>. El estilo de las pel\u00edculas se ajustar\u00e1 a los distintos horarios de emisi\u00f3n. As\u00ed, aunque predominar\u00e1n los buenos sentimientos y el cine familiar, por la noche habr\u00e1 emisi\u00f3n de comedias rom\u00e1nticas.<\/p>\n<p>Adem\u00e1s, otro dato que hay que destacar es que, en este primer d\u00eda, <strong>se emitir\u00e1n las dos pel\u00edculas de El Grinch<\/strong> seguidas. Primero podremos ver la versi\u00f3n de Jim Carrey y, en segundo lugar, se emitir\u00e1 la producci\u00f3n animada estrenada en 2018.<\/p>\n<p>Mi\u00e9rcoles 3 de diciembre<\/p>\n<p>La programaci\u00f3n del segundo d\u00eda aportar\u00e1 un toque de documentales y una <strong>gran cantidad de cl\u00e1sicos del cine<\/strong>, lo que seguro que encanta a los m\u00e1s nost\u00e1lgicos.<\/p>\n<ul>\n<li>El primer villancico \u2013 06:50<\/li>\n<li>One Zoo Three: D\u00eda de deporte \u2013 07:45<\/li>\n<li>El malvado zorro feroz \u2013 08:10<\/li>\n<li>El artista del cristal \u2013 09:30<\/li>\n<li>La gran aventura de Mortadelo y Filem\u00f3n \u2013 11:07<\/li>\n<li>Decoraciones navide\u00f1as incre\u00edbles \u2013 12:52<\/li>\n<li><strong>Bitelch\u00fas Bitelch\u00fas<\/strong> \u2013 13:42<\/li>\n<li>Los fantasmas atacan al jefe \u2013 15:25<\/li>\n<li>La familia Addams \u2013 17:05<\/li>\n<li>La familia Addams 2 \u2013 la gran escapada \u2013 18:30<\/li>\n<li>Noche de fin de a\u00f1o \u2013 20:00<\/li>\n<li>La estaci\u00f3n de la felicidad \u2013 22:00<\/li>\n<li>Wonder Woman \u2013 23:41<\/li>\n<li><strong>The Mummy (La momia)<\/strong> \u2013 01:58<\/li>\n<li>El regreso de la momia \u2013 03:59<\/li>\n<\/ul>\n<p>Si el primer d\u00eda hab\u00eda quedado confirmado el inter\u00e9s del canal por <strong>emitir maratones y sagas completas<\/strong> con Bridget Jones, con el segundo d\u00eda queda mucho m\u00e1s remarcado. Al fin y al cabo, se emitir\u00e1n sagas como La familia Addams y La momia. Adem\u00e1s, no habr\u00e1 que perderse la inolvidable Los fantasmas atacan al jefe.<\/p>\n<p>Jueves 4 de diciembre<\/p>\n<p>Es posible que el canal se convierta en uno de tus favoritos por <strong>la elecci\u00f3n de pel\u00edculas que tiene<\/strong>. El jueves esas buenas sensaciones aumentar\u00e1n m\u00e1s gracias a su programaci\u00f3n.<\/p>\n<ul>\n<li>La momia III \u2013 06:05<\/li>\n<li>One Zoo Three: Superh\u00e9roes \u2013 07:55<\/li>\n<li>El secreto del libro de Kells \u2013 08:20<\/li>\n<li>El peque\u00f1o Nicol\u00e1s \u2013 09:38<\/li>\n<li>Kung Fu Panda -11:02<\/li>\n<li>El origen de los guardianes \u2013 12:32<\/li>\n<li><strong>Polar Express<\/strong> \u2013 14:07<\/li>\n<li>Paddington: aventura en la selva \u2013 15:47<\/li>\n<li>Navidad en familia \u2013 17:32<\/li>\n<li>Fly Me to the Moon \u2013 19:07<\/li>\n<li>Conoce \u00abLos Tigres\u00bb, la nueva pel\u00edcula de Alberto Rodr\u00edguez \u2013 21:17<\/li>\n<li>Carmen y la cuchara de palo \u2013 21:24<\/li>\n<li>Buffalo Kids \u2013 22:00<\/li>\n<li><strong>Karate Kid, el momento de la verdad<\/strong> \u2013 23:21<\/li>\n<li>The Karate Kid \u2013 01:25<\/li>\n<li>Karate Kid III: el desaf\u00edo final \u2013 03:40<\/li>\n<li>Karate Kid II: la historia contin\u00faa \u2013 05:30<\/li>\n<\/ul>\n<p>Este tercer d\u00eda, la combinaci\u00f3n de <strong>animaci\u00f3n y buenas pel\u00edculas<\/strong> para todos los p\u00fablicos, le seguir\u00e1 dando a Navidad por M+ un encanto especial. Finalizar el d\u00eda con la saga Karate Kid ser\u00e1 una de las mejores decisiones que hayan podido tomar.<\/p>\n<p>La programaci\u00f3n del canal continuar\u00e1 <strong>emitiendo pel\u00edculas de calidad<\/strong> en los siguientes d\u00edas. Su mezcla de films de los 80 y los 90, con producciones m\u00e1s modernas y otros contenidos, seguro que har\u00e1 que sea muy popular.<\/p>\n<p>        Preguntas frecuentes sobre Navidad por M+<\/p>\n<p>                        \u00bfDurante qu\u00e9 fechas estar\u00e1 disponible el canal?<\/p>\n<p>\n                        Entre el 2 de diciembre y el 11 de enero de 2026.\n                    <\/p>\n<p>                        \u00bfEn qu\u00e9 dial estar\u00e1?<\/p>\n<p>\n                        En el dial 15.\n                    <\/p>\n<p>                        \u00bfSe ver\u00e1 este canal tambi\u00e9n con la OTT de Movistar Plus+?<\/p>\n<p>\n                        S\u00ed, est\u00e1 incluido.\n                    <\/p>\n<p>En calidad de Afiliado de Amazon y otros programas similares, esta web obtiene ingresos por las compras adscritas que cumplen los requisitos aplicables<\/p>\n","protected":false},"excerpt":{"rendered":"Los usuarios de Movistar Plus+ ya pueden marcar en su agenda una fecha importante: el d\u00eda 2 de&hellip;\n","protected":false},"author":2,"featured_media":262554,"comment_status":"","ping_status":"","sticky":false,"template":"","format":"standard","meta":{"footnotes":""},"categories":[171],"tags":[146,147,25,24,23,214],"class_list":{"0":"post-262553","1":"post","2":"type-post","3":"status-publish","4":"format-standard","5":"has-post-thumbnail","7":"category-tv","8":"tag-entertainment","9":"tag-entretenimiento","10":"tag-es","11":"tag-espana","12":"tag-spain","13":"tag-tv"},"share_on_mastodon":{"url":"https:\/\/pubeurope.com\/@es\/115634779908327936","error":""},"_links":{"self":[{"href":"https:\/\/www.europesays.com\/es\/wp-json\/wp\/v2\/posts\/262553","targetHints":{"allow":["GET"]}}],"collection":[{"href":"https:\/\/www.europesays.com\/es\/wp-json\/wp\/v2\/posts"}],"about":[{"href":"https:\/\/www.europesays.com\/es\/wp-json\/wp\/v2\/types\/post"}],"author":[{"embeddable":true,"href":"https:\/\/www.europesays.com\/es\/wp-json\/wp\/v2\/users\/2"}],"replies":[{"embeddable":true,"href":"https:\/\/www.europesays.com\/es\/wp-json\/wp\/v2\/comments?post=262553"}],"version-history":[{"count":0,"href":"https:\/\/www.europesays.com\/es\/wp-json\/wp\/v2\/posts\/262553\/revisions"}],"wp:featuredmedia":[{"embeddable":true,"href":"https:\/\/www.europesays.com\/es\/wp-json\/wp\/v2\/media\/262554"}],"wp:attachment":[{"href":"https:\/\/www.europesays.com\/es\/wp-json\/wp\/v2\/media?parent=262553"}],"wp:term":[{"taxonomy":"category","embeddable":true,"href":"https:\/\/www.europesays.com\/es\/wp-json\/wp\/v2\/categories?post=262553"},{"taxonomy":"post_tag","embeddable":true,"href":"https:\/\/www.europesays.com\/es\/wp-json\/wp\/v2\/tags?post=262553"}],"curies":[{"name":"wp","href":"https:\/\/api.w.org\/{rel}","templated":true}]}}