{"id":262561,"date":"2025-11-29T20:07:10","date_gmt":"2025-11-29T20:07:10","guid":{"rendered":"https:\/\/www.europesays.com\/es\/262561\/"},"modified":"2025-11-29T20:07:10","modified_gmt":"2025-11-29T20:07:10","slug":"aplazan-la-vacuna-de-gripe-en-adultos-en-zaragoza-por-alta-demanda-solo-podran-vacunarse-ninos","status":"publish","type":"post","link":"https:\/\/www.europesays.com\/es\/262561\/","title":{"rendered":"Aplazan la vacuna de gripe en adultos en Zaragoza por alta demanda: solo podr\u00e1n vacunarse ni\u00f1os"},"content":{"rendered":"<p>La primera jornada extraordinaria de <strong><a target=\"_blank\" href=\"https:\/\/www.aragondigital.es\/tags\/vacunacion\/\" rel=\"nofollow noopener\">vacunaci\u00f3n<\/a> sin cita previa<\/strong> celebrada este s\u00e1bado en el <strong>Hospital Nuestra Se\u00f1ora de Gracia de <a target=\"_blank\" href=\"https:\/\/www.aragondigital.es\/zaragoza\/\" rel=\"nofollow noopener\">Zaragoza<\/a><\/strong> se ha saldado con una avalancha de demanda que <strong>ha superado con creces lo previsto<\/strong> por las autoridades sanitarias. Se han administrado<strong> 3.024 dosis<\/strong>, una cifra muy por encima de las 1.711 de la \u00faltima convocatoria en dos d\u00edas, por lo que desde el Departamento de <a target=\"_blank\" href=\"https:\/\/www.aragondigital.es\/sanidad\/\" rel=\"nofollow noopener\">Sanidad<\/a> se ha decidido que <strong>la campa\u00f1a de este domingo se limitar\u00e1 exclusivamente a ni\u00f1os<\/strong>.<\/p>\n<p>El elevado inter\u00e9s, impulsado por el <strong>fuerte repunte de casos de gripe y covid<\/strong> en la provincia, ha generado im\u00e1genes de <strong>filas kilom\u00e9tricas<\/strong>, con personas haciendo cola desde primeras horas de la ma\u00f1ana e incluso anteriores a la apertura.<\/p>\n<p>El <strong>plan inicial<\/strong> contemplaba de hecho la posibilidad de <strong>vacunar tambi\u00e9n este domingo a adultos<\/strong>, especialmente mayores de 60, embarazadas, personas con factores de riesgo o con patolog\u00edas cr\u00f3nicas, un grupo al que se recomienda la vacuna seg\u00fan las directrices sanitarias.<\/p>\n<p>Sin embargo, ante el \u00ab\u00e9xito rotundo de participaci\u00f3n ciudadana\u00bb y con los <strong>cupos de dosis agot\u00e1ndose m\u00e1s r\u00e1pido de lo esperado<\/strong>, las autoridades han decidido <strong>reprogramar la vacunaci\u00f3n para adultos al s\u00e1bado 13 de diciembre<\/strong>, dejando solo la puerta abierta a la <strong>poblaci\u00f3n infantil<\/strong> en este domingo.<\/p>\n<p>Con esta decisi\u00f3n el Gobierno de Arag\u00f3n busca <strong>no dejar sin provisiones a los Centros de Salud<\/strong> que seguir\u00e1n vacunando con normalidad esta semana a aquellas personas que pertenecen a los grupos de riesgo. Estos pueden seguir solicitando cita durante estos d\u00edas con normalidad.<\/p>\n","protected":false},"excerpt":{"rendered":"La primera jornada extraordinaria de vacunaci\u00f3n sin cita previa celebrada este s\u00e1bado en el Hospital Nuestra Se\u00f1ora de&hellip;\n","protected":false},"author":2,"featured_media":262562,"comment_status":"","ping_status":"","sticky":false,"template":"","format":"standard","meta":{"footnotes":""},"categories":[92],"tags":[2270,25,24,7749,165,338,166,1811,23,7589],"class_list":{"0":"post-262561","1":"post","2":"type-post","3":"status-publish","4":"format-standard","5":"has-post-thumbnail","7":"category-salud","8":"tag-covid","9":"tag-es","10":"tag-espana","11":"tag-gripe","12":"tag-health","13":"tag-portada","14":"tag-salud","15":"tag-sanidad","16":"tag-spain","17":"tag-vacunacion"},"share_on_mastodon":{"url":"https:\/\/pubeurope.com\/@es\/115634795408002702","error":""},"_links":{"self":[{"href":"https:\/\/www.europesays.com\/es\/wp-json\/wp\/v2\/posts\/262561","targetHints":{"allow":["GET"]}}],"collection":[{"href":"https:\/\/www.europesays.com\/es\/wp-json\/wp\/v2\/posts"}],"about":[{"href":"https:\/\/www.europesays.com\/es\/wp-json\/wp\/v2\/types\/post"}],"author":[{"embeddable":true,"href":"https:\/\/www.europesays.com\/es\/wp-json\/wp\/v2\/users\/2"}],"replies":[{"embeddable":true,"href":"https:\/\/www.europesays.com\/es\/wp-json\/wp\/v2\/comments?post=262561"}],"version-history":[{"count":0,"href":"https:\/\/www.europesays.com\/es\/wp-json\/wp\/v2\/posts\/262561\/revisions"}],"wp:featuredmedia":[{"embeddable":true,"href":"https:\/\/www.europesays.com\/es\/wp-json\/wp\/v2\/media\/262562"}],"wp:attachment":[{"href":"https:\/\/www.europesays.com\/es\/wp-json\/wp\/v2\/media?parent=262561"}],"wp:term":[{"taxonomy":"category","embeddable":true,"href":"https:\/\/www.europesays.com\/es\/wp-json\/wp\/v2\/categories?post=262561"},{"taxonomy":"post_tag","embeddable":true,"href":"https:\/\/www.europesays.com\/es\/wp-json\/wp\/v2\/tags?post=262561"}],"curies":[{"name":"wp","href":"https:\/\/api.w.org\/{rel}","templated":true}]}}