{"id":262563,"date":"2025-11-29T20:08:11","date_gmt":"2025-11-29T20:08:11","guid":{"rendered":"https:\/\/www.europesays.com\/es\/262563\/"},"modified":"2025-11-29T20:08:11","modified_gmt":"2025-11-29T20:08:11","slug":"alba-flores-revela-por-primera-vez-la-autopsia-de-su-padre-antonio","status":"publish","type":"post","link":"https:\/\/www.europesays.com\/es\/262563\/","title":{"rendered":"Alba Flores revela por primera vez la autopsia de su padre Antonio"},"content":{"rendered":"<p>\t\t\t \t\t \t\t\t\t\t\t\tUna imagen de Alba y Antonio Flores\u00a0mostrada en el documental <strong class=\"pd-l\"\/><\/p>\n<p>\t\t\t\t\t\tEl informe demuestra que el cantante de \u00abNo dudar\u00eda\u00bb no se suicid\u00f3, sino que sufri\u00f3 una parada cardiorrespiratoria por una intoxicaci\u00f3n por drogas: \u00abEl problema fue que descubri\u00f3 que hab\u00eda cosas que calmaban su ansiedad permanente\u00bb<br \/>\n\t\t\t\t\t\t\t\t\t\t\t\t<strong>29 nov 2025<\/strong> . Actualizado a las 18:35 h.\t\t\t\t\t\t<\/p>\n<p class=\"first-paragraph txt\"><strong>Alba Flores<\/strong> ha ajustado cuentas con el recuerdo de su padre, <strong>Antonio Flores<\/strong>, fallecido hace 30 a\u00f1os, en el documental<strong> Flores para Antonio<\/strong>, dirigido por Elena Molina e Isaki Lacuesta y disponible en <a href=\"https:\/\/www.lavozdegalicia.es\/temas\/movistar-plus\" rel=\"nofollow noopener\" target=\"_blank\">Movistar Plus<\/a>. En el largometraje,\u00a0es la actriz la encargada de narrar lo sucedido con su padre y ha revelado, por primera vez, el resultado detallado de la autopsia del cantautor, poniendo de este modo fin a a\u00f1os de especulaciones.<\/p>\n<p class=\"txt\">\u00abLeo tu autopsia, pap\u00e1. Tus 33 a\u00f1os. Tu pelo oscuro. Tus ojos oscuros. Tu mano izquierda, la de los acordes, con una f\u00e9rula de escayola. Escarcha en tus pulmones. Y petequias en tu coraz\u00f3n\u00bb, empieza recitando con emoci\u00f3n la int\u00e9rprete de 39 a\u00f1os, antes de pasar a\u00a0desvelar\u00a0pormenorizadamente el resultado del informe: <strong>\u00abLa presencia de opi\u00e1ceos, coca\u00edna, analg\u00e9sicos, ansiol\u00edticos y alcohol\u00bb<\/strong>, relata, antes de concluir con un po\u00e9tico: \u00abY la presencia de tu dolor\u00bb.<\/p>\n<p class=\"txt\">\n<p>\t\t\t\t\t\t\t\t\t\t\t\t&#13;<br \/>\n\t\t\t\t\t\t\t\t&#13;<br \/>\n&#13;<br \/>\n&#13;<\/p>\n<p>\t\t\t&#13;<br \/>\n\t&#13;<\/p>\n<p>\t\t\t<a href=\"https:\/\/www.lavozdegalicia.es\/noticia\/television\/2025\/11\/27\/ritual-alba-flores-pidio-permiso-vivir-padre-antonio\/00031764233760980139545.htm\" data-analytics=\"link-embed\" rel=\"nofollow noopener\" target=\"_blank\">El ritual de Alba Flores en el que pidi\u00f3 permiso para vivir m\u00e1s que su padre Antonio<\/a><\/p>\n<p class=\"a-min-author\">\n<p>\t\t\t\t\t\t\t\t\t\t\tC. A.<\/p>\n<p>\t&#13;<br \/>\n\t&#13;<br \/>\n&#13;<\/p>\n<p class=\"txt\">La hija del cantante que emocion\u00f3 a toda Espa\u00f1a con No dudar\u00eda explica en el documental que, tras la muerte de <a href=\"https:\/\/www.lavozdegalicia.es\/temas\/lola-flores\" rel=\"nofollow noopener\" target=\"_blank\">Lola Flores<\/a>, el artista estuvo quince d\u00edas sin dormir. \u00ab15 d\u00edas de vigilia\u00a0y duelo. Poca hambre, poco sue\u00f1o. Y esa noche, tambi\u00e9n un ginseng, un ba\u00f1o en la piscina y un \u00abma\u00f1ana estar\u00e9 mejor\u00bb\u00bb, relata con peque\u00f1as pinceladas Alba Flores sobre esos d\u00edas fat\u00eddicos que acabaron de la peor manera. \u00ab<strong>Parada cardiorrespiratoria<\/strong>. <strong>Intoxicaci\u00f3n por drogas<\/strong>. Muerte accidental. Te encontraron en la cama, descansando, como si estuvieras dormido\u00bb, explica sobre ese funesto momento que\u00a0supuso\u00a0una losa para la familia que dejaba atr\u00e1s.<\/p>\n<p class=\"txt\">La que era su esposa desde 1986, Ana Villa, madre de Alba, confirma que lo de <strong>Antonio Flores no\u00a0fue un <a href=\"https:\/\/www.lavozdegalicia.es\/temas\/suicidio\" rel=\"nofollow noopener\" target=\"_blank\">suicidio<\/a><\/strong>, como se rumore\u00f3 durante a\u00f1os, sino el resultado de una espiral autodestructiva que acab\u00f3 con su vida.\u00a0El problema, indica, surgi\u00f3\u00a0cuando descubri\u00f3 que hab\u00eda cosas que <strong>\u00abcalmaban su ansiedad permanente\u00bb<\/strong>.\u00a0Fueron las que terminaron por matarle de manera accidentalmente fatal, al provocarle una parada cardiorrespiratoria de la que no se recuper\u00f3.<\/p>\n<p class=\"txt\">\u00abLo que m\u00e1s me ha afectado de que la historia mi familia sea p\u00fablica es el estigma de las drogas\u00bb, apunta Alba en el documental, que asegura que, cada vez que alguien la quer\u00eda atacar, usaban siempre este tema.\u00a0\u00abCreo que hace falta mucha comprensi\u00f3n en eso porque somos una generaci\u00f3n que compartimos una historia. Nuestros padres fueron de aquella \u00e9poca y vivieron esas cosas\u00bb, reflexiona.<\/p>\n<p>&#13;<br \/>\n\tArchivado en:&#13;<br \/>\n\t\t\t\t\t<a href=\"https:\/\/www.lavozdegalicia.es\/temas\/lola-flores\/\" target=\"_blank\" class=\"mg-l\" rel=\"nofollow noopener\">Lola Flores<\/a>&#13;<br \/>\n\t&#13;<\/p>\n","protected":false},"excerpt":{"rendered":"Una imagen de Alba y Antonio Flores\u00a0mostrada en el documental El informe demuestra que el cantante de \u00abNo&hellip;\n","protected":false},"author":2,"featured_media":262564,"comment_status":"","ping_status":"","sticky":false,"template":"","format":"standard","meta":{"footnotes":""},"categories":[91],"tags":[146,147,25,24,38856,23],"class_list":{"0":"post-262563","1":"post","2":"type-post","3":"status-publish","4":"format-standard","5":"has-post-thumbnail","7":"category-entretenimiento","8":"tag-entertainment","9":"tag-entretenimiento","10":"tag-es","11":"tag-espana","12":"tag-lola-flores","13":"tag-spain"},"share_on_mastodon":{"url":"https:\/\/pubeurope.com\/@es\/115634798784899274","error":""},"_links":{"self":[{"href":"https:\/\/www.europesays.com\/es\/wp-json\/wp\/v2\/posts\/262563","targetHints":{"allow":["GET"]}}],"collection":[{"href":"https:\/\/www.europesays.com\/es\/wp-json\/wp\/v2\/posts"}],"about":[{"href":"https:\/\/www.europesays.com\/es\/wp-json\/wp\/v2\/types\/post"}],"author":[{"embeddable":true,"href":"https:\/\/www.europesays.com\/es\/wp-json\/wp\/v2\/users\/2"}],"replies":[{"embeddable":true,"href":"https:\/\/www.europesays.com\/es\/wp-json\/wp\/v2\/comments?post=262563"}],"version-history":[{"count":0,"href":"https:\/\/www.europesays.com\/es\/wp-json\/wp\/v2\/posts\/262563\/revisions"}],"wp:featuredmedia":[{"embeddable":true,"href":"https:\/\/www.europesays.com\/es\/wp-json\/wp\/v2\/media\/262564"}],"wp:attachment":[{"href":"https:\/\/www.europesays.com\/es\/wp-json\/wp\/v2\/media?parent=262563"}],"wp:term":[{"taxonomy":"category","embeddable":true,"href":"https:\/\/www.europesays.com\/es\/wp-json\/wp\/v2\/categories?post=262563"},{"taxonomy":"post_tag","embeddable":true,"href":"https:\/\/www.europesays.com\/es\/wp-json\/wp\/v2\/tags?post=262563"}],"curies":[{"name":"wp","href":"https:\/\/api.w.org\/{rel}","templated":true}]}}