{"id":262565,"date":"2025-11-29T20:11:19","date_gmt":"2025-11-29T20:11:19","guid":{"rendered":"https:\/\/www.europesays.com\/es\/262565\/"},"modified":"2025-11-29T20:11:19","modified_gmt":"2025-11-29T20:11:19","slug":"juan-orlando-hernandez-quien-es-el-expresidente-de-honduras-que-sera-indultado-por-trump-y-por-que-la-justicia-de-ee-uu-lo-acuso-de-convertir-a-su-pais-en-un-narcoestado","status":"publish","type":"post","link":"https:\/\/www.europesays.com\/es\/262565\/","title":{"rendered":"Juan Orlando Hern\u00e1ndez: qui\u00e9n es el expresidente de Honduras que ser\u00e1 indultado por Trump y por qu\u00e9 la justicia de EE.UU. lo acus\u00f3 de convertir a su pa\u00eds en un \u00abnarcoestado\u00bb"},"content":{"rendered":"<p><img fetchpriority=\"high\" decoding=\"async\" src=\"https:\/\/www.europesays.com\/es\/wp-content\/uploads\/2025\/11\/4f555ef0-cd2e-11f0-9f8a-0321935e874a.jpg.webp.webp\"   alt=\"JOH\" loading=\"eager\" width=\"1016\" height=\"572\" style=\"aspect-ratio:1016 \/ 572\" class=\"css-4ejld5\"\/><\/p>\n<p class=\"css-by8ykd\" role=\"text\">Fuente de la imagen, Getty Images<\/p>\n<p>Pie de foto, La justicia de EE.UU. acus\u00f3 a Hern\u00e1ndez de convertir a Honduras en un \u00abnarcoestado\u00bb para enriquecerse y mantenerse en el poder.<strong id=\"article-byline\" aria-hidden=\"true\" class=\"css-m04vo2\">Informaci\u00f3n del art\u00edculo<\/strong><\/p>\n<ul class=\"css-1rvtlej\">\n<li class=\"css-oe8da4\"\/>\n<li class=\"css-1clfxfc\">29 noviembre 2025, 14:04 GMT\n<p>Actualizado 5 horas<\/p>\n<\/li>\n<li class=\"css-1clfxfc\"\/><\/ul>\n<p dir=\"ltr\" class=\"css-oygqes e17g058b0\"><b>El expresidente de Honduras, Juan Orlando Hern\u00e1ndez, condenado a 45 a\u00f1os de c\u00e1rcel por narcotr\u00e1fico en EE.UU., podr\u00eda quedar en libertad.<\/b><\/p>\n<p dir=\"ltr\" class=\"css-oygqes e17g058b0\">\u00bfEl motivo? El presidente de Estados Unidos, Donald Trump, anunci\u00f3 este viernes que indultar\u00e1 al exmandatario, por considerar que \u00abha sido tratado con mucha dureza e injusticia\u00bb, seg\u00fan escribi\u00f3 en su red social Truth Social.<\/p>\n<p dir=\"ltr\" class=\"css-oygqes e17g058b0\">El momento elegido para concederle el perd\u00f3n presidencial al pol\u00edtico centroamericano, declarado culpable en junio de 2024 por un tribunal de Nueva York, resulta llamativo.<\/p>\n<p dir=\"ltr\" class=\"css-oygqes e17g058b0\">En primer lugar, el anuncio se produjo a menos de 48 horas de que los hondure\u00f1os acudan a las urnas para elegir al sucesor de la izquierdista Xiomara Castro, una circunstancia que Trump no desaprovech\u00f3. As\u00ed, el republicano tambi\u00e9n expres\u00f3 su respaldo a Nasry \u00abTito\u00bb Asfura, candidato del derechista Partido Nacional y sucesor de Hern\u00e1ndez.<\/p>\n<p dir=\"ltr\" class=\"css-oygqes e17g058b0\">Adem\u00e1s, el hecho de que Trump indulte a un pol\u00edtico acusado de traficar cerca de 500 toneladas de coca\u00edna a EE.UU. sorprende teniendo en cuenta que en las \u00faltimas semanas Washington ha enviado a parte de su armada hacia las costas del Caribe para frenar el tr\u00e1fico de drogas hacia su territorio y ha hundido a una veintena de presuntas narcolanchas, matando a m\u00e1s de 80 personas.<\/p>\n<p dir=\"ltr\" class=\"css-oygqes e17g058b0\">Los fiscales que sentaron a Hern\u00e1ndez en el banquillo lo acusaron de convertir a Honduras en un \u00abnarcoestado\u00bb y de haberse lucrado en el proceso, imputaciones que el pol\u00edtico calific\u00f3 de \u00abcalumnias\u00bb.<\/p>\n<p><img decoding=\"async\" src=\"https:\/\/www.europesays.com\/es\/wp-content\/uploads\/2025\/11\/cc75af30-cd14-11f0-a892-01d657345866.jpg.webp.webp\"   alt=\"Donald Trump en un discurso su residencia privada de Mar-a-Lago por el d\u00eda de Acci\u00f3n de Gracias.\" loading=\"lazy\" width=\"1024\" height=\"683\" style=\"aspect-ratio:1024 \/ 683\" class=\"css-4ejld5\"\/><\/p>\n<p class=\"css-by8ykd\" role=\"text\">Fuente de la imagen, Pete Marovich\/Getty Images<\/p>\n<p>Pie de foto, El presidente de EE.UU. ha anunciado su intenci\u00f3n de indultar a Hern\u00e1ndez, con lo cual podr\u00eda quedar en libertad en cualquier momento.<\/p>\n<p>Una carrera mete\u00f3rica<\/p>\n<p dir=\"ltr\" class=\"css-oygqes e17g058b0\">Antes de convertirse en el primer exjefe de Estado condenado por narcotr\u00e1fico en EE.UU. desde el paname\u00f1o Manuel Noriega en 1992, Hern\u00e1ndez ya hab\u00eda roto otros r\u00e9cords. En 2014 se convirti\u00f3 en el presidente m\u00e1s joven del pa\u00eds centroamericano desde 1980 y, en 2017, en el primero en ser reelegido en d\u00e9cadas.<\/p>\n<p dir=\"ltr\" class=\"css-oygqes e17g058b0\">La historia del pol\u00edtico conocido en su pa\u00eds por las siglas JOH empez\u00f3 el 28 de octubre de 1968 en la ciudad de Gracias, departamento de Lempira, donde creci\u00f3 como el n\u00famero 15 de 17 hermanos.<\/p>\n<p dir=\"ltr\" class=\"css-oygqes e17g058b0\">Tras completar sus estudios en el Liceo Militar del Norte, en San Pedro Sula, estudi\u00f3 derecho en la Universidad Nacional de Honduras.<\/p>\n<p dir=\"ltr\" class=\"css-oygqes e17g058b0\">En la universidad inici\u00f3 su andadura pol\u00edtica, desempe\u00f1\u00e1ndose como presidente de su asociaci\u00f3n estudiantil entre 1988 y 1989. <\/p>\n<p dir=\"ltr\" class=\"css-oygqes e17g058b0\">Luego de graduarse entr\u00f3 a la primera secretar\u00eda del Congreso como asistente de su hermano Marcos Augusto, quien ya era diputado y all\u00ed comenz\u00f3 a tejer contactos en el todopoderoso Partido Nacional.<\/p>\n<p dir=\"ltr\" class=\"css-oygqes e17g058b0\">Al culminar unos estudios de administraci\u00f3n p\u00fablica en la Universidad Estatal de Nueva York (EE.UU.), se present\u00f3 como candidato a diputado por el departamento de Lempira, cargo que ejerci\u00f3 durante cuatro per\u00edodos legislativos desde 1998.<\/p>\n<p dir=\"ltr\" class=\"css-oygqes e17g058b0\">En 2010 alcanz\u00f3 la presidencia del Congreso durante la administraci\u00f3n de Porfirio Lobo e impuls\u00f3 una agenda de seguridad y mano dura contra el crimen organizado que le gan\u00f3 respaldo de sectores conservadores y empresariales.<\/p>\n<p dir=\"ltr\" class=\"css-oygqes e17g058b0\">En 2012 gan\u00f3 las elecciones internas del Partido Nacional y un a\u00f1o despu\u00e9s se impuso en los comicios presidenciales.<\/p>\n<p dir=\"ltr\" class=\"css-oygqes e17g058b0\">\u00abSoy Juan Orlando Hern\u00e1ndez y vengo de las tierras del ind\u00f3mito Cacique Lempira; con apoyo del pueblo soy el presidente de Honduras\u00bb, dijo durante su juramentaci\u00f3n el 27 de enero de 2014.<\/p>\n<p dir=\"ltr\" class=\"css-oygqes e17g058b0\">Durante sus campa\u00f1as y actos proselitistas evocaba con frecuencia ese v\u00ednculo con el l\u00edder ind\u00edgena.<\/p>\n<p><img decoding=\"async\" src=\"https:\/\/www.europesays.com\/es\/wp-content\/uploads\/2025\/11\/04021ce0-cd15-11f0-a892-01d657345866.jpg.webp.webp\"   alt=\"Hern\u00e1ndez en un mit\u00edn en 2019.\" loading=\"lazy\" width=\"1024\" height=\"655\" style=\"aspect-ratio:1024 \/ 655\" class=\"css-4ejld5\"\/><\/p>\n<p class=\"css-by8ykd\" role=\"text\">Fuente de la imagen, AFP via Getty Images<\/p>\n<p>Pie de foto, Hern\u00e1ndez fue diputado durante cuatro per\u00edodos antes de convertirse en el presidente m\u00e1s joven de Honduras desde 1980.<\/p>\n<p>Una gesti\u00f3n convulsa<\/p>\n<p dir=\"ltr\" class=\"css-oygqes e17g058b0\">Hern\u00e1ndez lleg\u00f3 a la presidencia prometiendo \u00abhacer lo que tenga que hacer para recuperar la paz y la tranquilidad de mi pueblo\u00bb, el cual padec\u00eda los embates de la violencia vinculada con el narcotr\u00e1fico.<\/p>\n<p dir=\"ltr\" class=\"css-oygqes e17g058b0\">El crimen organizado infiltr\u00f3 distintas instituciones y dispar\u00f3 la tasa de homicidios hasta convertir a Honduras en el pa\u00eds m\u00e1s violento del mundo en la d\u00e9cada pasada, seg\u00fan cifras de Naciones Unidas.<\/p>\n<p dir=\"ltr\" class=\"css-oygqes e17g058b0\">La disposici\u00f3n de Hern\u00e1ndez a extraditar a sospechosos de narcotr\u00e1fico a EE.UU. y algunas reformas en los cuerpos de seguridad fueron presentadas como muestras de su voluntad adecentar el pa\u00eds.<\/p>\n<p dir=\"ltr\" class=\"css-oygqes e17g058b0\">Sin embargo, las sospechas de sus nexos con los carteles estallaron cuando en 2018 uno de sus hermanos, el exdiputado Juan Antonio \u00abTony\u00bb Hern\u00e1ndez, fue detenido en Miami (EE.UU.) por agentes federales y acusado de traficar con narc\u00f3ticos.<\/p>\n<p dir=\"ltr\" class=\"css-oygqes e17g058b0\">\u00abNo he sido, no soy ni ser\u00e9 amigo de ninguno de estos delincuentes, y continuar\u00e9 mi lucha hasta el \u00faltimo d\u00eda de mi gobierno, cueste lo que cueste\u00bb, asegur\u00f3 en el Congreso en 2021, tras la condena a cadena perpetua de su hermano y el incremento de los indicios en su contra.<\/p>\n<p><img decoding=\"async\" src=\"https:\/\/www.europesays.com\/es\/wp-content\/uploads\/2025\/11\/3596adc0-cd15-11f0-9fb5-5f3a3703a365.jpg.webp.webp\"   alt=\"Unos estudiantes se enfrentan a la polic\u00eda en unas protestas en Tegucigalpa.\" loading=\"lazy\" width=\"1024\" height=\"755\" style=\"aspect-ratio:1024 \/ 755\" class=\"css-4ejld5\"\/><\/p>\n<p class=\"css-by8ykd\" role=\"text\">Fuente de la imagen, Getty Images<\/p>\n<p>Pie de foto, La forma en que fue reelegido en 2017 desat\u00f3 una ola de protestas en todo el pa\u00eds, que se saldaron con una veintena de muertos, seg\u00fan la ONU.<\/p>\n<p dir=\"ltr\" class=\"css-oygqes e17g058b0\">Y si lo anterior no fuera suficiente, las acusaciones de que fondos del Seguro Social fueron desviados desataron protestas masivas en el pa\u00eds, en las cuales se exigi\u00f3 su renuncia.<\/p>\n<p dir=\"ltr\" class=\"css-oygqes e17g058b0\">Su decisi\u00f3n de no renovarle el mandato a la Misi\u00f3n de Apoyo contra la Corrupci\u00f3n y la Impunidad en Honduras (MACCIH), una instancia creada en acuerdo con la Organizaci\u00f3n de Estados Americanos (OEA) para combatir la corrupci\u00f3n, da\u00f1\u00f3 a un m\u00e1s su imagen.<\/p>\n<p dir=\"ltr\" class=\"css-oygqes e17g058b0\">No obstante, lo anterior no impidi\u00f3 al pol\u00edtico buscar un segundo mandato consecutivo, pesa a que la Constituci\u00f3n hondure\u00f1a proh\u00edbe la reelecci\u00f3n inmediata. Precisamente los deseos de Manuel Zelaya, su gran rival, por reelegirse fueron la justificaci\u00f3n para deponerlo en 2009.<\/p>\n<p dir=\"ltr\" class=\"css-oygqes e17g058b0\">Un cuestionado fallo de la Corte Suprema le permiti\u00f3 competir en sus comicios, que la OEA pidi\u00f3 repetir por considerar que las irregularidades que los rodearon \u00abhac\u00edan imposible determinar con la necesaria certeza al ganador\u00bb.<\/p>\n<p dir=\"ltr\" class=\"css-oygqes e17g058b0\">El anuncio de su reelecci\u00f3n desat\u00f3 una nueva ola de protestas que fue duramente reprimida por las autoridades y dej\u00f3 al menos 23 muertos, seg\u00fan la Oficina del Alto Comisionado de Naciones Unidas para los Derechos Humanos.<\/p>\n<p dir=\"ltr\" class=\"css-oygqes e17g058b0\">La solicitud fue ignorada y Hern\u00e1ndez sigui\u00f3 en el poder hasta 2022.<\/p>\n<p><img decoding=\"async\" src=\"https:\/\/www.europesays.com\/es\/wp-content\/uploads\/2025\/11\/32ce7090-cd16-11f0-9fb5-5f3a3703a365.jpg.webp.webp\"   alt=\"Un grupo de personas sostiene un enorme cartel que dice: \u00bfD\u00f3nde est\u00e1 el dinero?, en el cual tiene los colores de la bandera de Honduras.\" loading=\"lazy\" width=\"1024\" height=\"683\" style=\"aspect-ratio:1024 \/ 683\" class=\"css-4ejld5\"\/><\/p>\n<p class=\"css-by8ykd\" role=\"text\">Fuente de la imagen, AFP via Getty Images<\/p>\n<p>Pie de foto, Las denuncias de corrupci\u00f3n en el Seguro Social tambi\u00e9n desataron movilizaciones ciudadanas y da\u00f1aron la imagen del entonces mandatario.<\/p>\n<p>\u00bfJugando para dos equipos?<\/p>\n<p dir=\"ltr\" class=\"css-oygqes e17g058b0\">En febrero de 2022, apenas d\u00edas despu\u00e9s de abandonar la presidencia, el exmandatario fue detenido y a las semanas fue extraditado a EE.UU. para enfrentar cargos de narcotr\u00e1fico.<\/p>\n<p dir=\"ltr\" class=\"css-oygqes e17g058b0\">\u00abPaviment\u00f3 una autopista de coca\u00edna hacia EE.UU., protegido por ametralladoras\u00bb, afirmaron los fiscales que lo procesaron.<\/p>\n<p dir=\"ltr\" class=\"css-oygqes e17g058b0\">Atr\u00e1s quedaban los d\u00edas en que Washington lo consideraba como un aliado confiable en la lucha contra las drogas, al que entreg\u00f3 m\u00e1s de US$ 50 millones en asistencia y ayuda militar. Incluso, en 2019, Trump lleg\u00f3 agradecerle su cooperaci\u00f3n.<\/p>\n<p dir=\"ltr\" class=\"css-oygqes e17g058b0\">Aunque Trump y los aliados de Hern\u00e1ndez consideran que el exgobernante fue tratado injustamente por el gobierno del dem\u00f3crata Joe Biden, lo cierto es que las investigaciones en su contra se iniciaron durante la primera administraci\u00f3n del republicano.<\/p>\n<p dir=\"ltr\" class=\"css-oygqes e17g058b0\">Durante sus averiguaciones, los fiscales estadounidenses descubrieron que Hern\u00e1ndez estaba vinculado con narcotraficantes al menos desde 2004, mucho antes de convertirse en presidente, y que facilit\u00f3 el contrabando de unas 500 toneladas de coca\u00edna a EE.UU.<\/p>\n<p dir=\"ltr\" class=\"css-oygqes e17g058b0\">Con la ayuda de registros telef\u00f3nicos y testimonios de criminales arrepentidos, los investigadores concluyeron que los narcotraficantes le pagaron millones de d\u00f3lares en sobornos para permitir el contrabando de coca\u00edna desde Colombia y Venezuela \u00abcon virtual impunidad\u00bb.<\/p>\n<p dir=\"ltr\" class=\"css-oygqes e17g058b0\">Los fiscales se\u00f1alaron que la alianza de Hern\u00e1ndez con los carteles no solo ten\u00eda \u00abel fin de enriquecerse\u00bb, sino que tambi\u00e9n persegu\u00eda \u00abmantenerse en el poder (\u2026) de forma corrupta\u00bb.<\/p>\n<p dir=\"ltr\" class=\"css-oygqes e17g058b0\">Seg\u00fan la acusaci\u00f3n en su contra, el pol\u00edtico emple\u00f3 el dinero que obtuvo de los narcotraficantes para luego sobornar a funcionarios y manipular a su favor las dos elecciones presidenciales en las que compiti\u00f3.<\/p>\n<p><img decoding=\"async\" src=\"https:\/\/www.europesays.com\/es\/wp-content\/uploads\/2025\/11\/bee3f370-cd16-11f0-a892-01d657345866.jpg.webp.webp\"   alt=\"Momento del traslado de Hern\u00e1ndez esposado y rodeado de muchos polic\u00edas, algunos con chalecos antibalas\" loading=\"lazy\" width=\"1024\" height=\"683\" style=\"aspect-ratio:1024 \/ 683\" class=\"css-4ejld5\"\/><\/p>\n<p class=\"css-by8ykd\" role=\"text\">Fuente de la imagen, AFP via Getty Images<\/p>\n<p>Pie de foto, A las semanas de dejar el poder, Hern\u00e1ndez fue detenido y extraditado a EE.UU. para ser enjuiciado por narcotr\u00e1fico.<\/p>\n<p dir=\"ltr\" class=\"css-oygqes e17g058b0\">Hern\u00e1ndez, por su parte, ha negado estos se\u00f1alamientos y ha afirmado que fue \u00abacusado err\u00f3nea e injustamente\u00bb.<\/p>\n<p dir=\"ltr\" class=\"css-oygqes e17g058b0\">No obstante, las pruebas y testimonios expuestos en el tribunal que lo proces\u00f3 lo contradijeron.<\/p>\n<p dir=\"ltr\" class=\"css-oygqes e17g058b0\">\u00abLe vamos a meter la droga a los gringos en sus narices\u00bb, le dijo el exmandatario al narco Geovanny Fuentes Ram\u00edrez, asegur\u00f3 uno de los testigos que declar\u00f3 en su juicio.<\/p>\n<p dir=\"ltr\" class=\"css-oygqes e17g058b0\">Otro procesado, el exalcalde Alexander Ard\u00f3n, asever\u00f3 que entreg\u00f3 millones de d\u00f3lares tanto a Hern\u00e1ndez como al expresidente Lobo para asegurarse rutas sin obst\u00e1culos para mover las drogas.<\/p>\n<p dir=\"ltr\" class=\"css-oygqes e17g058b0\">Ard\u00f3n calcul\u00f3 que con la ayuda de las autoridades hondure\u00f1as movi\u00f3 sin problemas unas 250 toneladas de coca\u00edna, en sociedad con Tony Hern\u00e1ndez, el hermano del exmandatario, y de Joaqu\u00edn \u00abEl Chapo\u00bb Guzm\u00e1n, l\u00edder del cartel de Sinaloa, ambos condenados a cadena perpetua en EE.UU.<\/p>\n<p dir=\"ltr\" class=\"css-oygqes e17g058b0\">En junio de 2024, el juez Kevin Castel no solo conden\u00f3 al expresidente a permanecer casi medio siglo en prisi\u00f3n, sino que le impuso una multa de US$ 8 millones.<\/p>\n<p dir=\"ltr\" class=\"css-oygqes e17g058b0\">Pero Hern\u00e1ndez no solo tiene problemas judiciales en Estados Unidos. En Honduras, apenas fue extraditado, la justicia de ese pa\u00eds le confisc\u00f3 33 bienes inmuebles, ocho empresas y 16 veh\u00edculos, inform\u00f3 el Ministerio P\u00fablico.<\/p>\n<p dir=\"ltr\" class=\"css-oygqes e17g058b0\">Ahora resta por saber cu\u00e1ndo se materializar\u00e1n el indulto y la excarcelaci\u00f3n del expresidente y si volver\u00e1 a Honduras para retomar su carrera pol\u00edtica.<\/p>\n<p><img decoding=\"async\" src=\"https:\/\/www.europesays.com\/es\/wp-content\/uploads\/2025\/11\/01208f80-cd0f-11f0-8c06-f5d460985095.png.webp.webp\"   alt=\"raya gris\" loading=\"lazy\" width=\"800\" height=\"100\" style=\"aspect-ratio:800 \/ 100\" class=\"css-4ejld5\"\/><\/p>\n<p dir=\"ltr\" class=\"css-oygqes e17g058b0\"><a href=\"https:\/\/www.bbc.com\/mundo\/send\/u184973209\" class=\"focusIndicatorReducedWidth css-n8oauk e1p3sufg0\" rel=\"nofollow noopener\" target=\"_blank\">Suscr\u00edbete aqu\u00ed<\/a> a nuestro nuevo newsletter para recibir cada viernes una selecci\u00f3n de nuestro mejor contenido de la semana.<\/p>\n<p dir=\"ltr\" class=\"css-oygqes e17g058b0\">Y recuerda que puedes recibir notificaciones en nuestra app. Descarga la \u00faltima versi\u00f3n y act\u00edvalas.<\/p>\n","protected":false},"excerpt":{"rendered":"Fuente de la imagen, Getty Images Pie de foto, La justicia de EE.UU. acus\u00f3 a Hern\u00e1ndez de convertir&hellip;\n","protected":false},"author":2,"featured_media":262566,"comment_status":"","ping_status":"","sticky":false,"template":"","format":"standard","meta":{"footnotes":""},"categories":[42],"tags":[17,18,13,14,11,61,62,63,64,19,20,9,10,15,16,12,21,22,65,66,67],"class_list":{"0":"post-262565","1":"post","2":"type-post","3":"status-publish","4":"format-standard","5":"has-post-thumbnail","7":"category-internacional","8":"tag-breaking-news","9":"tag-breakingnews","10":"tag-featured-news","11":"tag-featurednews","12":"tag-headlines","13":"tag-internacional","14":"tag-international","15":"tag-international-news","16":"tag-internationalnews","17":"tag-latest-news","18":"tag-latestnews","19":"tag-news","20":"tag-noticias","21":"tag-noticias-destacadas","22":"tag-noticiasdestacadas","23":"tag-titulares","24":"tag-ultimas-noticias","25":"tag-ultimasnoticias","26":"tag-world","27":"tag-world-news","28":"tag-worldnews"},"share_on_mastodon":{"url":"https:\/\/pubeurope.com\/@es\/115634812315451813","error":""},"_links":{"self":[{"href":"https:\/\/www.europesays.com\/es\/wp-json\/wp\/v2\/posts\/262565","targetHints":{"allow":["GET"]}}],"collection":[{"href":"https:\/\/www.europesays.com\/es\/wp-json\/wp\/v2\/posts"}],"about":[{"href":"https:\/\/www.europesays.com\/es\/wp-json\/wp\/v2\/types\/post"}],"author":[{"embeddable":true,"href":"https:\/\/www.europesays.com\/es\/wp-json\/wp\/v2\/users\/2"}],"replies":[{"embeddable":true,"href":"https:\/\/www.europesays.com\/es\/wp-json\/wp\/v2\/comments?post=262565"}],"version-history":[{"count":0,"href":"https:\/\/www.europesays.com\/es\/wp-json\/wp\/v2\/posts\/262565\/revisions"}],"wp:featuredmedia":[{"embeddable":true,"href":"https:\/\/www.europesays.com\/es\/wp-json\/wp\/v2\/media\/262566"}],"wp:attachment":[{"href":"https:\/\/www.europesays.com\/es\/wp-json\/wp\/v2\/media?parent=262565"}],"wp:term":[{"taxonomy":"category","embeddable":true,"href":"https:\/\/www.europesays.com\/es\/wp-json\/wp\/v2\/categories?post=262565"},{"taxonomy":"post_tag","embeddable":true,"href":"https:\/\/www.europesays.com\/es\/wp-json\/wp\/v2\/tags?post=262565"}],"curies":[{"name":"wp","href":"https:\/\/api.w.org\/{rel}","templated":true}]}}