{"id":262567,"date":"2025-11-29T20:12:19","date_gmt":"2025-11-29T20:12:19","guid":{"rendered":"https:\/\/www.europesays.com\/es\/262567\/"},"modified":"2025-11-29T20:12:19","modified_gmt":"2025-11-29T20:12:19","slug":"halladas-muertas-dos-adolescentes-sin-signos-de-violencia-en-un-parque-de-jaen-sociedad","status":"publish","type":"post","link":"https:\/\/www.europesays.com\/es\/262567\/","title":{"rendered":"Halladas muertas dos adolescentes sin signos de violencia en un parque de Ja\u00e9n | Sociedad"},"content":{"rendered":"<p class=\"\">Dos chicas de 15 y 16 a\u00f1os han sido halladas muertas esta madrugada en un c\u00e9ntrico parque de Ja\u00e9n. En una primera inspecci\u00f3n ocular, los investigadores no han apreciado signos de violencia externa, por lo que descartan en este momento la participaci\u00f3n de terceras personas y apuntan al suicidio como causa m\u00e1s probable de los dos fallecimientos.<\/p>\n<p class=\"\">El hallazgo de los dos cuerpos sin vida de las dos adolescentes tuvo lugar la pasada madrugada, en torno a la 1.30, en el Parque de la Concordia, situado en pleno centro de la capital jiennense, aunque el suceso no ha trascendido hasta este mediod\u00eda. <\/p>\n<p class=\"\">El Servicio de Emergencias 112 de Andaluc\u00eda recibi\u00f3 un aviso a las 1.30 ante la \u201cposible\u201d muerte de dos j\u00f3venes en el parque. Las mencionadas fuentes de la investigaci\u00f3n se\u00f1alan que fueron familiares de las dos chicas los que las encontraron.<\/p>\n<p class=\"\">El subdelegado del Gobierno en Ja\u00e9n, Manuel Fern\u00e1ndez, ha confirmado que en una primera inspecci\u00f3n ocular no se apreciaban signos de violencia externa. Asimismo, ha se\u00f1alado que se encuentra decretado el secreto del sumario y ha rogado que se mantenga el m\u00e1ximo respeto a las menores fallecidas y a sus familias, a quienes ha querido trasladar apoyo en estos momentos \u201cextraordinariamente duros\u201d. La Brigada Judicial de la Polic\u00eda Nacional se ha encargado de la investigaci\u00f3n del caso. <\/p>\n<p class=\"\">El Ayuntamiento de Ja\u00e9n ha decretado tres d\u00edas de luto oficial y un minuto de silencio que tendr\u00e1 lugar el lunes (a las 12.00 en la puerta del Ayuntamiento). Las jornadas de luto comenzar\u00e1n la noche de este s\u00e1bado hasta el martes. <\/p>\n<p class=\"\">El alcalde de la ciudad andaluza, Julio Mill\u00e1n, ha lamentado el suceso y ha trasmitido sus condolencias, y las de toda la Corporaci\u00f3n municipal, a las familias de las dos adolescentes. Adem\u00e1s, ha pedido responsabilidad a la ciudadan\u00eda para \u201cno aumentar el dolor de familiares, amigos y allegados en estos complicados momentos\u201d.<\/p>\n<p class=\"\">Un 7,4% de los estudiantes de entre 12 y 20 a\u00f1os presenta un riesgo suicida elevado y el 6,5% ha intentado quitarse la vida, seg\u00fan el informe <a href=\"https:\/\/elpais.com\/sociedad\/2025-11-11\/el-9-de-los-menores-ha-sufrido-presiones-para-enviar-fotos-intimas-el-entorno-digital-debe-abordarse-como-un-tema-de-salud-publica.html\" rel=\"nofollow noopener\" title=\"https:\/\/elpais.com\/sociedad\/2025-11-11\/el-9-de-los-menores-ha-sufrido-presiones-para-enviar-fotos-intimas-el-entorno-digital-debe-abordarse-como-un-tema-de-salud-publica.html\" target=\"_blank\">Infancia, Adolescencia y Bienestar Digital, y elaborado por Unicef<\/a> junto al Ministerio para la Transformaci\u00f3n Digital, Red.es, la Universidad de Santiago de Compostela y el Consejo de Colegios de Ingenier\u00eda Inform\u00e1tica. En 2024,<a href=\"https:\/\/www.ine.es\/dyngs\/Prensa\/pEDCM2024.htm\" rel=\"nofollow noopener\" title=\"https:\/\/www.ine.es\/dyngs\/Prensa\/pEDCM2024.htm\" target=\"_blank\">\u00a0seg\u00fan los \u00faltimos datos disponibles y todav\u00eda provisionales<\/a>, se suicidaron en Espa\u00f1a 3.846 personas. Para el desglose por franjas de edad hay que buscar las cifras de 2023, a\u00f1o en el que fallecieron por suicidio 4.116 personas, el 5% (203) ten\u00eda entre 12 y 24 a\u00f1os y el 15% (622) entre 25 y 39. <\/p>\n<p class=\"\">El suicidio es, seg\u00fan la Organizaci\u00f3n Mundial de la Salud, un problema de salud p\u00fablica <a href=\"https:\/\/elpais.com\/sociedad\/2024-09-10\/los-que-se-quedan-tras-un-suicidio-el-dolor-te-come-pero-se-sale.html\" rel=\"nofollow noopener\" target=\"_blank\">que no depende de una sola causa, sino en el que influyen m\u00faltiples factores<\/a>: sociales, culturales, biol\u00f3gicos, psicol\u00f3gicos y ambientales. La persona que se suicida no quiere acabar con su vida, sino con el sufrimiento que padece. En Espa\u00f1a el suicidio ha sido durante muchos a\u00f1os un tema tab\u00fa, los medios de comunicaci\u00f3n lo est\u00e1n empezando a romper y a hablar de ello de forma responsable porque es una realidad de la sociedad que ya no se puede obviar. Y cuanto antes se aborde, antes se podr\u00e1 hacer frente a ella.<\/p>\n<p class=\"\">En Espa\u00f1a se ha lanzado <a href=\"https:\/\/elpais.com\/sociedad\/2025-11-17\/casa-mana-el-primer-hogar-en-espana-para-jovenes-con-conducta-suicida.html\" target=\"_blank\" rel=\"noreferrer nofollow noopener\" title=\"https:\/\/elpais.com\/sociedad\/2025-11-17\/casa-mana-el-primer-hogar-en-espana-para-jovenes-con-conducta-suicida.html\">Casa Man\u00e1, un proyecto pionero<\/a> al que se accede de forma voluntaria y tras una entrevista con dos psic\u00f3logas que har\u00e1n un seguimiento posterior con sesiones individuales y de grupo. All\u00ed, hay una huerta de la que cuidar, itinerarios terap\u00e9uticos y actividades manuales y creativas. Para los adolescentes de entre 14 y 18 a\u00f1os est\u00e1 prevista la opci\u00f3n de acudir como si fuera un centro de d\u00eda.<\/p>\n<p class=\"\">El tel\u00e9fono 024 atiende a las personas con conductas suicidas y sus allegados. Las diferentes asociaciones de supervivientes tienen gu\u00edas y protocolos de ayuda para el duelo.<\/p>\n","protected":false},"excerpt":{"rendered":"Dos chicas de 15 y 16 a\u00f1os han sido halladas muertas esta madrugada en un c\u00e9ntrico parque de&hellip;\n","protected":false},"author":2,"featured_media":262568,"comment_status":"","ping_status":"","sticky":false,"template":"","format":"standard","meta":{"footnotes":""},"categories":[8],"tags":[3629,259,17,18,25,24,13,14,11,3619,19,20,1567,9,10,15,16,492,23,257,12421,12,21,22],"class_list":{"0":"post-262567","1":"post","2":"type-post","3":"status-publish","4":"format-standard","5":"has-post-thumbnail","7":"category-espana","8":"tag-adolescencia","9":"tag-andalucia","10":"tag-breaking-news","11":"tag-breakingnews","12":"tag-es","13":"tag-espana","14":"tag-featured-news","15":"tag-featurednews","16":"tag-headlines","17":"tag-jaen","18":"tag-latest-news","19":"tag-latestnews","20":"tag-menores","21":"tag-news","22":"tag-noticias","23":"tag-noticias-destacadas","24":"tag-noticiasdestacadas","25":"tag-sociedad","26":"tag-spain","27":"tag-sucesos","28":"tag-suicidio","29":"tag-titulares","30":"tag-ultimas-noticias","31":"tag-ultimasnoticias"},"share_on_mastodon":{"url":"https:\/\/pubeurope.com\/@es\/115634814636850900","error":""},"_links":{"self":[{"href":"https:\/\/www.europesays.com\/es\/wp-json\/wp\/v2\/posts\/262567","targetHints":{"allow":["GET"]}}],"collection":[{"href":"https:\/\/www.europesays.com\/es\/wp-json\/wp\/v2\/posts"}],"about":[{"href":"https:\/\/www.europesays.com\/es\/wp-json\/wp\/v2\/types\/post"}],"author":[{"embeddable":true,"href":"https:\/\/www.europesays.com\/es\/wp-json\/wp\/v2\/users\/2"}],"replies":[{"embeddable":true,"href":"https:\/\/www.europesays.com\/es\/wp-json\/wp\/v2\/comments?post=262567"}],"version-history":[{"count":0,"href":"https:\/\/www.europesays.com\/es\/wp-json\/wp\/v2\/posts\/262567\/revisions"}],"wp:featuredmedia":[{"embeddable":true,"href":"https:\/\/www.europesays.com\/es\/wp-json\/wp\/v2\/media\/262568"}],"wp:attachment":[{"href":"https:\/\/www.europesays.com\/es\/wp-json\/wp\/v2\/media?parent=262567"}],"wp:term":[{"taxonomy":"category","embeddable":true,"href":"https:\/\/www.europesays.com\/es\/wp-json\/wp\/v2\/categories?post=262567"},{"taxonomy":"post_tag","embeddable":true,"href":"https:\/\/www.europesays.com\/es\/wp-json\/wp\/v2\/tags?post=262567"}],"curies":[{"name":"wp","href":"https:\/\/api.w.org\/{rel}","templated":true}]}}