{"id":262569,"date":"2025-11-29T20:13:17","date_gmt":"2025-11-29T20:13:17","guid":{"rendered":"https:\/\/www.europesays.com\/es\/262569\/"},"modified":"2025-11-29T20:13:17","modified_gmt":"2025-11-29T20:13:17","slug":"portal-de-noticias-del-gobierno-de-canarias-344","status":"publish","type":"post","link":"https:\/\/www.europesays.com\/es\/262569\/","title":{"rendered":"Portal de Noticias del Gobierno de Canarias"},"content":{"rendered":"<blockquote>\n<p>La iniciativa refuerza la participaci\u00f3n ciudadana y la gobernanza compartida en los territorios de la Red Canaria de Reservas de la Biosfera<\/p>\n<p>Representantes de los siete territorios MaB del archipi\u00e9lago compartir\u00e1n experiencias y propuestas para afrontar de forma conjunta los retos sociales, ecol\u00f3gicos y territoriales<\/p>\n<\/blockquote>\n<p><strong>La Consejer\u00eda de Transici\u00f3n Ecol\u00f3gica y Energ\u00eda del Gobierno de Canarias impulsa la celebraci\u00f3n del I Encuentro Regional de los Consejos de Participaci\u00f3n de la Red Canaria de Reservas de la Biosfera (RCRB), una cita que se enmarca en el Plan de Acci\u00f3n de la Red, aprobado en la \u00faltima reuni\u00f3n de su Consejo de Coordinaci\u00f3n, celebrada el pasado 7 de octubre de 2025. Tendr\u00e1 lugar los d\u00edas 29 y 30 de noviembre en la isla de La Palma<\/strong><\/p>\n<p>Este Encuentro responde a uno de los compromisos estrat\u00e9gicos incluidos en dicho Plan: favorecer la creaci\u00f3n de espacios de encuentro, intercambio y colaboraci\u00f3n entre los \u00f3rganos de participaci\u00f3n de las Reservas del Archipi\u00e9lago, reforzando as\u00ed la gobernanza democr\u00e1tica y la implicaci\u00f3n ciudadana en estos territorios de alto valor ecol\u00f3gico y cultural.<\/p>\n<p>El consejero de Transici\u00f3n Ecol\u00f3gica y Energ\u00eda, Mariano H. Zapata, destac\u00f3 que \u201ceste primer Encuentro Regional nace con la vocaci\u00f3n de consolidarse como una cita estable en la agenda de las Reservas de la Biosfera de Canarias, un espacio donde las personas que participan en sus Consejos puedan escucharse, reconocerse y construir juntos respuestas a los desaf\u00edos que compartimos como territorio\u201d.<\/p>\n<p>Zapata subray\u00f3 que \u201clos Consejos de Participaci\u00f3n son una pieza clave de la gobernanza de las Reservas de la Biosfera, porque permiten que el conocimiento local, la experiencia de los sectores productivos, la voz del tejido social y la mirada de las administraciones se sienten en la misma mesa\u201d. En este sentido, a\u00f1adi\u00f3 que \u201csi queremos que el Plan de Acci\u00f3n de la Red Canaria sea una herramienta real de transformaci\u00f3n, necesitamos \u00f3rganos de participaci\u00f3n vivos, activos y con capacidad de influencia en las decisiones que se toman sobre el territorio\u201d.<\/p>\n<p>Adem\u00e1s, el consejero record\u00f3 que \u201cCanarias se enfrenta a retos sociales, ecol\u00f3gicos y territoriales cada vez m\u00e1s complejos, que no se pueden abordar de manera aislada ni desde una \u00fanica administraci\u00f3n\u201d. Por ello, insisti\u00f3 en que \u201ctrabajar en red, compartir buenas pr\u00e1cticas, aprender de los aciertos y tambi\u00e9n de los errores, y reforzar la corresponsabilidad ciudadana es la mejor garant\u00eda para avanzar hacia un modelo de desarrollo m\u00e1s justo, resiliente y sostenible\u201d.<\/p>\n<p>Por su parte, el vicepresidente del Cabildo de La Palma, Juan Ram\u00f3n Felipe, tras dar la bienvenida a la Isla a los representantes de las distintas Reservas canarias, destac\u00f3 que el encuentro es un \u201chito fundamental\u201d que permite hacer \u201cuna declaraci\u00f3n de intenciones y adquirir un compromiso ineludible con los principios fundacionales del Programa MaB de la UNESCO: el ser humano en armon\u00eda con la naturaleza\u201d.<\/p>\n<p>El alcalde de Santa Cruz de La Palma, Asier Antona, agradeci\u00f3 a la Red la elecci\u00f3n de la capital palmera como sede de este primer encuentro. \u201cEn la Palma contamos con una poblaci\u00f3n comprometida en la defensa de nuestra identidad cultural y social, as\u00ed como con el cuidado de los ricos espacios naturales de nuestra isla, por lo que la Reserva de la Biosfera de La Palma se ha situado como una de las mejores del mundo gracias, a este empe\u00f1o de conservaci\u00f3n que se inici\u00f3 en el a\u00f1o 1983\u201d.<\/p>\n<p>En palabras de Carlos Garc\u00eda, Director Insular de la Administraci\u00f3n General del Estado, este encuentro viene a enriquecer de manera decidida a la Red de Reservas de la Biosfera de Canarias, referente a nivel nacional. \u201cEn las Islas contamos con una riqueza natural, cultural e hist\u00f3rica de primer nivel y estos espacios trabajan con empe\u00f1o en garantizar la convivencia de todos los usos, por lo que la interacci\u00f3n de las siete reservas es clave para intercambiar conocimientos y buenas pr\u00e1cticas entre ellas\u201d.<\/p>\n<p>Las Reservas de la Biosfera<\/p>\n<p>La figura de Reserva de la Biosfera se crea a comienzos de los a\u00f1os 70 a trav\u00e9s del Programa Hombre y Biosfera (MaB) de la Organizaci\u00f3n de las Naciones Unidas para la Educaci\u00f3n, la Ciencia y la Cultura (UNESCO). Su finalidad es armonizar espacios de alto valor ecol\u00f3gico con el desarrollo de actividades humanas, actuando como \u201claboratorios vivos\u201d donde se ensayan soluciones innovadoras y respetuosas con el entorno.<\/p>\n<p>La Red Canaria de Reservas de la Biosfera (RCRB), que integra a las siete Reservas del Archipi\u00e9lago, fue creada en el a\u00f1o 2010 con el prop\u00f3sito de configurarse como un instrumento de servicio p\u00fablico y cooperaci\u00f3n interinstitucional. Su misi\u00f3n es impulsar iniciativas y proyectos de inter\u00e9s regional, favorecer las sinergias entre territorios y reforzar los v\u00ednculos existentes entre las distintas Reservas de la Comunidad Aut\u00f3noma.<\/p>\n","protected":false},"excerpt":{"rendered":"La iniciativa refuerza la participaci\u00f3n ciudadana y la gobernanza compartida en los territorios de la Red Canaria de&hellip;\n","protected":false},"author":2,"featured_media":262570,"comment_status":"","ping_status":"","sticky":false,"template":"","format":"standard","meta":{"footnotes":""},"categories":[5],"tags":[17,18,25,24,13,14,11,19,20,9,10,15,16,23,12,21,22],"class_list":{"0":"post-262569","1":"post","2":"type-post","3":"status-publish","4":"format-standard","5":"has-post-thumbnail","7":"category-titulares","8":"tag-breaking-news","9":"tag-breakingnews","10":"tag-es","11":"tag-espana","12":"tag-featured-news","13":"tag-featurednews","14":"tag-headlines","15":"tag-latest-news","16":"tag-latestnews","17":"tag-news","18":"tag-noticias","19":"tag-noticias-destacadas","20":"tag-noticiasdestacadas","21":"tag-spain","22":"tag-titulares","23":"tag-ultimas-noticias","24":"tag-ultimasnoticias"},"share_on_mastodon":{"url":"https:\/\/pubeurope.com\/@es\/115634818448015908","error":""},"_links":{"self":[{"href":"https:\/\/www.europesays.com\/es\/wp-json\/wp\/v2\/posts\/262569","targetHints":{"allow":["GET"]}}],"collection":[{"href":"https:\/\/www.europesays.com\/es\/wp-json\/wp\/v2\/posts"}],"about":[{"href":"https:\/\/www.europesays.com\/es\/wp-json\/wp\/v2\/types\/post"}],"author":[{"embeddable":true,"href":"https:\/\/www.europesays.com\/es\/wp-json\/wp\/v2\/users\/2"}],"replies":[{"embeddable":true,"href":"https:\/\/www.europesays.com\/es\/wp-json\/wp\/v2\/comments?post=262569"}],"version-history":[{"count":0,"href":"https:\/\/www.europesays.com\/es\/wp-json\/wp\/v2\/posts\/262569\/revisions"}],"wp:featuredmedia":[{"embeddable":true,"href":"https:\/\/www.europesays.com\/es\/wp-json\/wp\/v2\/media\/262570"}],"wp:attachment":[{"href":"https:\/\/www.europesays.com\/es\/wp-json\/wp\/v2\/media?parent=262569"}],"wp:term":[{"taxonomy":"category","embeddable":true,"href":"https:\/\/www.europesays.com\/es\/wp-json\/wp\/v2\/categories?post=262569"},{"taxonomy":"post_tag","embeddable":true,"href":"https:\/\/www.europesays.com\/es\/wp-json\/wp\/v2\/tags?post=262569"}],"curies":[{"name":"wp","href":"https:\/\/api.w.org\/{rel}","templated":true}]}}