{"id":262571,"date":"2025-11-29T20:18:11","date_gmt":"2025-11-29T20:18:11","guid":{"rendered":"https:\/\/www.europesays.com\/es\/262571\/"},"modified":"2025-11-29T20:18:11","modified_gmt":"2025-11-29T20:18:11","slug":"mariano-navone-y-la-necesidad-de-cambiar-el-chip-tras-un-ano-dificil-es-momento-de-apretar-el-acelerador","status":"publish","type":"post","link":"https:\/\/www.europesays.com\/es\/262571\/","title":{"rendered":"Mariano Navone y la necesidad de cambiar el chip tras un a\u00f1o dif\u00edcil: \u201cEs momento de apretar el acelerador\u201d"},"content":{"rendered":"<p><img alt=\"&quot;Es m\u00e1s f\u00e1cil cuando irrump\u00eds\" class=\"global-image\" decoding=\"async\" fetchpriority=\"high\" height=\"1080\" loading=\"eager\" src=\"https:\/\/www.europesays.com\/es\/wp-content\/uploads\/2025\/11\/W4IV7KU2IFGB5J67HJSZBJZQWY.jpg\" width=\"1920\"\/>\u00abEs m\u00e1s f\u00e1cil cuando irrump\u00eds y sum\u00e1s que cuando ten\u00e9s que ser banca\u201d, le dijo Mariano Navone a Infobae (Cr\u00e9dito: Challenger de Lima)<\/p>\n<p class=\"paragraph\">De lo dif\u00edcil de dar el salto pero, sobre todo, de mantenerse. De las exigencias, las presiones y la fortaleza que demanda el tenis en el m\u00e1ximo nivel. De la importancia de las ra\u00edces, la familia y los amigos como combustible. De todo eso habl\u00f3 <b>Mariano Navone<\/b> en el cierre de una temporada que le dej\u00f3 varios aprendizajes a futuro.<\/p>\n<p class=\"paragraph\">\u201cEste a\u00f1o fue diferente porque ten\u00eda una defensa de puntos muy grande. <b>La \u00e9lite tiene eso: lo que m\u00e1s cuesta es sostenerse. <\/b>Arranqu\u00e9 55 y termin\u00e9 70 y pico, pero creo que salimos airosos de esa parte\u201d, analiz\u00f3 en una entrevista con <b>Infobae<\/b>.<\/p>\n<p class=\"paragraph\">La Nave fue el principal protagonista en <a rel=\"noopener noreferrer nofollow\" href=\"https:\/\/www.infobae.com\/deportes\/2025\/11\/28\/semana-del-tenis-la-aat-celebro-el-sorteo-de-las-finales-del-interclubes\/\" target=\"_blank\" title=\"https:\/\/www.infobae.com\/deportes\/2025\/11\/28\/semana-del-tenis-la-aat-celebro-el-sorteo-de-las-finales-del-interclubes\/\">la presentaci\u00f3n de<b> Las Finales<\/b><\/a>, el nuevo producto que ofrece la <b>Asociaci\u00f3n Argentina de Tenis (AAT)<\/b> con el objetivo de innovar la etapa decisiva del <b>Interclubes<\/b>. Desde el<b> 8 al 14 de diciembre<\/b>, el nuevejuliense ser\u00e1 uno de los animadores del mayor certamen por equipos del pa\u00eds, que se disputar\u00e1 en las canchas r\u00e1pidas del <b>C\u00edrculo de la Fuerza A\u00e9rea de Vicente L\u00f3pez<\/b>.<\/p>\n<p class=\"paragraph\">Luego de alcanzar la final del <b>ATP 500 de R\u00edo de Janeiro<\/b> desde la qualy, la del <b>ATP 250 de Bucarest <\/b>y las semifinales en Marrakech, adem\u00e1s de ascender del puesto 126 al 29 y convertirse en el primer tenista de la historia desde la creaci\u00f3n del<b> ranking ATP<\/b> en ser preclasificado en su debut en un <b>Grand Slam<\/b>, Navone se consolid\u00f3 como una de las grandes apariciones del a\u00f1o -la entidad madre del tenis finalmente eligi\u00f3 al checo <b>Jakub Mensik<\/b>\u2014 en su primera temporada completa en el circuito mayor.<\/p>\n<p class=\"paragraph\">En el 2025, sin embargo, la historia tuvo otro matiz. La Nave debi\u00f3 afrontar la presi\u00f3n de defender lo conseguido en la temporada anterior.<b> \u201cEstuve bastante presionado al principio: <\/b>en los primeros cuatro meses defend\u00eda casi 1000 puntos. El a\u00f1o pasado me hab\u00eda ido bien,<b> pero es m\u00e1s f\u00e1cil cuando irrump\u00eds y sum\u00e1s que cuando ten\u00e9s que ser banca\u201d<\/b>, evalu\u00f3.<\/p>\n<p class=\"paragraph\">\u201cPor momentos lo hice bien y por momentos no sali\u00f3. Ya nos pusimos a laburar como locos en la pretemporada para encontrar esos detalles y marcar la diferencia.<b> Hay que cambiar el chip y enfocarse m\u00e1s en ganar que en defender\u201d<\/b>, profundiz\u00f3.<\/p>\n<p><img alt=\"Mariano Navone y una postal\" class=\"global-image\" decoding=\"async\" fetchpriority=\"low\" height=\"2433\" loading=\"lazy\" src=\"https:\/\/www.europesays.com\/es\/wp-content\/uploads\/2025\/11\/7OVYGLL6MZESDFAORV7BHVDCXA.jpg\" width=\"3750\"\/>Mariano Navone y una postal de su presentaci\u00f3n en el Masters Series de Roma este a\u00f1o (Cr\u00e9dito: REUTERS\/Aleksandra Szmigiel)<\/p>\n<p class=\"paragraph\">En febrero, Navone realiz\u00f3 su debut con la<b> Selecci\u00f3n Argentina de Tenis YPF<\/b> en un contexto particular: sobre cemento, en las g\u00e9lidas temperaturas de <b>Oslo, Noruega<\/b>, y frente al n\u00famero 5 del escalaf\u00f3n mundial: <b>Casper Ruud<\/b>. En el quinto y decisivo punto remont\u00f3 un 0-3 en el set final para sellar la victoria y clasificar al equipo a la segunda ronda de los <b>Qualifiers<\/b>. <\/p>\n<p class=\"paragraph\">\u201cFue hermoso. Era un sue\u00f1o. <b>La adrenalina de la Davis es incre\u00edble, son las semanas m\u00e1s lindas<\/b>. Fue una de las cosas m\u00e1s importantes del a\u00f1o\u201d, evoc\u00f3.<\/p>\n<p class=\"paragraph\">Sin embargo, en el avance de la temporada, algunos problemas f\u00edsicos complicaron su desempe\u00f1o. \u201cMe lastim\u00e9 los pies y tuve que hacerme un mont\u00f3n de estudios. <b>Incluso me revisaron hasta temas de celiaqu\u00eda. <\/b>No era solo un problema de pies: estaba teniendo muchos problemas de piel, lesiones, cortes. <b>Me recuperaba lento\u201d<\/b>, detall\u00f3.<\/p>\n<p class=\"paragraph\">Y ampli\u00f3: \u201cMe somet\u00ed a una bater\u00eda de estudios y por suerte ahora est\u00e1 todo acomodado. Pero fueron dos meses complicados. En la gira de<b> Asia <\/b>estuve entre algodones, con mucho dolor. En <b>Tokio<\/b> ni tendr\u00eda que haber entrado a la cancha. En <b>Shanghai<\/b> me acomod\u00e9 un poco, pero segu\u00eda sufriendo. Fue un momento dif\u00edcil. Ahora estoy con tratamientos preventivos para que no vuelva a pasar\u201d.<\/p>\n<p class=\"paragraph\">Navone destac\u00f3 la importancia de desconectar y compartir momentos con su familia y amigos en <b>Nueve de Julio, provincia de Buenos Aires, su ciudad natal.<\/b> \u201cFueron nueve d\u00edas con muchos planes y aprovech\u00e9 para estar con ellos. Naturalmente no soy alguien tan pegado al celular, pero estos d\u00edas lo solt\u00e9 un poco m\u00e1s. Cuando viaj\u00e1s tanto y no ves a la gente por mucho tiempo, quer\u00e9s estar en todo y saber de todos\u201d, cont\u00f3.<\/p>\n<p class=\"paragraph\">\u201cAhora vivo en Capital, pero <b>Nueve de Julio<\/b> es especial. Le tengo mucho cari\u00f1o y la gente me lo devuelve. En el club de toda mi vida <b>sigo siendo el mismo Mariano de siempre<\/b>, m\u00e1s all\u00e1 de que ahora estoy un poco m\u00e1s \u2018famoso\u2019. Es muy lindo volver y sentir ese afecto\u201d, remarc\u00f3.<\/p>\n<p><img alt=\"Navone durante el cruce ante\" class=\"global-image\" decoding=\"async\" fetchpriority=\"low\" height=\"3512\" loading=\"lazy\" src=\"https:\/\/www.europesays.com\/es\/wp-content\/uploads\/2025\/11\/GMA7BANFCJHKPIDJV6L3DEDWEE.jpg\" width=\"5046\"\/>Navone durante el cruce ante el top ten italiano Lorenzo Musetti en Roland Garros este a\u00f1o (Cr\u00e9dito: REUTERS\/Gonzalo Fuentes)<\/p>\n<p class=\"paragraph\">El pr\u00f3ximo fin de semana, La Nave disputar\u00e1 la Ronda Base \u2014la antesala de Las Finales\u2014 de Interclubes para el <b>Tenis Club Argentino<\/b> y ser\u00e1 <a rel=\"noopener noreferrer nofollow\" href=\"https:\/\/www.infobae.com\/deportes\/2025\/11\/28\/12-tenistas-del-top-100-y-varias-caras-conocidas-quienes-son-las-figuras-que-jugaran-las-finales-del-interclubes\/\" target=\"_blank\" title=\"https:\/\/www.infobae.com\/deportes\/2025\/11\/28\/12-tenistas-del-top-100-y-varias-caras-conocidas-quienes-son-las-figuras-que-jugaran-las-finales-del-interclubes\/\">uno de los 12 jugadores top 100<\/a> incluidos en la lista de buena fe del evento. \u201cEn otros lugares del mundo para ver partidos as\u00ed ten\u00e9s que pagar una entrada car\u00edsima,<b> y ac\u00e1 por un precio razonable ($10.000) pod\u00e9s ver a todos\u201d<\/b>, sostuvo el pupilo de <b>Andr\u00e9s Dellatorre<\/b>.<\/p>\n<p class=\"paragraph\">\u201cLos chicos, las divisiones inferiores, los menores: todos pueden acercarse. Creo que esta camada tiene mucha cercan\u00eda con la gente, y eso vale much\u00edsimo. Tambi\u00e9n es un reconocimiento al esfuerzo de los clubes. A m\u00ed me gusta mucho representarlos\u201d, a\u00f1adi\u00f3.<\/p>\n<p class=\"paragraph\">El actual n\u00famero 72 del ranking revel\u00f3 que, para el inicio de 2026, se anot\u00f3 en el<b> ATP 250 de Hong Kong<\/b> y en el de <b>Brisbane<\/b>, que se disputan en la misma semana. Si bien a\u00fan no est\u00e1 dentro del corte, la decisi\u00f3n que tom\u00f3 junto a su equipo es la de afrontar la gira del circuito mayor por <b>Ocean\u00eda <\/b>y no los <b>Challenger<\/b>. \u201cVoy a ir partido a partido. De cada torneo llevarnos algo, ver qu\u00e9 mejorar, ser m\u00e1s detallistas. Necesitamos dar saltos\u201d, proyect\u00f3.<\/p>\n<p class=\"paragraph\"><b>\u201cCreo que estoy mucho m\u00e1s preparado que cuando me met\u00ed 29 para sostenerme en ese nivel.<\/b> F\u00edsicamente y t\u00e9cnicamente vamos a preparar la m\u00e1quina para estar impecables. Ya conozco todos los torneos, no hay sorpresas ni defensas que me condicionen. <b>Es un momento para apretar el acelerador.<\/b> Ojal\u00e1 salga. Aunque no depende solo de m\u00ed, quiero prepararme firme,<b> creer en una idea y que eso me catapulte\u201d.<\/b><\/p>\n","protected":false},"excerpt":{"rendered":"\u00abEs m\u00e1s f\u00e1cil cuando irrump\u00eds y sum\u00e1s que cuando ten\u00e9s que ser banca\u201d, le dijo Mariano Navone a&hellip;\n","protected":false},"author":2,"featured_media":262572,"comment_status":"","ping_status":"","sticky":false,"template":"","format":"standard","meta":{"footnotes":""},"categories":[274],"tags":[168,25,24,406,407,23,3020,167,327,326,5512],"class_list":{"0":"post-262571","1":"post","2":"type-post","3":"status-publish","4":"format-standard","5":"has-post-thumbnail","7":"category-tenis","8":"tag-deportes","9":"tag-es","10":"tag-espana","11":"tag-europe","12":"tag-rome","13":"tag-spain","14":"tag-sport","15":"tag-sports","16":"tag-tenis","17":"tag-tennis","18":"tag-tensid"},"share_on_mastodon":{"url":"https:\/\/pubeurope.com\/@es\/115634838706904681","error":""},"_links":{"self":[{"href":"https:\/\/www.europesays.com\/es\/wp-json\/wp\/v2\/posts\/262571","targetHints":{"allow":["GET"]}}],"collection":[{"href":"https:\/\/www.europesays.com\/es\/wp-json\/wp\/v2\/posts"}],"about":[{"href":"https:\/\/www.europesays.com\/es\/wp-json\/wp\/v2\/types\/post"}],"author":[{"embeddable":true,"href":"https:\/\/www.europesays.com\/es\/wp-json\/wp\/v2\/users\/2"}],"replies":[{"embeddable":true,"href":"https:\/\/www.europesays.com\/es\/wp-json\/wp\/v2\/comments?post=262571"}],"version-history":[{"count":0,"href":"https:\/\/www.europesays.com\/es\/wp-json\/wp\/v2\/posts\/262571\/revisions"}],"wp:featuredmedia":[{"embeddable":true,"href":"https:\/\/www.europesays.com\/es\/wp-json\/wp\/v2\/media\/262572"}],"wp:attachment":[{"href":"https:\/\/www.europesays.com\/es\/wp-json\/wp\/v2\/media?parent=262571"}],"wp:term":[{"taxonomy":"category","embeddable":true,"href":"https:\/\/www.europesays.com\/es\/wp-json\/wp\/v2\/categories?post=262571"},{"taxonomy":"post_tag","embeddable":true,"href":"https:\/\/www.europesays.com\/es\/wp-json\/wp\/v2\/tags?post=262571"}],"curies":[{"name":"wp","href":"https:\/\/api.w.org\/{rel}","templated":true}]}}