{"id":262573,"date":"2025-11-29T20:21:15","date_gmt":"2025-11-29T20:21:15","guid":{"rendered":"https:\/\/www.europesays.com\/es\/262573\/"},"modified":"2025-11-29T20:21:15","modified_gmt":"2025-11-29T20:21:15","slug":"villar-llevamos-mucho-tiempo-trabajando-en-una-linea-muy-clara-y-vamos-a-salir-adelante","status":"publish","type":"post","link":"https:\/\/www.europesays.com\/es\/262573\/","title":{"rendered":"Villar: \u00abLlevamos mucho tiempo trabajando en una l\u00ednea muy clara y vamos a salir adelante\u00bb"},"content":{"rendered":"<p><a class=\"v-mdl-ath__fig-a\" href=\"https:\/\/www.canarias7.es\/autor\/oliver-suarez-armas-3403.html\" title=\"\u00d3liver Su\u00e1rez Armas\" rel=\"nofollow noopener\" target=\"_blank\"><br \/>\n<img decoding=\"async\" class=\"v-mdl-ath__img\" src=\"https:\/\/www.europesays.com\/es\/wp-content\/uploads\/2025\/07\/autor-3403-foto-1.jpeg\" alt=\"\u00d3liver Su\u00e1rez Armas\"\/><br \/>\n<\/a><\/p>\n<p class=\"v-mdl-ath__p v-mdl-ath__p--6\">\nS\u00e1bado, 29 de noviembre 2025, 16:06<\/p>\n<p>| Actualizado 16:46h.<\/p>\n<p class=\"v-p\"><strong>-El Dreamland Gran Canaria ocupa la und\u00e9cima posici\u00f3n en la fase regular de la Liga Endesa 2025-2026 con un balance de tres victorias (BAXI Manresa, MoraBanc Andorra y R\u00edo Breog\u00e1n) y cinco derrotas (Real Madrid, Unicaja, B\u00e0squet Girona, Joventut Badalona y Bar\u00e7a). \u00bfQu\u00e9 an\u00e1lisis hace de este mal arranque en la competici\u00f3n dom\u00e9stica?<\/strong><\/p>\n<p class=\"v-p\">-Creo que el equipo no ha conseguido su m\u00e1xima expresi\u00f3n a nivel grupal y evidentemente a nivel individual muchos de los jugadores que se tienen que adaptar a la competici\u00f3n y al equipo tampoco lo han conseguido. En una liga tan dura como es la ACB, pues nadie te espera. Creo que es el resultado normal dentro de esta deficiencia que estamos teniendo. Estamos con todo por delante todav\u00eda para seguir so\u00f1ando con nuestros objetivos y evidentemente esa es la buena noticia para mejorar y llegar hasta donde queremos llegar, que es a nuestro m\u00e1ximo rendimiento.<\/p>\n<p class=\"v-p\"><strong>-A nivel interno, \u00bfcu\u00e1l consideran que es la receta para revertir la actual situaci\u00f3n? \u00bfTrabajar y confiar en este proyecto dise\u00f1ado?<\/strong><\/p>\n<p class=\"v-p\">-Cien por cien. Primero hay dos componentes importantes: uno es la capacidad, que creemos que hay much\u00edsima, y luego la intenci\u00f3n, el compromiso y las ganas que hay de todos para conseguir los objetivos y la mejora. Con esa combinaci\u00f3n creo que ya llevamos mucho tiempo trabajando en una l\u00ednea muy clara y con la confianza absoluta de que con este m\u00e9todo evidentemente vamos a salir adelante para intentar seguir cumpliendo los objetivos.<\/p>\n<p class=\"v-p\"><strong>-Sobre el rendimiento colectivo e individual del que habla, \u00bfest\u00e1 conforme con la plantilla confeccionada? \u00bfCree que se ha podido equivocar en algo?<\/strong><\/p>\n<p class=\"v-p\">-Llevamos ochos jornadas de liga. Creo ese tipo de conclusiones son m\u00e1s propias del final de temporada. De momento, estamos abiertos a todos los objetivos y, viendo el desarrollo de los jugadores, hay mucho margen de mejora. Creo que se empieza a visualizar hacia d\u00f3nde van muchos, sobre todo, hablando de los jugadores nuevos. En ese sentido, estamos muy optimistas para que a nivel individual y colectivo vayamos alcanzando nuestro m\u00e1ximo. A d\u00eda de hoy, estamos m\u00e1s centrados en optimizar estos recursos, a estos jugadores y a este equipo que en plantearnos ning\u00fan tipo de dudas. Creo que todos los que hemos fichado y para lo que se les ha fichado ya empiezan a demostrar las cualidades que tienen y ahora hay que acoplarse a un sistema de juego, a una liga y a muchas cosas. En este sentido, estamos trabajando duro para que sea lo antes posible. Es verdad que mientras este proceso est\u00e1 ocurriendo la Liga ACB no te espera y hay equipos que han conseguido mucho antes ese feeling y ese m\u00e1ximo rendimiento, y nosotros vamos un poco m\u00e1s retrasado, pero no es una cuesti\u00f3n de poner en duda a nadie sino de optimizar lo que tenemos. Estamos contentos en ese sentido y lo iremos consiguiendo.<\/p>\n<p class=\"v-p\"><strong>-Tres de las cinco derrotas (Unicaja, Joventut y Bar\u00e7a) se han producido en el Gran Canaria Arena. \u00bfCree que se ha perdido esa condici\u00f3n de fort\u00edn que marcaba la linea de Jaka Lakovic en sus tres cursos anteriores?<\/strong><\/p>\n<p class=\"v-p\">-Espero que no, que sea circunstancial y que no la perdamos. Que sigamos siendo un fort\u00edn y, de hecho, estoy convencido de que lo va a ser. Como dec\u00eda, son ocho jornadas y todas las conclusiones sobre esto pueden llevarnos a precipitarnos en conclusiones definitivas. De momento, est\u00e1 siendo as\u00ed y se nos ha escapado alguna que en condiciones normales no deber\u00eda haber ocurrido, pero que va muy de la mano de esta falta de conjunci\u00f3n y de tener nuestro m\u00e1ximo rendimiento, y esto es lo que ha provocado estas derrotas. Desde el punto de vista del \u00e1nimo del equipo y de c\u00f3mo nos sentimos aqu\u00ed y todo eso, creo que no va a cambiar. Al equipo le gusta mucho jugar aqu\u00ed y, cuando vayamos consiguiendo nuestro nivel como equipo e individual, volveremos a ser temibles. Espero que pocos equipos puedan ganarnos aqu\u00ed.<\/p>\n<p class=\"v-p\"><strong>-A pesar del mal inicio en la competici\u00f3n dom\u00e9stica, cuenta con ocho internacionales (Andrew Albicy, Ziga Samar, Lucas Maniema Braian Angola, Nicol\u00e1s Brussino, Miquel Salv\u00f3, Louis Labeyrie y Kur Kuath) que han acudido con sus selecciones a la ventana FIBA de clasificaci\u00f3n para el Mundial 2027. Este par\u00f3n no ayuda en el tema de ese ajuste de las piezas que destaca, \u00bfno?<\/strong><\/p>\n<p class=\"v-p\">-Los parones no me gustan ni cuando vamos bien, regular o mal. Me gusta jugar continuamente y no parar en ninguna circunstancia, pero es lo que hay. Nos afecta a todos los equipos. Es cierto que se vayan tantos jugadores es un par\u00f3n en seco (solo se quedaron Eric Vila, Pierre Pelos, Isaiah Wong y Mike Tobey), pero hay una parte del campo y otra mental. Creo que a los jugadores les gusta mucho ir con sus selecciones y esto a nivel mental les ayuda mucho, sobre todo, si hacen buenos partidos. Ojal\u00e1 que todo lo que perdamos a nivel t\u00e9cnico y t\u00e1ctico lo ganemos en frescura a la hora de volver en \u00e1nimo. Que les vaya bien y que no se lesionen. <\/p>\n<p class=\"v-p\"><strong>-Incidiendo en el an\u00e1lisis interno que haya hecho junto a Jaka Lakovic hasta el ecuador de esta primera vuelta, \u00bfen qu\u00e9 aspectos reconocen que hay que mejorar para lo que resta de competici\u00f3n despu\u00e9s del par\u00f3n internacional?<\/strong><\/p>\n<p class=\"v-p\">-Incluso cuando nos va bien siempre pensamos que tenemos que mejorar, siempre estamos enfadados con estos temas. B\u00e1sicamente hay un tema de conseguir regularidad como equipo, de mejorar sobre todo en el aspecto defensivo siendo constante durante los 40 minutos en cualquier partido y salir siempre con esa intensidad que cuando somos capaces de conseguirla somos muy dif\u00edciles de batir. Y luego en ataque empezar a que esos automatismos que queremos, esas reglas y esa forma de jugar comiencen a plasmarse. Esto va muy de la mano con la adaptaci\u00f3n de los jugadores nuevos sobre todo, que tienen que conocer el estilo de Jaka, nuestra forma de jugar, que normalmente con Jaka durante todos estos a\u00f1os nos ha costado y al final lo hemos conseguido de forma brillante. Este a\u00f1o va a volver a pasar, pero es un proceso que hay que vivir, que esos jugadores terminen asimilando. Que solo se dediquen a jugar y a explotar sus cualidades es fundamental para el crecimiento del equipo. Vamos a seguir incidiendo para que una vez por todas hagamos clic y sea m\u00e1s f\u00e1cil centrarnos en competir, y no tanto en esa adaptaci\u00f3n a lo que queremos ser como equipo.<\/p>\n<p><img decoding=\"async\" loading=\"lazy\" src=\"https:\/\/www.europesays.com\/es\/wp-content\/uploads\/2025\/11\/willy-villar2-kIBB--650x455@Canarias7.jpg\" class=\"v-a-img\" width=\"650\" height=\"455\" alt=\"\" data-voc-vtm-id=\"in-text-traffic\"\/><\/p>\n<p><img loading=\"lazy\" decoding=\"async\" src=\"https:\/\/www.europesays.com\/es\/wp-content\/uploads\/2025\/11\/willy-villar2-kIBB--650x455@Canarias7.jpg\" class=\"v-mdl__img-z\" width=\"650\" height=\"455\" alt=\"\"\/><\/p>\n<p class=\"v-p\"><strong>-Deduzco de sus palabras que mantiene la confianza en el entrenador esloveno \u00bfno?<\/strong><\/p>\n<p class=\"v-p\">-Me hace reflexionar mucho que me hagas esa pregunta porque no la entiendo. Venimos probablemente del mejor trienio de la historia del club, con dos finales europeas de tres, cumpliendo ocho de nueve objetivos, el \u00fanico objetivo que quiz\u00e1s no cumplimos fue cuando nos elimin\u00f3 el Besiktas aqu\u00ed en la EuroCup. Hemos hecho todos los Playoff de la ACB y todas las Copas del Rey, una en casa eliminando al Valencia, el equipo de moda en aquel momento. Si te doy todos estos datos y solo llevando ocho jornadas, me volver\u00edas a hacer la pregunta. Te pregunto.<\/p>\n<p class=\"v-p\"><strong>-S\u00ed.<\/strong><\/p>\n<p class=\"v-p\">-Pues no tengo respuesta para esa pregunta m\u00e1s que lo que te acabo de decir.<\/p>\n<p class=\"v-p\"><strong>-Siempre comenta que no es partidario de hacer cambios en el plantel durante el transcurrir de la temporada. \u00bfEs partidario de mantener la actual plantilla hasta el final de este ejercicio?<\/strong><\/p>\n<p class=\"v-p\">-S\u00ed, llevamos ocho jornadas de la liga, vamos l\u00edderes de la Champions y clasificados como primeros a falta de dos jornadas. Estamos a una victoria de la Copa del Rey y l\u00f3gicamente hay un estilo y una forma de hacer las cosas encabezada por Jaka. Este cuerpo t\u00e9cnico, que incluyo absolutamente a todos, es el mejor de la ACB por capacidad. Para m\u00ed es una bendici\u00f3n estar en sus manos. Esto no es un canto al cielo. Repito que hemos conseguido proyectar a Gran Canaria a su mejor nivel de siempre, que ya ha sido un club con un nivel extraordinario porque aqu\u00ed ya se ha ganado Supercopa, se ha llegado a la final de la Copa del Rey y se ha llegado a finales europeas. Es un club acostumbrado a estar ah\u00ed y, dentro de esa magn\u00edfica labor que se ha hecho siempre, en este trienio y con este cuerpo t\u00e9cnico, hemos conseguido esto. Creo que hay que hacer una autocr\u00edtica grande por nuestra parte de no saber trasladar esto hacia el exterior. No creo que sea responsabilidad de los medios, va m\u00e1s por nuestra parte. Jaka y yo no somos gente que sepa poner en valor todo lo que se ha conseguido y eso es un h\u00e1ndicap. Tenemos que mejor mucho en eso, que nuestra gente se sienta orgullosa de todo lo que se ha ido consiguiendo y que venga feliz. Cometemos un error muy grande que despu\u00e9s de todo esto que se ha hecho y con ocho jornadas, me preguntes que si hay confianza en Jaka. Creo que no es un error de la pregunta, es un error de que nosotros no hemos puesto en valor y transmitir el momento tan importante que tiene este proyecto a nivel social, europeo y de todos los sentidos. Vas por ah\u00ed y te reconocen como un proyecto de primer nivel por lo que vas haciendo y por los hechos. <\/p>\n<p class=\"v-p\">No hace m\u00e1s de cuatro meses hemos hecho una final europea, una semifinal de Copa y hemos clasificado para Playoff, y tenemos una asignatura pendiente del club para cambiar esto desde dentro. No centrarnos tanto en el trabajo de laboratorio de ganar o perder sino que hay una parte importante que es que sepa toda nuestra gente cada d\u00eda de lo importante que est\u00e1 siendo el proyecto. A lo mejor si hubi\u00e9semos sido mejor vendiendo eso, no me hubieses hecho esa pregunta probablemente porque sab\u00edas el sentimiento interno y de orgullo y todo el mundo se habr\u00eda empapado porque no habr\u00eda lugar ya. Me la haces porque seguramente no hemos sabido transmitir ese sentimiento. Otros clubs que llevan una muy buena trayectoria y que ahora son importantes en el panorama nacional, en ese trayecto importante han tenido peque\u00f1as decepciones entre comillas o fracasos y, como ha habido esa imagen tan buena comunicada y trasladada, pues lo han llevado muy bien. Nosotros con ocho jornadas disputadas, todo este trienio del club queda con una pregunta que repito que no est\u00e1 mal hecha sino que es producto de una mala comunicaci\u00f3n interna por parte de los que formamos esto, que nos dedicamos m\u00e1s a trabajar que a poner en valor lo que significa el club.<\/p>\n<p class=\"v-p\"><strong>-Pone en valor lo logrado en el citado trienio. \u00bfLe molesta que se cuestione a Lakovic, a los jugadores o a usted?<\/strong><\/p>\n<p class=\"v-p\">-No es una cuesti\u00f3n personal o que me afecte a m\u00ed. Llevo 20 a\u00f1os consecutivos como director deportivo y cada semana soy el peor del mundo o soy regular. Creo que no podr\u00eda vivir sin esa presi\u00f3n, no hablo de lo que me afecta a nivel personal. Es todo lo contrario. Hablo de lo que es nuestro proyecto, nuestra sociedad, nuestra afici\u00f3n y nuestra marca club e isla Gran Canaria. Me molesta que no nos sintamos felices y orgullosos porque las personas pasamos y, con las cr\u00edticas cada persona tiene su responsabilidad y si le molesta que no se dedique a esto, pero no es una cuesti\u00f3n personal que me ataquen o no. Somos envidiados fuera y me molesta que toda la familia Granca no nos sintamos orgullosos, aficionados y medios, de lo que estamos construyendo. <\/p>\n<p class=\"v-p\">Tengo envidia sana de otros proyectos que lo est\u00e1n haciendo fenomenalmente bien, que todos somos aficionados del Unicaja ahora por estos a\u00f1os que llevan o del Valencia con ese pabell\u00f3n que es una maquinaria, o el Tenerife&#8230; Nosotros estamos a ese nivel de lo conseguido o m\u00e1s que estos clubs y no tenemos esta relevancia u orgullo que tienen estos sitios de sus clubs. Y esto no va hacia fuera o me molesta de los dem\u00e1s, me entristece, pero llego a la conclusi\u00f3n de que algo estamos haciendo mal para que no todos estemos empapados del \u00e9xito que supone este trienio. Hay que hacer una reflexi\u00f3n profunda de por qu\u00e9 no tenemos todo eso, que no tiene que ver luego con el momento del d\u00eda a d\u00eda y si vas 3-5 y quieres ir a la Copa, pues tienes que ganar partidos. No es que como he hecho esto, pues no me digas nada. Me parece absolutamente brutal ese nivel de exigencia y cuando lo perdamos a lo mejor empezamos a ser mediocres y dejamos de tenerlo. No me gustar\u00eda que vinieran malos momentos para recordar que bien lo hac\u00edamos. Me gusta poder cambiar las cosas estando bien.<\/p>\n<p class=\"v-p\"><strong>-Y prosiguiendo con esa valoraci\u00f3n de la competici\u00f3n liguera. Ya no quedan equipos invictos. El Valencia Basket y el Real Madrid van lanzados con 7-1, el UCAM Murcia, el Joventut y La Laguna Tenerife ya est\u00e1n con 6-2&#8230; \u00bfQu\u00e9 opini\u00f3n tiene?<\/strong><\/p>\n<p class=\"v-p\">-La veo dura. Ya no hay ning\u00fan invicto como dices, el Valencia pierde contra el Granada&#8230; Todos los resultados de cada jornada son imprevisibles y se pone dura. Hay equipos que lo est\u00e1n haciendo de maravilla nada m\u00e1s empezar y sabes que la liga no te espera como nos ha pasado a nosotros que tenemos un retraso en nuestra preparaci\u00f3n. Ahora tienes que remar el triple para intentar conseguir los objetivos que quieres porque el nivel de los equipos, entrenadores, jugadores y directores deportivos de los dem\u00e1s clubs es el mejor en Europa probablemente, entonces si tienes un peque\u00f1o retraso en la preparaci\u00f3n y las cosas no s\u00e9 pegan cuando quieres, la ACB no te dice que vas al 70 y las cosas las puedes seguir haciendo como t\u00fa quieres. Si no te pones al nivel r\u00e1pido, la competici\u00f3n, que no hay ninguna otra as\u00ed en Europa, es m\u00e1ximo nivel, m\u00e1xima profesionalidad y dur\u00edsima cada a\u00f1o. Nosotros en esta competici\u00f3n tan dura y jugando EuroCup como lo hac\u00edamos hasta ahora, estamos cumpliendo siempre los objetivos. Ahora mismo estamos retrasados, pero con toda la ilusi\u00f3n, la ambici\u00f3n y con humildad tambi\u00e9n, seguro que pelearemos para poder seguir dando alegr\u00edas.<\/p>\n<p><img decoding=\"async\" loading=\"lazy\" src=\"https:\/\/www.europesays.com\/es\/wp-content\/uploads\/2025\/11\/willy-villar3-kIBB--650x455@Canarias7.jpg\" class=\"v-a-img\" width=\"650\" height=\"455\" alt=\"\" data-voc-vtm-id=\"in-text-traffic\"\/><\/p>\n<p><img loading=\"lazy\" decoding=\"async\" src=\"https:\/\/www.europesays.com\/es\/wp-content\/uploads\/2025\/11\/willy-villar3-kIBB--650x455@Canarias7.jpg\" class=\"v-mdl__img-z\" width=\"650\" height=\"455\" alt=\"\"\/><\/p>\n<p class=\"v-p\"><strong>-Y tambi\u00e9n para poder estar en la Copa del Rey de Valencia el pr\u00f3ximo a\u00f1o&#8230;<\/strong><\/p>\n<p class=\"v-p\">-Estamos a una victoria del s\u00e9ptimo quedando nueve partidos. No s\u00e9 si va en el mundo de las sensaciones que uno pueda estar m\u00e1s o menos optimista, estamos con todo por delante. Ahora mismo m\u00e1s que los n\u00fameros para la Copa, que nos puede crispar, tensionar e incluso presionar al equipo, toda la energ\u00eda estar\u00e1 en el partido contra el Bilbao. Esto pasa en los partidos tambi\u00e9n, no mirar tanto el marcador si no las cosas bien que tenemos que hacer. Hay mucho por delante todav\u00eda y la \u00fanica manera que veo de poder entrar en la Copa es pensando en ganar en Bilbao. No veo otra f\u00f3rmula y cualquier otra me parece err\u00f3nea. Hemos estado en las \u00faltimas tres, pasando a las semifinales en una y con una pr\u00f3rroga en otra para hacer otras semifinales, creo que no somos dudosos de nuestro nivel de exigencia y de cumplir objetivos. Como dec\u00eda, llevamos ocho de nueve y no creo que haya muchos clubs que puedan decir eso, y vamos a ver si hacemos nueve de diez. La gente est\u00e1 muy ilusionada, con muchas ganas y comprometida. Hace dos a\u00f1os \u00edbamos 2-4 y con peores sensaciones.<\/p>\n<p class=\"v-p\">Me encanta este nivel de exigencia en el club porque esto nos hace estar muy vivos y muy concentrados a todos, creo que esa ambici\u00f3n es necesaria para un club como el nuestro, pero hay que unirla con humildad. Se intenta y no siempre es posible, pero nosotros no pensamos en eso, pensamos en que vamos a dejarnos la vida y vamos a hacerlo con humildad. Rafa Nadal dec\u00eda que cuando sale lo hace a matar, pero sab\u00eda que no siempre se puede ganar todo. Para nosotros es irrenunciable intentar ganar todos los partidos, somos un club que no da por perdido ninguno, que quiere ganar todos sea el rival que sea tanto fuera como en casa, salimos a ganar siempre. Con esa mentalidad ojal\u00e1 nos d\u00e9 para estar en Valencia y si no pues a seguir que quedar\u00e1n muchos objetivos por delante, pero vamos a intentarlo con todas nuestras fuerzas.<\/p>\n<p class=\"v-p\"><strong>-\u00bfCu\u00e1ndo est\u00e1 prevista la vuelta de Carlos Aloc\u00e9n?<\/strong><\/p>\n<p class=\"v-p\">-Hemos hablado con \u00e9l que no queremos poner plazos. Queremos recuperarlo para que juegue diez a\u00f1os m\u00e1s a baloncesto no para que nos ayude al Granca a conseguir no s\u00e9 qu\u00e9 objetivo, ese no es el planteamiento. Ser\u00eda err\u00f3neo meterle una presi\u00f3n innecesaria y adelantar alg\u00fan plazo o situaci\u00f3n en su recuperaci\u00f3n que ser\u00eda fatal para \u00e9l. Tenemos un activo absolutamente incre\u00edble, que cuando se le fich\u00f3 era para que pusiera al Granca en una dimensi\u00f3n totalmente diferente, como est\u00e1 siendo el impacto en Ricky en el Joventut. No exagero, por lo menos para m\u00ed lo era, Carlos era nuestro Ricky y nos da una dimensi\u00f3n brutal. Primero \u00e9l ha tenido mala suerte y ese activo sigue estando ah\u00ed. Hay que cuidarlo no para que este a\u00f1o nos d\u00e9 nada, que si nos da fenomenal. Creo que estamos muy cerca de volver a verlo con nosotros, lo visualizamos sin poner ning\u00fan plazo, pero me encantar\u00eda que sirviera este a\u00f1o para que \u00e9l se volviera a sentir poderoso. Y no para que nos ayude a hacer, que si ocurre sea porque se da, pero no es un objetivo ahora su rendimiento si no su recuperaci\u00f3n.<\/p>\n<p class=\"v-p\"><strong>-Usted habla de la adaptaci\u00f3n de los nuevos, pero Lakovic ha comentado en alguna rueda de prensa la necesidad del paso adelante de la considerada &#8216;vieja guardia&#8217; con Albicy, Brussino, Salv\u00f3, Tobey o Pelos&#8230;<\/strong><\/p>\n<p class=\"v-p\">-S\u00ed, claro. Hay un tema de adaptaci\u00f3n de los nuevos a los sistemas y todo, que ya tienen que tener esa lucha interna de querer demostrar lo que son capaces de hacer y si no lo hacen hay una peque\u00f1a frustraci\u00f3n. En ese camino deben adaptarse a la liga, al entrenador, son muchas cosas a solucionar y en eso vamos un poco lentos. Evidentemente Jaka tiene raz\u00f3n cuando en ese proceso que puede ser m\u00e1s o menos engorroso, los que llevan m\u00e1s tiempo, que no se les puede pedir m\u00e1s de lo que dan porque son de nuestra guardia y nos sentimos tremendamente orgullosos, no paramos de pedirles y les seguiremos pidiendo si todav\u00eda cabe que den un paso m\u00e1s para que esta adaptaci\u00f3n que est\u00e1 siendo m\u00e1s lenta de lo previsto se vaya acelerando. Ellos tienen esa responsabilidad tambi\u00e9n para mantener el nivel que siempre dan y ayuden a los nuevos a entender lo que somos y lo que queremos ser. Por supuesto que tienen una responsabilidad grande en todo esto y les pedimos que den ese paso adelante.<\/p>\n<p class=\"v-p\"><strong>-La nota positiva est\u00e1 siendo la Basketball Champions League (BCL) tras una etapa exitosa en la BKT EuroCup. El cambio est\u00e1 siendo fruct\u00edfero hasta el momento al no conocer la derrota a\u00fan en la primera fase&#8230;<\/strong><\/p>\n<p class=\"v-p\">-Ya veremos. La competici\u00f3n tiene cosas buenas y otras no tanto, como el tema de que no podamos jugar con la misma plantilla. No es algo que nos guste especialmente. Sobre eso hemos dicho que somos rookies (novatos) y esta manera de empezar la competici\u00f3n nos da confianza. Nos gusta sentirnos as\u00ed y ahora vamos a pasar a otro grupo que ser\u00e1 muy complicado y competitivo tambi\u00e9n. A ver c\u00f3mo lo encaramos. Europa siempre ha sido una referencia para nosotros, creo que en el \u00faltimo lustro estamos en el top 3 de equipos europeos con mejores resultados, y eso es una brutalidad porque llevamos unas semifinales, un t\u00edtulo, una final y partidos ganados, siendo primeros de nuestro grupo. Una aut\u00e9ntica locura. Ahora estamos en otra competici\u00f3n y que empecemos de esta forma tan importante sigue poniendo a Gran Canaria en el mapa europeo como que somos ya una instituci\u00f3n a nivel europeo, que es como se nos reconoce fuera, y que somos un proyecto muy s\u00f3lido. Tenemos esta marca y lo dif\u00edcil es mantenerla, pero que orgullo de poder mantener en esta competici\u00f3n que Gran Canaria en Europa es una marca diferencial.<\/p>\n<p class=\"v-p\"><strong>-\u00bfSe marcan el objetivo de estar en la Final Four de este torneo continental?<\/strong><\/p>\n<p class=\"v-p\">-No tengo muy claro si los objetivos los marcan el club o los medios de comunicaci\u00f3n. Hay dos cosas diferentes: una es el objetivo, que creo que lo marca el ambiente y los medios, y otra cosa es el deseo, qu\u00e9 deseamos nosotros. En otros sitios dir\u00e1n llegar a una Final Four o pasar esta fase, cada uno tiene un deseo. Aqu\u00ed el deseo de cualquier jugador que le preguntes es ganarla, pero a lo mejor no ser\u00eda justo pedirnos eso por los proyectos que hay a nivel econ\u00f3mico porque somos los nuevos en la competici\u00f3n y por tant\u00edsimas cosas. No ser\u00eda justo, pero ese es el deseo. Sinceramente no s\u00e9 cu\u00e1l es el objetivo. Estoy con Jaka, somos nuevos, hemos pasado esta primera fase y ahora en la segunda que son solo cuatro equipos no tienes t\u00e1cticamente margen de error ninguno. Creo que si pierdes alg\u00fan partido ya no tienes tiempo. Vamos a encararlo con la idea de pasar esta ronda, ya hemos pasado una y vamos a intentar pasar la siguiente, ese es el objetivo. Todos la quieren ganar, pero la gana uno y normalmente nosotros en Europa en 60 a\u00f1os solo hemos ganado un t\u00edtulo.<\/p>\n<p class=\"v-p\"><strong>-En la BCL ya han debutado los jugadores del filial Eetu Heinonen, Mervedi Miteo y Aleksandr Panasiuk. \u00bfC\u00f3mo est\u00e1 viendo a este grupo de canterano en la reci\u00e9n creada Liga U?<\/strong><\/p>\n<p class=\"v-p\">-Es cierto que llama mucho la atenci\u00f3n los resultados en el U22, eso lo entiendo desde el punto de vista de los aficionados y de los medios. Internamente es lo que menos me preocupa. Me gustar\u00eda que saliera otro Khalifa Diop, otro Olek Balcerowski u otro Jovan Kljajic. Creo que hay jugadores en ese equipo que pueden llegar y ser importantes como esos jugadores que nombro, y en esa l\u00ednea de preparaci\u00f3n y de competitividad es en la que uno se fija. Es evidente que ganar siempre ayuda porque da la confianza en ese desarrollo, tambi\u00e9n la competitividad y ganar forma parte de la formaci\u00f3n, pero el \u00e9xito de cualquier cantera es subir jugadores al primer equipo. Cuantos m\u00e1s jugadores suban al primer equipo, mayor \u00e9xito de la cantera, no va relacionado con las victorias. Seguimos teniendo jugadores que est\u00e1n cedidos como Jakub Urbaniak (Slask Wroclaw) o Fynn Schott (Menorca), que tambi\u00e9n hay que seguir contando con ellos, y de los que tenemos actualmente en el U22 creo que hay dos o tres jugadores que pueden ser susceptibles de ser importantes en el d\u00eda de ma\u00f1ana en el primer equipo. Ese es el trabajo en el que estamos centrados y vamos a ver si seguimos en esa l\u00ednea.<\/p>\n<p class=\"v-p\"><strong>-Pablo Melo pas\u00f3 de tener la confianza de la entidad claretiana a dejar el banquillo del filial a pesar de los buenos resultados (iba invicto en el grupo B de la citada Liga U). \u00bfPuede aclarar su salida?<\/strong><\/p>\n<p class=\"v-p\">-Creo que es una pregunta m\u00e1s para \u00e9l porque dijo que fue por temas personales. Tendr\u00eda todo el derecho a expresar cu\u00e1les son si los quieres decir. Yo no tengo m\u00e1s que aportar. Cualquier cambio en este sentido no es positivo, nos hubiese gustado que finalizara el trabajo. Por eso, este a\u00f1o se le renov\u00f3 la confianza. No ha podido ser, pero me faltan datos que solo \u00e9l sabr\u00e1 explicar y que tiene todo el derecho a hacerlo, y cuando lo haga todos sabremos las razones. Ahora tenemos que continuar con el proyecto, hemos incorporado a otro entrenador (Ermis Papakonstantinou) y esa es la idea.<\/p>\n<p>Reporta un error<\/p>\n","protected":false},"excerpt":{"rendered":"S\u00e1bado, 29 de noviembre 2025, 16:06 | Actualizado 16:46h. -El Dreamland Gran Canaria ocupa la und\u00e9cima posici\u00f3n en&hellip;\n","protected":false},"author":2,"featured_media":262574,"comment_status":"","ping_status":"","sticky":false,"template":"","format":"standard","meta":{"footnotes":""},"categories":[269],"tags":[299,298,168,25,24,23,167,27666,47598],"class_list":{"0":"post-262573","1":"post","2":"type-post","3":"status-publish","4":"format-standard","5":"has-post-thumbnail","7":"category-baloncesto","8":"tag-baloncesto","9":"tag-basketball","10":"tag-deportes","11":"tag-es","12":"tag-espana","13":"tag-spain","14":"tag-sports","15":"tag-villar","16":"tag-xxxx"},"share_on_mastodon":{"url":"https:\/\/pubeurope.com\/@es\/115634850636017800","error":""},"_links":{"self":[{"href":"https:\/\/www.europesays.com\/es\/wp-json\/wp\/v2\/posts\/262573","targetHints":{"allow":["GET"]}}],"collection":[{"href":"https:\/\/www.europesays.com\/es\/wp-json\/wp\/v2\/posts"}],"about":[{"href":"https:\/\/www.europesays.com\/es\/wp-json\/wp\/v2\/types\/post"}],"author":[{"embeddable":true,"href":"https:\/\/www.europesays.com\/es\/wp-json\/wp\/v2\/users\/2"}],"replies":[{"embeddable":true,"href":"https:\/\/www.europesays.com\/es\/wp-json\/wp\/v2\/comments?post=262573"}],"version-history":[{"count":0,"href":"https:\/\/www.europesays.com\/es\/wp-json\/wp\/v2\/posts\/262573\/revisions"}],"wp:featuredmedia":[{"embeddable":true,"href":"https:\/\/www.europesays.com\/es\/wp-json\/wp\/v2\/media\/262574"}],"wp:attachment":[{"href":"https:\/\/www.europesays.com\/es\/wp-json\/wp\/v2\/media?parent=262573"}],"wp:term":[{"taxonomy":"category","embeddable":true,"href":"https:\/\/www.europesays.com\/es\/wp-json\/wp\/v2\/categories?post=262573"},{"taxonomy":"post_tag","embeddable":true,"href":"https:\/\/www.europesays.com\/es\/wp-json\/wp\/v2\/tags?post=262573"}],"curies":[{"name":"wp","href":"https:\/\/api.w.org\/{rel}","templated":true}]}}