{"id":262577,"date":"2025-11-29T20:23:09","date_gmt":"2025-11-29T20:23:09","guid":{"rendered":"https:\/\/www.europesays.com\/es\/262577\/"},"modified":"2025-11-29T20:23:09","modified_gmt":"2025-11-29T20:23:09","slug":"sus-looks-invernales-y-la-polemica-por-el-alquiler-de-bagshot-park","status":"publish","type":"post","link":"https:\/\/www.europesays.com\/es\/262577\/","title":{"rendered":"sus looks invernales y la pol\u00e9mica por el alquiler de Bagshot Park"},"content":{"rendered":"\n<p> Este s\u00e1bado, los <strong>duques de Edimburgo<\/strong> han presidido la reapertura oficial del <strong>palco<\/strong> del <a href=\"https:\/\/www.vanitatis.elconfidencial.com\/casas-reales\/2025-11-16\/leccion-estilo-zara-tindall-look-invernal-impoluto_4248326\/\" target=\"_self\" rel=\"nofollow noopener\">hip\u00f3drom<\/a>o de <strong>Newbury<\/strong>. Se trata de un espacio muy vinculado a la historia ecuestre de la <strong>familia Windsor<\/strong> y que, tras su renovaci\u00f3n, ha vuelto a acoger actos institucionales en las grandes jornadas de carreras. La cita ha tenido lugar coincidiendo con el Coral Gold Cup. Cabe apuntar que el hecho de que hayan asistido Eduardo y <a href=\"https:\/\/www.vanitatis.elconfidencial.com\/casas-reales\/2025-01-20\/60-anos-sophie-edimburgo-conversion-princesa_4044804\/\" target=\"_self\" rel=\"nofollow noopener\">Sof\u00eda de Edimburgo<\/a> ha devuelto ese aire tradicional que siempre acompa\u00f1a a las carreras. Aunque ha sido un acto sencillo, s\u00ed ha tenido ese componente simb\u00f3lico que en Reino Unido se entiende a la perfecci\u00f3n: continuidad y tradici\u00f3n. <\/p>\n<p> <strong>Sof\u00eda de Edimburgo <\/strong>ha vuelto a portar uno de esos <strong>looks<\/strong> invernales que tanto la caracteriza. Para la ocasi\u00f3n, ha optado por un <strong>abrigo-vestido<\/strong> verde oliva, de corte largo y estructura cl\u00e1sica. Adem\u00e1s, el detalle de la <strong>lazada<\/strong> en la parte del cuello ha conseguido suavizar el conjunto. Tambi\u00e9n ha lucido unas <strong>botas<\/strong> camel ideales para el asfalto mojado sin perder un \u00e1pice de elegancia. Aunque el gran protagonista ha sido el sombrero en tonos beige y fucsia. Una pieza que, como decimos, ha destacado sin romper la armon\u00eda del conjunto y que ha dado un contraste bien resuelto. <\/p>\n<p>               Los duques de Edimburgo en el hip\u00f3dromo de Newbury. (Gtres)             <\/p>\n<p> Junto a ella, se ha dejado ver el <strong>duque de Edimburgo<\/strong> quien ha optado por un <strong>traje<\/strong> de gris raya diplom\u00e1tica, con americana cruzada y un aire marcadamente brit\u00e1nico. Lo ha acompa\u00f1ado con una <strong>corbata<\/strong> verde estampada que ha combinado con el abrigo de su esposa. Tambi\u00e9n ha portado un <strong>sombrero<\/strong> fedora en tono tabaco, muy habitual en \u00e9l cuando asiste a este tipo de jornadas. En lo que concierne a los zapatos, una vez m\u00e1s ha elegido el color marr\u00f3n, el mismo tono que el estuche de prism\u00e1ticos con el que ha completado un estilismo cl\u00e1sico, correcto y el la l\u00ednea de lo que se espera de los royals en estas jornadas deportivas. <\/p>\n<p>            \u00bfPrivilegios?           <\/p>\n<p> Adem\u00e1s, esta aparici\u00f3n de los duques coincide con nuevas informaciones sobre su <strong>residencia<\/strong> de <a href=\"https:\/\/www.vanitatis.elconfidencial.com\/casas-reales\/2021-11-14\/residencia-duques-wessex-bagshot-park-lady-louise_3322497\/\" target=\"_self\" rel=\"nofollow noopener\">Bagshot Park<\/a>. Seg\u00fan &#8216;The Times&#8217; el pr\u00edncipe Eduardo firm\u00f3, en 1998, un contrato de <strong>arrendamiento<\/strong> por 50 a\u00f1os con un alquiler simb\u00f3lico de unos 6.000 euros anuales. Unos a\u00f1os despu\u00e9s, tras una reforma en la que \u00e9l aport\u00f3 cerca de <strong>1.6 millones<\/strong> de euros y la Crown Estate otros 3.5 millones, la renta se actualiz\u00f3 hasta los 105.000 euros anuales. Una cifra que, por aquel entonces, se present\u00f3 como ajustada al \u00abvalor de mercado de la finca\u00bb. <\/p>\n<p> Aunque el asunto ha vuelto a la actualidad porque en 2007 el duque decidi\u00f3 ampliar su <strong>arrendamiento<\/strong>, seg\u00fan el tabloide brit\u00e1nico, a trav\u00e9s de un pago adelantado de casi <strong>seis millones<\/strong> de euros. Una operaci\u00f3n con la que garantizaba la residencia durante 150 a\u00f1os mediante su sociedad Eclipse Nominees Limited. Como publica &#8216;The <strong>Times<\/strong>&#8216;, a partir de ese acuerdo, el royal estar\u00eda abonando solamente una renta m\u00ednima. Y eso ha motivado que se reabra el <strong>debate<\/strong> sobre los privilegios vinculados a determinadas residencias reales y las particularidades de los contratos que son gestionados por la Crown Estate. <\/p>\n<p> Este s\u00e1bado, los <strong>duques de Edimburgo<\/strong> han presidido la reapertura oficial del <strong>palco<\/strong> del <a href=\"https:\/\/www.vanitatis.elconfidencial.com\/casas-reales\/2025-11-16\/leccion-estilo-zara-tindall-look-invernal-impoluto_4248326\/\" target=\"_self\" rel=\"nofollow noopener\">hip\u00f3drom<\/a>o de <strong>Newbury<\/strong>. Se trata de un espacio muy vinculado a la historia ecuestre de la <strong>familia Windsor<\/strong> y que, tras su renovaci\u00f3n, ha vuelto a acoger actos institucionales en las grandes jornadas de carreras. La cita ha tenido lugar coincidiendo con el Coral Gold Cup. Cabe apuntar que el hecho de que hayan asistido Eduardo y <a href=\"https:\/\/www.vanitatis.elconfidencial.com\/casas-reales\/2025-01-20\/60-anos-sophie-edimburgo-conversion-princesa_4044804\/\" target=\"_self\" rel=\"nofollow noopener\">Sof\u00eda de Edimburgo<\/a> ha devuelto ese aire tradicional que siempre acompa\u00f1a a las carreras. Aunque ha sido un acto sencillo, s\u00ed ha tenido ese componente simb\u00f3lico que en Reino Unido se entiende a la perfecci\u00f3n: continuidad y tradici\u00f3n. <\/p>\n","protected":false},"excerpt":{"rendered":"Este s\u00e1bado, los duques de Edimburgo han presidido la reapertura oficial del palco del hip\u00f3dromo de Newbury. Se&hellip;\n","protected":false},"author":2,"featured_media":262578,"comment_status":"","ping_status":"","sticky":false,"template":"","format":"standard","meta":{"footnotes":""},"categories":[174],"tags":[255,146,147,25,24,256,23],"class_list":{"0":"post-262577","1":"post","2":"type-post","3":"status-publish","4":"format-standard","5":"has-post-thumbnail","7":"category-famosos","8":"tag-celebrities","9":"tag-entertainment","10":"tag-entretenimiento","11":"tag-es","12":"tag-espana","13":"tag-famosos","14":"tag-spain"},"share_on_mastodon":{"url":"https:\/\/pubeurope.com\/@es\/115634857747462986","error":""},"_links":{"self":[{"href":"https:\/\/www.europesays.com\/es\/wp-json\/wp\/v2\/posts\/262577","targetHints":{"allow":["GET"]}}],"collection":[{"href":"https:\/\/www.europesays.com\/es\/wp-json\/wp\/v2\/posts"}],"about":[{"href":"https:\/\/www.europesays.com\/es\/wp-json\/wp\/v2\/types\/post"}],"author":[{"embeddable":true,"href":"https:\/\/www.europesays.com\/es\/wp-json\/wp\/v2\/users\/2"}],"replies":[{"embeddable":true,"href":"https:\/\/www.europesays.com\/es\/wp-json\/wp\/v2\/comments?post=262577"}],"version-history":[{"count":0,"href":"https:\/\/www.europesays.com\/es\/wp-json\/wp\/v2\/posts\/262577\/revisions"}],"wp:featuredmedia":[{"embeddable":true,"href":"https:\/\/www.europesays.com\/es\/wp-json\/wp\/v2\/media\/262578"}],"wp:attachment":[{"href":"https:\/\/www.europesays.com\/es\/wp-json\/wp\/v2\/media?parent=262577"}],"wp:term":[{"taxonomy":"category","embeddable":true,"href":"https:\/\/www.europesays.com\/es\/wp-json\/wp\/v2\/categories?post=262577"},{"taxonomy":"post_tag","embeddable":true,"href":"https:\/\/www.europesays.com\/es\/wp-json\/wp\/v2\/tags?post=262577"}],"curies":[{"name":"wp","href":"https:\/\/api.w.org\/{rel}","templated":true}]}}