{"id":262583,"date":"2025-11-29T20:28:20","date_gmt":"2025-11-29T20:28:20","guid":{"rendered":"https:\/\/www.europesays.com\/es\/262583\/"},"modified":"2025-11-29T20:28:20","modified_gmt":"2025-11-29T20:28:20","slug":"iron-man-y-doctor-muerte-se-fusionan-la-emotiva-ilustracion-que-ha-compartido-robert-downey-jr","status":"publish","type":"post","link":"https:\/\/www.europesays.com\/es\/262583\/","title":{"rendered":"Iron Man y Doctor Muerte se fusionan: la emotiva ilustraci\u00f3n que ha compartido Robert Downey Jr."},"content":{"rendered":"<p>Despu\u00e9s de haber hecho historia como Tony Stark en el <a href=\"https:\/\/www.ecartelera.com\/sagas\/universo-marvel\/\" rel=\"nofollow noopener\" target=\"_blank\">MCU<\/a>, <a href=\"https:\/\/www.ecartelera.com\/personas\/robert-downey-jr\/\" rel=\"nofollow noopener\" target=\"_blank\">Robert Downey Jr.<\/a> <strong>se prepara ahora para interpretar al villano Victor Von Doom<\/strong>, un personaje al que ha estado vinculado desde hace a\u00f1os. Con las primeras im\u00e1genes del set de rodaje y<strong> el actor ya va dejando m\u00e1s pistas u homenajes a sus personajes del c\u00f3mic<\/strong>.<\/p>\n<p>Teaser anuncio reparto &#8216;Avengers: Doomsday&#8217;<\/p>\n<p><video id=\"vid-35122\" class=\"video-js vjs-default-skin\" data-title=\"Teaser anuncio reparto 'Avengers: Doomsday'\" poster=\"https:\/\/www.ecartelera.com\/images\/videos\/35100\/f35122.jpg\" controls=\"\" preload=\"auto\" width=\"640\" height=\"360\" playsinline=\"\" data-vtt=\"\/\/v1.ecartelera.com\/video\/35100\/35122_sprite.vtt\" data-stream=\"1\">El navegador no soporta el tag de v\u00eddeo.<\/video><\/p>\n<p>X<\/p>\n<p>Robert Downey Jr. <strong>ha compartido una sorpresa en <a href=\"https:\/\/www.instagram.com\/p\/DRku3PSkjpl\/?utm_source=ig_web_copy_link&amp;igsh=MzRlODBiNWFlZA==\/\" target=\"_blank\" rel=\"nofollow noopener\">Instagram<\/a><\/strong> para los fan\u00e1ticos de Marvel justo a tiempo para el D\u00eda de Acci\u00f3n de Gracias: <strong>una ilustraci\u00f3n de dos de sus papeles m\u00e1s emblem\u00e1ticos<\/strong>, Doctor Muerte e &#8216;<a href=\"https:\/\/www.ecartelera.com\/peliculas\/iron-man\/\" rel=\"nofollow noopener\" target=\"_blank\">Iron Man<\/a>&#8216;. Sin embargo, estos dos personajes no est\u00e1n separados en la fotograf\u00eda, sino que se unen en medio de la imagen representando c\u00f3mo <strong>el actor fusiona dos personajes<\/strong>, uno ya ic\u00f3nico y otro destinado a serlo.<\/p>\n<p>Lo curioso es que la idea de Downey como Doctor Muerte no es algo nuevo. Seg\u00fan <a href=\"https:\/\/deadline.com\/2025\/03\/how-robert-downey-jr-was-chosen-as-doctor-doom-1236347398\/\" target=\"_blank\" rel=\"nofollow noopener\">Deadline<\/a> <a href=\"https:\/\/www.ecartelera.com\/personas\/jon-favreau\/\" rel=\"nofollow noopener\" target=\"_blank\">Jon Favreau<\/a> coment\u00f3 que la propuesta de que el actor asumiera el papel del ic\u00f3nico villano de Marvel <strong>surgi\u00f3 mucho antes de que se le eligiera para interpretar a Tony Stark<\/strong>. El concepto se discuti\u00f3 por primera vez durante la producci\u00f3n de &#8216;<a href=\"https:\/\/www.ecartelera.com\/peliculas\/los-4-fantasticos\/\" rel=\"nofollow noopener\" target=\"_blank\">Los 4 fant\u00e1sticos<\/a>&#8216; en 2005, pero no fue hasta mucho despu\u00e9s que <a href=\"https:\/\/www.ecartelera.com\/personas\/kevin-feige\/\" rel=\"nofollow noopener\" target=\"_blank\">Kevin Feige<\/a>, jefe de Marvel Studios, comenz\u00f3 a darle forma.<\/p>\n<p>\t\t\t\t\t\t\t<img decoding=\"async\" loading=\"lazy\" src=\"https:\/\/www.europesays.com\/es\/wp-content\/uploads\/2025\/11\/248859_doctor-doom-y-iron-man-se-fusionan-la-nueva-ilustracin-que-ha-compartido-robert.jpg\" alt=\"Doctor Doom y Iron Man se fusionan: La nueva ilustraci\u00f3n que ha compartido Robert Downey Jr.\" width=\"1200\" height=\"1200\"\/><\/p>\n<p>\t\t\t\t\t\tDoctor Doom y Iron Man se fusionan: La nueva ilustraci\u00f3n que ha compartido Robert Downey Jr.<\/p>\n<p>\u00ab<strong>Recuerdo que ya hab\u00edamos hablado con Robert para hacer algo con \u00e9l en relaci\u00f3n con Doctor Doom<\/strong>, mucho antes de que llegara &#8216;Iron Man'\u00bb, se\u00f1al\u00f3 Favreau en una charla de 2023. Este enfoque renovado en el personaje de Doctor Muerte coincide con los planes de los hermanos Russo, <strong>quienes dirigir\u00e1n las pr\u00f3ximas entregas de Los Vengadores<\/strong>: &#8216;<a href=\"https:\/\/www.ecartelera.com\/peliculas\/avengers-secret-wars\/\" rel=\"nofollow noopener\" target=\"_blank\">Secret Wars<\/a>&#8216; y &#8216;<a href=\"https:\/\/www.ecartelera.com\/peliculas\/avengers-kang-dynasty\/\" rel=\"nofollow noopener\" target=\"_blank\">Doomsday<\/a>&#8216;.<\/p>\n<p>Aunque en un principio los Russo no estaban convencidos de la idea de Downey como Doom, Joe Russo revel\u00f3 en una reciente entrevista que fue una conversaci\u00f3n clave la que hizo que finalmente aceptaran la propuesta: \u00ab<strong>Robert trat\u00f3 de convencernos de hacerlo desde el principio<\/strong>, pero dijimos no. No ten\u00edamos la historia adecuada para \u00e9l. Al principio est\u00e1bamos un poco reacios\u00bb, coment\u00f3 Joe Russo.<\/p>\n<p>\t\t\t\t\t\t\t<img decoding=\"async\" loading=\"lazy\" src=\"https:\/\/www.europesays.com\/es\/wp-content\/uploads\/2025\/11\/236749_los-vengadores-reunidos-en-las-primeras-fotos-de-g.jpg\" alt=\"Los Vengadores reunidos en las primeras fotos de grupo de 'Avengers: Doomsday' con Robert Downey Jr.\" width=\"1200\" height=\"750\"\/><\/p>\n<p>\t\t\t\t\t\tLos Vengadores reunidos en las primeras fotos de grupo de &#8216;Avengers: Doomsday&#8217; con Robert Downey Jr.<br \/>\n\t\t\t\t\t\tVillanos complejos<\/p>\n<p>Los hermanos Russo <strong>siempre han sido grandes defensores de los villanos complejos<\/strong>, aquellos que no se ven a s\u00ed mismos como malvados, sino como figuras justicieras con una causa propia: \u00abLos villanos que creemos que son h\u00e9roes en su propio relato son los que realmente cobran vida. <strong>Eso es lo que hace que Doom sea un personaje tan fascinante<\/strong>\u00ab.<\/p>\n<p>El enfoque estar\u00e1 en crear un nuevo Thanos: \u00ab<strong>Tenemos que crear un personaje tridimensional que no solo sea un villano<\/strong>, sino alguien con motivaciones que hagan que el p\u00fablico lo entienda, incluso si no est\u00e1 de acuerdo con \u00e9l\u00bb. La fotograf\u00eda que ha compartido Downey <strong>es solo un aperitivo <\/strong>de lo que llegar\u00e1 en &#8216;Doomsday&#8217;, uno de los eventos de 2026.<\/p>\n<p><script async src=\"\/\/www.instagram.com\/embed.js\"><\/script><\/p>\n","protected":false},"excerpt":{"rendered":"Despu\u00e9s de haber hecho historia como Tony Stark en el MCU, Robert Downey Jr. se prepara ahora para&hellip;\n","protected":false},"author":2,"featured_media":262584,"comment_status":"","ping_status":"","sticky":false,"template":"","format":"standard","meta":{"footnotes":""},"categories":[169],"tags":[1014,1015,1013,177,1011,146,147,25,24,782,176,1019,1016,175,753,1012,23,1017,1018],"class_list":{"0":"post-262583","1":"post","2":"type-post","3":"status-publish","4":"format-standard","5":"has-post-thumbnail","7":"category-cine","8":"tag-actores","9":"tag-actrices","10":"tag-cartelera","11":"tag-cine","12":"tag-ecartelera","13":"tag-entertainment","14":"tag-entretenimiento","15":"tag-es","16":"tag-espana","17":"tag-estrellas","18":"tag-film","19":"tag-fotogramas","20":"tag-fotos","21":"tag-movies","22":"tag-peliculas","23":"tag-pelis","24":"tag-spain","25":"tag-trailers","26":"tag-videos"},"share_on_mastodon":{"url":"https:\/\/pubeurope.com\/@es\/115634878255775650","error":""},"_links":{"self":[{"href":"https:\/\/www.europesays.com\/es\/wp-json\/wp\/v2\/posts\/262583","targetHints":{"allow":["GET"]}}],"collection":[{"href":"https:\/\/www.europesays.com\/es\/wp-json\/wp\/v2\/posts"}],"about":[{"href":"https:\/\/www.europesays.com\/es\/wp-json\/wp\/v2\/types\/post"}],"author":[{"embeddable":true,"href":"https:\/\/www.europesays.com\/es\/wp-json\/wp\/v2\/users\/2"}],"replies":[{"embeddable":true,"href":"https:\/\/www.europesays.com\/es\/wp-json\/wp\/v2\/comments?post=262583"}],"version-history":[{"count":0,"href":"https:\/\/www.europesays.com\/es\/wp-json\/wp\/v2\/posts\/262583\/revisions"}],"wp:featuredmedia":[{"embeddable":true,"href":"https:\/\/www.europesays.com\/es\/wp-json\/wp\/v2\/media\/262584"}],"wp:attachment":[{"href":"https:\/\/www.europesays.com\/es\/wp-json\/wp\/v2\/media?parent=262583"}],"wp:term":[{"taxonomy":"category","embeddable":true,"href":"https:\/\/www.europesays.com\/es\/wp-json\/wp\/v2\/categories?post=262583"},{"taxonomy":"post_tag","embeddable":true,"href":"https:\/\/www.europesays.com\/es\/wp-json\/wp\/v2\/tags?post=262583"}],"curies":[{"name":"wp","href":"https:\/\/api.w.org\/{rel}","templated":true}]}}