{"id":262587,"date":"2025-11-29T20:30:08","date_gmt":"2025-11-29T20:30:08","guid":{"rendered":"https:\/\/www.europesays.com\/es\/262587\/"},"modified":"2025-11-29T20:30:08","modified_gmt":"2025-11-29T20:30:08","slug":"el-kimchi-mejora-la-salud-metabolica-e-inmunologica-segun-el-primer-estudio-mundial-sobre-sus-efectos-diario-de-navarra","status":"publish","type":"post","link":"https:\/\/www.europesays.com\/es\/262587\/","title":{"rendered":"El kimchi mejora la salud metab\u00f3lica e inmunol\u00f3gica, seg\u00fan el primer estudio mundial sobre sus efectos &#8211; Diario de Navarra"},"content":{"rendered":"<ol>\n<li><a href=\"https:\/\/news.google.com\/rss\/articles\/CBMi-AFBVV95cUxOR2kxbjRfSnA5NXZLZWhUSExfSzkwTWNPV2o1YnY5LVFyQzktR0lYN1VkY3Rtd1BIWkZwVVVwT3pzRTloRVBNeFVxT3hhOGNTeFlzQTN4ZW1tQVM5cGduMHhLcjVOWnk4X281U0QtSTJPTjIySmFfYUVfZHE3aGNIaG9mNkNCVVNfUk9ORjZfTU1vV3IwdlZGbzJZVnRMREdQYmM2NHdWNHplSFBadDQweE56RFA3bTJkWVNUakRlSUJpVkVMNWM3MkdvbXVmbGpHQVdEZTFpTC05MUNyeVNxeGFhNFVkUmFGdFdnS3k3eGQ3RzVJd0NhRQ?oc=5\" target=\"_blank\" rel=\"nofollow noopener\">El kimchi mejora la salud metab\u00f3lica e inmunol\u00f3gica, seg\u00fan el primer estudio mundial sobre sus efectos<\/a>&nbsp;&nbsp;Diario de Navarra<\/li>\n<li><a href=\"https:\/\/news.google.com\/rss\/articles\/CBMi5AFBVV95cUxOb3U1Wkp5ZGtmMzBNWkNNTHZNcWlSbnRkXzQ1RzZOejdRWDY2MHRWYjBEekptc0RNZWRITnRoNE5hcG1yRzZqMXZkX2Z2NU9qUVhSWlY1MW00bDlVcG5LRzNYeERneEVyMU1jTUxoeHRiWEJwaUJ5bGRPWEVQS0pjMGN6blc5U010V1FmS2pCY1FfbWMyU0Vhd1FPVklWUFB1LWVyWkpEbkNKdFRQS0NYcFRfQmhyWXpXRTBtNlJ6U2hIRGpQVHpVSDVzaldxTTVyNFhQd1Yzak4wUTdlVHJqaFJrQ3k?oc=5\" target=\"_blank\" rel=\"nofollow noopener\">El alimento que m\u00e1s fortalece tus defensas: primera explicaci\u00f3n cient\u00edfica del mundo que avala sus beneficios<\/a>&nbsp;&nbsp;Infosalus<\/li>\n<li><a href=\"https:\/\/news.google.com\/rss\/articles\/CBMiqAFBVV95cUxNaWRBcmQtYkxLaUp2Vlp6c2RVUGdidGNpRERuTUlWQllJSk1vWTF4ZTFhd1M3X3NycDZfY1lSSEtNWVJhalNPQUVvQXRNU2RlemFKVWpJcGx0MFM3WVFzNnIxTUxNanZBMWlXVUU3MGYtc25wSFk2M0Fsd2kyTWYzdGFCM05TQXU2aDZYaUp0a2dZc3V0b21LaWF4UU0zZzd1WW5HNS1xTDfSAa4BQVVfeXFMTzlTN0Jwd3NTczhkZHJuMV9ESDVUWkhrZDczV1B5Y0lKRV9rUS1uRXd1Z1Z3SHVwNy1VczlQUlRIV1lNS3ktWXhYZmtibkVWNnlEbGpZbXRkNzA4dHdUZmpMRFVDLTlaNW9DNWlsOUhrZy05VV9LVG54SFBmSTNiMm84RWRxelhSWlBwYTRzOUVlN2o0anVpYlhUZzZnMDhuZDNxU0hNRER2RG5TcXV3?oc=5\" target=\"_blank\" rel=\"nofollow noopener\">El alimento coreano que mejora la salud metab\u00f3lica e inmunol\u00f3gica<\/a>&nbsp;&nbsp;Diario de Noticias de Navarra<\/li>\n<li><a href=\"https:\/\/news.google.com\/rss\/articles\/CBMi2wFBVV95cUxOalJtcUFjZkJrbjAtU0gwZVdxMkFPZDdEb3A1azlWMkE4eW9xZ0ZQNkIzZG8yMnZWNWEwS1d4ZHpqb0FjZXVvYWU3VjdpaHEzWjFaTjBrTWlvdnJDdTAyTkw4MVpUZHFEUlVXQnhaamFqaUpwUEtUZWRsYVladEJKVjBUbzFXVXBDeS1SMHZSWWE2b3A1OTlQemphOC00cVBoaFppWUx1YzQ5bVhsZERGYVFBWkU4ODJvY1AzRGN2bndXY25RZjljLXZreG5jelRUb05oRGlGbGxYWFnSAfYBQVVfeXFMTWxDTS1CMHNfTS1nOW9UOU9VR2JIMjRIdExjUG1STHJPdTBtR0s1LW0ydF9vU184dFF5TVFEbi1hZ3NLV2g0UXZmQ1E0dkVSd0Y1aWZVbE9FS0R2OXVfT3NDLUVmdzJ3S0VoQmZ3dklXMGdCSmZVUUdkZWFfelZpTWR1SWpQbk9CTE11NlA5TzNZQ05UeDBlU08zcWdQUmxHdHVLekxZYVcyc2p5eF83cDg4OEdvY21aQ3BzdnZ2ZEN2aWVFcl8yZFFkN0lnZ2RRQjcyakowYldwbnNTNmI1NnNfa1pmUUtuVmlfRXFBM2ZlbGh3OVd3?oc=5\" target=\"_blank\" rel=\"nofollow noopener\">El superalimento coreano que mantiene en equilibrio el sistema inmune y potencia las defensas<\/a>&nbsp;&nbsp;Infobae<\/li>\n<\/ol>\n","protected":false},"excerpt":{"rendered":"El kimchi mejora la salud metab\u00f3lica e inmunol\u00f3gica, seg\u00fan el primer estudio mundial sobre sus efectos&nbsp;&nbsp;Diario de Navarra&hellip;\n","protected":false},"author":2,"featured_media":248356,"comment_status":"","ping_status":"","sticky":false,"template":"","format":"standard","meta":{"footnotes":""},"categories":[92],"tags":[25,24,165,166,23],"class_list":{"0":"post-262587","1":"post","2":"type-post","3":"status-publish","4":"format-standard","5":"has-post-thumbnail","7":"category-salud","8":"tag-es","9":"tag-espana","10":"tag-health","11":"tag-salud","12":"tag-spain"},"share_on_mastodon":{"url":"https:\/\/pubeurope.com\/@es\/115634885399681769","error":""},"_links":{"self":[{"href":"https:\/\/www.europesays.com\/es\/wp-json\/wp\/v2\/posts\/262587","targetHints":{"allow":["GET"]}}],"collection":[{"href":"https:\/\/www.europesays.com\/es\/wp-json\/wp\/v2\/posts"}],"about":[{"href":"https:\/\/www.europesays.com\/es\/wp-json\/wp\/v2\/types\/post"}],"author":[{"embeddable":true,"href":"https:\/\/www.europesays.com\/es\/wp-json\/wp\/v2\/users\/2"}],"replies":[{"embeddable":true,"href":"https:\/\/www.europesays.com\/es\/wp-json\/wp\/v2\/comments?post=262587"}],"version-history":[{"count":0,"href":"https:\/\/www.europesays.com\/es\/wp-json\/wp\/v2\/posts\/262587\/revisions"}],"wp:featuredmedia":[{"embeddable":true,"href":"https:\/\/www.europesays.com\/es\/wp-json\/wp\/v2\/media\/248356"}],"wp:attachment":[{"href":"https:\/\/www.europesays.com\/es\/wp-json\/wp\/v2\/media?parent=262587"}],"wp:term":[{"taxonomy":"category","embeddable":true,"href":"https:\/\/www.europesays.com\/es\/wp-json\/wp\/v2\/categories?post=262587"},{"taxonomy":"post_tag","embeddable":true,"href":"https:\/\/www.europesays.com\/es\/wp-json\/wp\/v2\/tags?post=262587"}],"curies":[{"name":"wp","href":"https:\/\/api.w.org\/{rel}","templated":true}]}}