{"id":262588,"date":"2025-11-29T20:31:12","date_gmt":"2025-11-29T20:31:12","guid":{"rendered":"https:\/\/www.europesays.com\/es\/262588\/"},"modified":"2025-11-29T20:31:12","modified_gmt":"2025-11-29T20:31:12","slug":"marbella-se-vuelca-con-el-encendido-de-su-iluminacion-navidena-en-un-acto-al-que-han-asistido-numerosos-vecinos-y-que-ha-contado-con-la-actuacion-de-la-gran-zambomba-flamenca-vienen-de-jerez","status":"publish","type":"post","link":"https:\/\/www.europesays.com\/es\/262588\/","title":{"rendered":"Marbella se vuelca con el encendido de su iluminaci\u00f3n navide\u00f1a, en un acto al que han asistido numerosos vecinos y que ha contado con la actuaci\u00f3n de la Gran Zambomba Flamenca \u2018Vienen de Jerez\u2019"},"content":{"rendered":"<p style=\"text-align: justify;\">Marbella se ha volcado esta noche con el encendido de su iluminaci\u00f3n navide\u00f1a, en un acto al que han asistido numerosos vecinos y visitantes y que ha contado con la actuaci\u00f3n de la Gran Zambomba Flamenca \u2018Vienen de Jerez\u2019, con los artistas invitados Capullo de Jerez, Maloko Soto, Diego Carrasco, An\u00e9 Carrasco y Rafael Soto.<\/p>\n<p style=\"text-align: justify;\">La alcaldesa, \u00c1ngeles Mu\u00f1oz, que ha asistido al evento junto a la concejala de Fiestas, Yolanda Mar\u00edn, ha deseado a todos los vecinos una Feliz Navidad y un pr\u00f3spero A\u00f1o Nuevo y que \u201cla ilusi\u00f3n y la alegr\u00eda de estas fiestas lleguen a todos los hogares de nuestro municipio\u201d. Previamente, se ha celebrado el Pasacalles \u2018Hadas de la Luna\u2019 durante una cita que da la bienvenida a la Navidad.<\/p>\n","protected":false},"excerpt":{"rendered":"Marbella se ha volcado esta noche con el encendido de su iluminaci\u00f3n navide\u00f1a, en un acto al que&hellip;\n","protected":false},"author":2,"featured_media":262589,"comment_status":"","ping_status":"","sticky":false,"template":"","format":"standard","meta":{"footnotes":""},"categories":[91],"tags":[146,147,25,24,23],"class_list":{"0":"post-262588","1":"post","2":"type-post","3":"status-publish","4":"format-standard","5":"has-post-thumbnail","7":"category-entretenimiento","8":"tag-entertainment","9":"tag-entretenimiento","10":"tag-es","11":"tag-espana","12":"tag-spain"},"share_on_mastodon":{"url":"https:\/\/pubeurope.com\/@es\/115634889358786560","error":""},"_links":{"self":[{"href":"https:\/\/www.europesays.com\/es\/wp-json\/wp\/v2\/posts\/262588","targetHints":{"allow":["GET"]}}],"collection":[{"href":"https:\/\/www.europesays.com\/es\/wp-json\/wp\/v2\/posts"}],"about":[{"href":"https:\/\/www.europesays.com\/es\/wp-json\/wp\/v2\/types\/post"}],"author":[{"embeddable":true,"href":"https:\/\/www.europesays.com\/es\/wp-json\/wp\/v2\/users\/2"}],"replies":[{"embeddable":true,"href":"https:\/\/www.europesays.com\/es\/wp-json\/wp\/v2\/comments?post=262588"}],"version-history":[{"count":0,"href":"https:\/\/www.europesays.com\/es\/wp-json\/wp\/v2\/posts\/262588\/revisions"}],"wp:featuredmedia":[{"embeddable":true,"href":"https:\/\/www.europesays.com\/es\/wp-json\/wp\/v2\/media\/262589"}],"wp:attachment":[{"href":"https:\/\/www.europesays.com\/es\/wp-json\/wp\/v2\/media?parent=262588"}],"wp:term":[{"taxonomy":"category","embeddable":true,"href":"https:\/\/www.europesays.com\/es\/wp-json\/wp\/v2\/categories?post=262588"},{"taxonomy":"post_tag","embeddable":true,"href":"https:\/\/www.europesays.com\/es\/wp-json\/wp\/v2\/tags?post=262588"}],"curies":[{"name":"wp","href":"https:\/\/api.w.org\/{rel}","templated":true}]}}