{"id":262590,"date":"2025-11-29T20:32:09","date_gmt":"2025-11-29T20:32:09","guid":{"rendered":"https:\/\/www.europesays.com\/es\/262590\/"},"modified":"2025-11-29T20:32:09","modified_gmt":"2025-11-29T20:32:09","slug":"las-5-ofertas-mas-vendidas-que-siguen-activas-despues-del-black-friday-en-amazon-y-que-aun-merecen-la-pena-abc","status":"publish","type":"post","link":"https:\/\/www.europesays.com\/es\/262590\/","title":{"rendered":"Las 5 ofertas m\u00e1s vendidas que siguen activas despu\u00e9s del Black Friday en Amazon (y que a\u00fan merecen la pena&#8230; &#8211; ABC"},"content":{"rendered":"<ol>\n<li><a href=\"https:\/\/news.google.com\/rss\/articles\/CBMipgFBVV95cUxOZTJJUVRHY2xHaXB4X2NiTXU0eUZzSzZoaVowVUQzVU9EUXhYWTNFcWdUOUZZaWpJV2VndEhaSktBQXliYzg1cHlXMThSUHJTTTJIaDF1enhTTElySjBNUFJtQTZ6MG5XYTNoOXBDM3Q5ZVM4SFV3WDlwQXJOdWhTcGxJbVpjRDNINzdnMVl3ejlnMTVCMWhTeE5IS3MxeVdZTTE4WWxB0gGrAUFVX3lxTE10LWV3a2hwTVhPQm9IckxTTXJDZ2hpcHQ5NURXZzhSTEdSTU1janBjMDBUTU91eTJKRTB5T19uMm11QzByOHdlcW5zZDJXOFhKQTI0b21seG14SGxYY0ttcXEzREdvNFowS05BYzVXR3RjcjdhOWhYVmM1cUpMTjNxbHRsaUdpaU9jSHBHUFZqMW8tbU1ja2pyTEUxWnZ4VGx5VWQtOWNWWG9Xbw?oc=5\" target=\"_blank\" rel=\"nofollow noopener\">Las 5 ofertas m\u00e1s vendidas que siguen activas despu\u00e9s del Black Friday en Amazon (y que a\u00fan merecen la pena&#8230;<\/a>&nbsp;&nbsp;ABC<\/li>\n<li><a href=\"https:\/\/news.google.com\/rss\/articles\/CBMipAFBVV95cUxNd0Q5MTZ1OGptblJhSTBROFZvMVBCY0t2SXE4bWdpeWMtZnFOZlpMM0FSQ2ZWVVNpVENweDRJbDAzblhGMGhWdkJ1b3VTRUR0Yjlqd0lvcTRiSFZWdnBjVGVhcEZKSGs1SlNFVlJGUEFIWUx5Ui1mU3RYcXQwd09IeVFNWFBhOUl0d0dzQ1BsOTNuSEVJUEx2Z2ppUEgwTUptWEhFXw?oc=5\" target=\"_blank\" rel=\"nofollow noopener\">Estos son los 10 productos m\u00e1s vendidos en Black Friday de Amazon el viernes 28 de noviembre: a\u00fan tienen descuento<\/a>&nbsp;&nbsp;EL PA\u00cdS<\/li>\n<li><a href=\"https:\/\/news.google.com\/rss\/articles\/CBMic0FVX3lxTE92LVduQjdOOGZ6RDdPYkpXWkRkQ0k2QUROdUpDYVphUXpOcWlDWUk5M0pRYlR5UXo1MW5NZlNFZThTbndHWlhFSkplVHc3WHU3OEk2ejZuOUpqWGVjcDBrQXVlLUcwb3VpV2ZVd3RlYlUwQTA?oc=5\" target=\"_blank\" rel=\"nofollow noopener\">Aprovecha la Semana de Black Friday de Amazon para adelantar tus compras navide\u00f1as (y ahorrarte un mont\u00f3n de dinero y estr\u00e9s)<\/a>&nbsp;&nbsp;GQ Espa\u00f1a<\/li>\n<li><a href=\"https:\/\/news.google.com\/rss\/articles\/CBMiggFBVV95cUxOUlBhV2x5TFhVR2hwZk9mbnZVOERvN2FFUDlvSU9INWZiRUlucW5LS1BzWEFrQlptTzg5V0J4aE9pYk9GTFlHdHlRanI5Q3lDeXA5eDR6OFVqeGJLREpNLVJfUFUtaHF0a05aX25qZGltanNXMGJQcFpBVTVaczk5OGVn?oc=5\" target=\"_blank\" rel=\"nofollow noopener\">Black Friday 2025: todo lo que necesitas saber sobre los grandes descuentos de Amazon<\/a>&nbsp;&nbsp;Glamour Espa\u00f1a<\/li>\n<li><a href=\"https:\/\/news.google.com\/rss\/articles\/CBMi7AFBVV95cUxNMlZaTGl3NlU4VjBPUXJKd0MxYmZaY2t1d29WdnFHMFFfaDI3YUs3RkFkRXBmTzRkLW5yUEFmMzhibGxjWi1JX1NXZjU5WXhmSHIwQkIzcl9TalRTT3hWaDRtTlBUeU5HRTRUb2dSNVUwNDRzMDhkWVRUTVQ2ZktXX21Tc1JzQk1HeVJQM0luSFQ1bjk2ZmZhRFU0SU1OSmRkTC1XangwMmc4SHRwUVA1emhSVU5DYlFJN3kwWEhGTDloR1dWR3RyNXB1eHJLTl9PYlU4c1FQcVdvR1Vvb0N5emR0Qlc5Q1NUN1lRbdIBgAJBVV95cUxNTTdJWmRtVkRDQy1FaFROVWRRWDJ4LUNVM0xpTjNDUlJ2dERuWEJUQzNOU0xnRmhIT0J4QTBRUE93cVNGX25HeVdDZnRDNGYyWTRRMXJaaVdIRVlTLU1kMnFJZ3dGS3JXc2ZlN3BOTnNWWG5OakVVWmMxbnNOcWJ4VV83NW5qSjVrcUF4QzlpRjdDRHctWHNzRkg5Ni1CaTBneHA1eVRkc0RudXI1QWdGX1FDTTVoRG1aSjYxeUdhTXM2THZQY1Z3bHNvbG4yaG84WWY0SmdzOHQxMkRldU1XRUljOUJld3BPRXJVRTdmQlhzLVVIQWltN0ZhOFpLUVBM?oc=5\" target=\"_blank\" rel=\"nofollow noopener\">Las 10 mejores ofertas de hoy (29 de noviembre) en Amazon: hasta un 81% de descuento en Levi&#8217;s, Philips,<\/a>&nbsp;&nbsp;La Raz\u00f3n<\/li>\n<\/ol>\n","protected":false},"excerpt":{"rendered":"Las 5 ofertas m\u00e1s vendidas que siguen activas despu\u00e9s del Black Friday en Amazon (y que a\u00fan merecen&hellip;\n","protected":false},"author":2,"featured_media":262591,"comment_status":"","ping_status":"","sticky":false,"template":"","format":"standard","meta":{"footnotes":""},"categories":[81],"tags":[17138,912,1057,119,123,124,987,25,24,58844,65406,10037,4877,117,121,122,7768,23,118,120,65145],"class_list":{"0":"post-262590","1":"post","2":"type-post","3":"status-publish","4":"format-standard","5":"has-post-thumbnail","7":"category-ciencia-y-tecnologia","8":"tag-activas","9":"tag-amazon","10":"tag-black","11":"tag-ciencia","12":"tag-ciencia-y-tecnologia","13":"tag-cienciaytecnologia","14":"tag-despues","15":"tag-es","16":"tag-espana","17":"tag-friday","18":"tag-merecen","19":"tag-ofertas","20":"tag-pena","21":"tag-science","22":"tag-science-and-technology","23":"tag-scienceandtechnology","24":"tag-siguen","25":"tag-spain","26":"tag-technology","27":"tag-tecnologia","28":"tag-vendidas"},"share_on_mastodon":{"url":"https:\/\/pubeurope.com\/@es\/115634893194933850","error":""},"_links":{"self":[{"href":"https:\/\/www.europesays.com\/es\/wp-json\/wp\/v2\/posts\/262590","targetHints":{"allow":["GET"]}}],"collection":[{"href":"https:\/\/www.europesays.com\/es\/wp-json\/wp\/v2\/posts"}],"about":[{"href":"https:\/\/www.europesays.com\/es\/wp-json\/wp\/v2\/types\/post"}],"author":[{"embeddable":true,"href":"https:\/\/www.europesays.com\/es\/wp-json\/wp\/v2\/users\/2"}],"replies":[{"embeddable":true,"href":"https:\/\/www.europesays.com\/es\/wp-json\/wp\/v2\/comments?post=262590"}],"version-history":[{"count":0,"href":"https:\/\/www.europesays.com\/es\/wp-json\/wp\/v2\/posts\/262590\/revisions"}],"wp:featuredmedia":[{"embeddable":true,"href":"https:\/\/www.europesays.com\/es\/wp-json\/wp\/v2\/media\/262591"}],"wp:attachment":[{"href":"https:\/\/www.europesays.com\/es\/wp-json\/wp\/v2\/media?parent=262590"}],"wp:term":[{"taxonomy":"category","embeddable":true,"href":"https:\/\/www.europesays.com\/es\/wp-json\/wp\/v2\/categories?post=262590"},{"taxonomy":"post_tag","embeddable":true,"href":"https:\/\/www.europesays.com\/es\/wp-json\/wp\/v2\/tags?post=262590"}],"curies":[{"name":"wp","href":"https:\/\/api.w.org\/{rel}","templated":true}]}}