{"id":262592,"date":"2025-11-29T20:34:09","date_gmt":"2025-11-29T20:34:09","guid":{"rendered":"https:\/\/www.europesays.com\/es\/262592\/"},"modified":"2025-11-29T20:34:09","modified_gmt":"2025-11-29T20:34:09","slug":"retirate-o-rusia-tomara-territorios-por-la-fuerza","status":"publish","type":"post","link":"https:\/\/www.europesays.com\/es\/262592\/","title":{"rendered":"&#8216;Ret\u00edrate o Rusia tomar\u00e1 territorios por la fuerza&#8217;"},"content":{"rendered":"<p>Vladimir Putin <b>lanz\u00f3 este jueves una de sus advertencias m\u00e1s contundentes <\/b>desde el inicio de la invasi\u00f3n. Durante una visita oficial a Kirguist\u00e1n, el presidente ruso asegur\u00f3 que Mosc\u00fa solo detendr\u00e1 su ofensiva si Ucrania abandona por completo las zonas que el Kremlin reclama como propias. Si no, afirm\u00f3, <b>Rusia est\u00e1 dispuesta a hacerse con ellas \u201cpor medios militares\u201d.<\/b><\/p>\n<p>El dirigente ruso <b>volvi\u00f3 a reivindicar como territorios \u201crusos\u201d las regiones de Donetsk, Luhansk, Jers\u00f3n y Zaporiyia<\/b>, anexionadas tras referendos denunciados por Kiev y Occidente como una farsa. Aunque Mosc\u00fa controla Luhansk y Crimea casi en su totalidad, su presencia en las dem\u00e1s regiones es parcial y equivale a alrededor del 20% de la superficie ucraniana.<\/p>\n<p>Putin sostuvo adem\u00e1s que<b> sus tropas habr\u00edan cercado a unidades ucranianas en Pokrovsk y Myrnohrad, en Donetsk,<\/b> dos ciudades situadas en uno de los frentes m\u00e1s crudos de la guerra. \u201cKrasnoarmeysk y Dimitrov est\u00e1n completamente rodeadas\u201d, dijo, rescatando la nomenclatura sovi\u00e9tica. Kiev rechaza esta versi\u00f3n y asegura que sus soldados siguen resistiendo en la zona.<\/p>\n<p>El mandatario <b>tambi\u00e9n enumer\u00f3 supuestos avances en Vovchansk (J\u00e1rkov), Siversk (Donetsk) y en direcci\u00f3n a Hulyaipole<\/b>, un enclave clave en Zaporiyia. A su juicio, la ofensiva rusa es ya \u201cimposible de frenar\u201d y Ucrania apenas puede \u201chacer nada\u201d para revertirla.<\/p>\n<p>En paralelo, Putin<b> abri\u00f3 la puerta a considerar el plan de paz de 28 puntos<\/b> impulsado por Estados Unidos como base preliminar para futuras negociaciones. Seg\u00fan explic\u00f3, Mosc\u00fa ya ha recibido una versi\u00f3n revisada del documento y ve posible que ese esquema sirva de punto de partida, aunque insisti\u00f3 en que <b>a\u00fan no existe un texto negociado ni acuerdos cerrados.<\/b><\/p>\n<p>El presidente ruso sostuvo que Washington \u201cparece tener en cuenta\u201d las posiciones planteadas por Mosc\u00fa tras las recientes rondas de contactos y que, tarde o temprano, ambas partes <b>deber\u00e1n \u201csentarse y hablar en serio\u201d para traducir sus posturas en un lenguaje diplom\u00e1tico.<\/b><\/p>\n<p>Como mensaje hacia Europa, Putin neg\u00f3 tener ambiciones ofensivas m\u00e1s all\u00e1 de Ucrania y dijo estar dispuesto incluso a plasmar por escrito un compromiso de no agresi\u00f3n con los pa\u00edses europeos. Minimizar la amenaza rusa, a\u00f1adi\u00f3, servir\u00eda para frenar la \u201chisteria\u201d que, seg\u00fan \u00e9l, alimentan gobiernos y sectores industriales con fines pol\u00edticos o econ\u00f3micos. <b>\u201cNo tenemos planes agresivos para Europa\u201d, insisti\u00f3.<\/b><\/p>\n","protected":false},"excerpt":{"rendered":"Vladimir Putin lanz\u00f3 este jueves una de sus advertencias m\u00e1s contundentes desde el inicio de la invasi\u00f3n. Durante&hellip;\n","protected":false},"author":2,"featured_media":262593,"comment_status":"","ping_status":"","sticky":false,"template":"","format":"standard","meta":{"footnotes":""},"categories":[42],"tags":[17,18,13,14,8233,11,61,62,63,64,19,20,9,10,15,16,1614,12,21,22,7083,65,66,67],"class_list":{"0":"post-262592","1":"post","2":"type-post","3":"status-publish","4":"format-standard","5":"has-post-thumbnail","7":"category-internacional","8":"tag-breaking-news","9":"tag-breakingnews","10":"tag-featured-news","11":"tag-featurednews","12":"tag-guerra-ucrania","13":"tag-headlines","14":"tag-internacional","15":"tag-international","16":"tag-international-news","17":"tag-internationalnews","18":"tag-latest-news","19":"tag-latestnews","20":"tag-news","21":"tag-noticias","22":"tag-noticias-destacadas","23":"tag-noticiasdestacadas","24":"tag-rusia","25":"tag-titulares","26":"tag-ultimas-noticias","27":"tag-ultimasnoticias","28":"tag-vladimir-putin","29":"tag-world","30":"tag-world-news","31":"tag-worldnews"},"share_on_mastodon":{"url":"https:\/\/pubeurope.com\/@es\/115634901655050697","error":""},"_links":{"self":[{"href":"https:\/\/www.europesays.com\/es\/wp-json\/wp\/v2\/posts\/262592","targetHints":{"allow":["GET"]}}],"collection":[{"href":"https:\/\/www.europesays.com\/es\/wp-json\/wp\/v2\/posts"}],"about":[{"href":"https:\/\/www.europesays.com\/es\/wp-json\/wp\/v2\/types\/post"}],"author":[{"embeddable":true,"href":"https:\/\/www.europesays.com\/es\/wp-json\/wp\/v2\/users\/2"}],"replies":[{"embeddable":true,"href":"https:\/\/www.europesays.com\/es\/wp-json\/wp\/v2\/comments?post=262592"}],"version-history":[{"count":0,"href":"https:\/\/www.europesays.com\/es\/wp-json\/wp\/v2\/posts\/262592\/revisions"}],"wp:featuredmedia":[{"embeddable":true,"href":"https:\/\/www.europesays.com\/es\/wp-json\/wp\/v2\/media\/262593"}],"wp:attachment":[{"href":"https:\/\/www.europesays.com\/es\/wp-json\/wp\/v2\/media?parent=262592"}],"wp:term":[{"taxonomy":"category","embeddable":true,"href":"https:\/\/www.europesays.com\/es\/wp-json\/wp\/v2\/categories?post=262592"},{"taxonomy":"post_tag","embeddable":true,"href":"https:\/\/www.europesays.com\/es\/wp-json\/wp\/v2\/tags?post=262592"}],"curies":[{"name":"wp","href":"https:\/\/api.w.org\/{rel}","templated":true}]}}