{"id":262594,"date":"2025-11-29T20:35:11","date_gmt":"2025-11-29T20:35:11","guid":{"rendered":"https:\/\/www.europesays.com\/es\/262594\/"},"modified":"2025-11-29T20:35:11","modified_gmt":"2025-11-29T20:35:11","slug":"una-nueva-manifestacion-en-valencia-pide-a-mazon-que-entregue-el-acta-y-declare-en-el-juzgado-por-la-dana-noticias-de-la-comunidad-valenciana","status":"publish","type":"post","link":"https:\/\/www.europesays.com\/es\/262594\/","title":{"rendered":"Una nueva manifestaci\u00f3n en Valencia pide a Maz\u00f3n que entregue el acta y declare en el juzgado por la dana | Noticias de la Comunidad Valenciana"},"content":{"rendered":"<p class=\"\">Una nueva manifestaci\u00f3n por la gesti\u00f3n de la dana de Valencia ha recorrido este s\u00e1bado las calles de la capital con su principal reivindicaci\u00f3n cumplida: la dimisi\u00f3n de <a href=\"https:\/\/elpais.com\/noticias\/carlos-mazon-guixot\/\" target=\"_self\" rel=\"nofollow noopener\" title=\"https:\/\/elpais.com\/noticias\/carlos-mazon-guixot\/\">Carlos Maz\u00f3n<\/a> como presidente de la Generalitat. Conseguida la renuncia del pol\u00edtico, las m\u00e1s de 200 entidades y sindicatos que convocan cada mes desde hace m\u00e1s de un a\u00f1o protestas por la gesti\u00f3n que hizo Maz\u00f3n y su gobierno antes, durante y despu\u00e9s de la tragedia, le piden ahora que entregue su acta de diputado y <a href=\"https:\/\/elpais.com\/espana\/comunidad-valenciana\/2025-10-20\/la-jueza-de-la-dana-investiga-los-ultimos-videos-que-el-gobierno-de-mazon-no-entrego-al-juzgado.html\" target=\"_self\" rel=\"nofollow noopener\" title=\"https:\/\/elpais.com\/espana\/comunidad-valenciana\/2025-10-20\/la-jueza-de-la-dana-investiga-los-ultimos-videos-que-el-gobierno-de-mazon-no-entrego-al-juzgado.html\">declare ante la jueza de Catarroja que investiga lo sucedido<\/a>. El grito durante la marcha ha sido un\u00e1nime: \u201cMaz\u00f3n, a prisi\u00f3n\u201d. <\/p>\n<p class=\"\">En una marcha num\u00e9ricamente m\u00e1s reducida que la anterior \u2014 \u2014m\u00e1s de 2.000 personas seg\u00fan la Delegaci\u00f3n del Gobierno y unas 1.100 con los c\u00e1lculos de la Polic\u00eda Local\u2014 hab\u00eda dos grandes marionetas, una que representaba a Maz\u00f3n, vestido de presidiario, y otra de traje y corbata con la fotograf\u00eda de P\u00e9rez Llorca. En torno a las seis de la tarde ha comenzado la marcha con un gran aplauso de los asistentes a los colectivos de v\u00edctimas que abr\u00edan la manifestaci\u00f3n. <\/p>\n<p class=\"\"><a href=\"https:\/\/elpais.com\/espana\/comunidad-valenciana\/2025-09-25\/rosa-alvarez-presidenta-de-la-asociacion-victimas-mortales-de-la-dana-nos-marchamos-de-las-cortes-por-la-retahila-de-mentiras-de-mazon.html\" target=\"_self\" rel=\"nofollow noopener\" title=\"https:\/\/elpais.com\/espana\/comunidad-valenciana\/2025-09-25\/rosa-alvarez-presidenta-de-la-asociacion-victimas-mortales-de-la-dana-nos-marchamos-de-las-cortes-por-la-retahila-de-mentiras-de-mazon.html\">Rosa \u00c1lvarez<\/a>, portavoz de la Asociaci\u00f3n de V\u00edctimas Mortales de la Dana 29-O, ha reflexionado en la cabecera de la marcha sobre el anuncio el pasado jueves en las Cortes Valencianas de Juanfran P\u00e9rez Llorca de que pedir\u00e1 perd\u00f3n a las v\u00edctimas en cuanto sea presidente el pr\u00f3ximo martes: \u201cEse perd\u00f3n gen\u00e9rico se quedar\u00e1 en un brindis al sol si no hay asunci\u00f3n de responsabilidades. Tendr\u00e1 que ser un acercamiento con consistencia porque estamos hablando de 229 vidas. No estamos hablando de sobres, de ortodoncias, ni de chistorras. Que reconozcan que ellos ten\u00edan la informaci\u00f3n y que por lo que fuese no tomaron las medidas oportunas\u201d, ha enfatizado. <\/p>\n<p class=\"\">Tambi\u00e9n se ha referido \u00c1lvarez a la dimisi\u00f3n de Maz\u00f3n como presidente pero a su negativa hasta ahora a entregar el acta de diputado. \u201c\u00c9l ya no est\u00e1 como presidente, pero sigue como diputado auton\u00f3mico [y aforado], manteniendo el acta y es muy curioso que no quiera acudir a la justicia ordinaria perdiendo as\u00ed una oportunidad, jug\u00e1ndosela toda una, en el Tribunal Superior de Justicia de la Comunidad Valenciana\u201d, ha se\u00f1alado \u00c1lvarez. <\/p>\n<p class=\"\">En esta ocasi\u00f3n, las asociaciones de v\u00edctimas se han quejado del trato recibido por las autoridades despu\u00e9s de que la Polic\u00eda Local, ha denunciado \u00c1lvarez, les hiciera cambiar hasta tres veces el punto de partida de la manifestaci\u00f3n que, en principio, part\u00eda de la plaza del Ayuntamiento, hoy desbordada de gente por el espect\u00e1culo que acompa\u00f1a cada d\u00eda al encendido de luces de Navidad. La cabeza de la manifestaci\u00f3n ha tenido que situarte al final de la calle de las Barcas y desde ah\u00ed seguir hasta la plaza de Porta de la Mar, donde estaba el final. \u201cLes molestamos y el mercantilismo prima\u201d, se ha quejado \u00c1lvarez. Las asociaciones esperan que el cerco se estreche todav\u00eda m\u00e1s en torno a los responsables. <\/p>\n<p class=\"\">Maril\u00f3 Gradol\u00ed, representante de otra de los colectivos de v\u00edctimas ha pedido la dimisi\u00f3n del Gobierno valenciano de Maz\u00f3n. \u201cHemos venido porque tenemos que continuar reclamando la dimisi\u00f3n de todo el Consell porque no se han asumido todas las responsabilidades y exigimos que Maz\u00f3n deje su acta de diputado y vaya directamente a declarar al juzgado\u201d. A su lado, To\u00f1i Garc\u00eda, esposa y madre de dos de los fallecidos en la dana, pide tambi\u00e9n que se vayan a casa el centenar largo de cargos p\u00fablicos de la Generalitat que dedicaron un largo aplauso a Maz\u00f3n el pasado 29 de octubre, en el primer aniversario de la tragedia, tras su declaraci\u00f3n institucional en el Palau. \u201cTenemos todo el apoyo de la sociedad y seguiremos luchando hasta que consigamos saber la verdad, que vamos conociendo a cuentagotas. Siguen mintiendo y queremos verdad, justicia, reparaci\u00f3n, memoria y dignidad para todos nuestros fallecidos\u201d, a\u00f1ade. <\/p>\n<p class=\"\">La Asociaci\u00f3n de Damnificados por la Dana Horta Sud se ha unido a la manifestaci\u00f3n tambi\u00e9n en apoyo a los familiares de las v\u00edctimas mortales. Sobre la reconstrucci\u00f3n ha dicho que est\u00e1 igual que al principio. \u201cBasta con ir a los municipios o pedan\u00edas afectados. Estamos abandonados\u201d, ha denunciado su portavoz, Noelia Pascual. De hecho, entre los manifestantes han podido verse pancartas donde se le\u00eda \u201cCoches nuevos, casas vac\u00edas\u201d o \u201cMis padres tienen 88 a\u00f1os y no necesitan un coche nuevo sino un ascensor\u201d. <\/p>\n<p class=\"\">Entre la riada de gente, un miembro de los llamados Comit\u00e9s Locales de Emergencia y Reconstrucci\u00f3n, meg\u00e1fono en mano, anticipaba la entrevista que la exconsejera de Emergencias e imputada por la jueza de Catarroja, Salom\u00e9 Pradas, ha concedido al programa de televisi\u00f3n Salvados, en la que ofrece nuevos datos e impresiones sobre la tr\u00e1gica jornada de la riada y el papel de Maz\u00f3n. \u201cCalienta que sales, Carlitos!\u201d, ha dicho con mofa. <\/p>\n<p class=\"\">Pilar, de 34 a\u00f1os, es de Alginet, un pueblo que tambi\u00e9n sufri\u00f3 la dana aunque no se vio tan afectado como Paiporta, Catarroja o Alfafar. Vive en Barcelona pero cuenta que viene todos los meses a las manifestaciones para apoyar a las familias y a los afectados. \u201cHemos estado luchando todo un a\u00f1o para que este se\u00f1or [en alusi\u00f3n a Maz\u00f3n] dimitiera y ahora que lo hemos conseguido, queremos que el Pa\u00eds Valenciano no se venda a la extrema derecha. Est\u00e1 saliendo de todo y sabemos que la jueza est\u00e1 haciendo una gran labor, recabando pruebas, as\u00ed que esperemos que se haga justicia\u201c.<\/p>\n<p class=\"\">Al final de la protesta, los organizadores han reconocido que \u201choy no ha sido f\u00e1cil\u201d y han mostrado su desacuerdo con el bajo c\u00e1lculo de asistencia dado por las autoridades. A continuaci\u00f3n, han le\u00eddo un manifiesto donde se insiste en que Maz\u00f3n y todo su gobierno asuman sus responsabilidades por la gesti\u00f3n de la tragedia, acaben \u201clas mentiras y la falta de transparencia en las instituciones de gobierno valencianas\u201d. <\/p>\n","protected":false},"excerpt":{"rendered":"Una nueva manifestaci\u00f3n por la gesti\u00f3n de la dana de Valencia ha recorrido este s\u00e1bado las calles de&hellip;\n","protected":false},"author":2,"featured_media":262595,"comment_status":"","ping_status":"","sticky":false,"template":"","format":"standard","meta":{"footnotes":""},"categories":[8],"tags":[17,18,2007,242,1681,10831,25,24,13,14,11,4274,60819,2158,19,20,4809,9,10,15,16,18264,23,12,21,22,235],"class_list":{"0":"post-262594","1":"post","2":"type-post","3":"status-publish","4":"format-standard","5":"has-post-thumbnail","7":"category-espana","8":"tag-breaking-news","9":"tag-breakingnews","10":"tag-carlos-mazon","11":"tag-comunidad-valenciana","12":"tag-dana","13":"tag-dimisiones-politicas","14":"tag-es","15":"tag-espana","16":"tag-featured-news","17":"tag-featurednews","18":"tag-headlines","19":"tag-inundaciones-dana-octubre-2024","20":"tag-juanfran-perez-llorca","21":"tag-justicia","22":"tag-latest-news","23":"tag-latestnews","24":"tag-muertes","25":"tag-news","26":"tag-noticias","27":"tag-noticias-destacadas","28":"tag-noticiasdestacadas","29":"tag-protestas-sociales","30":"tag-spain","31":"tag-titulares","32":"tag-ultimas-noticias","33":"tag-ultimasnoticias","34":"tag-valencia"},"share_on_mastodon":{"url":"","error":"Validation failed: Text character limit of 500 exceeded"},"_links":{"self":[{"href":"https:\/\/www.europesays.com\/es\/wp-json\/wp\/v2\/posts\/262594","targetHints":{"allow":["GET"]}}],"collection":[{"href":"https:\/\/www.europesays.com\/es\/wp-json\/wp\/v2\/posts"}],"about":[{"href":"https:\/\/www.europesays.com\/es\/wp-json\/wp\/v2\/types\/post"}],"author":[{"embeddable":true,"href":"https:\/\/www.europesays.com\/es\/wp-json\/wp\/v2\/users\/2"}],"replies":[{"embeddable":true,"href":"https:\/\/www.europesays.com\/es\/wp-json\/wp\/v2\/comments?post=262594"}],"version-history":[{"count":0,"href":"https:\/\/www.europesays.com\/es\/wp-json\/wp\/v2\/posts\/262594\/revisions"}],"wp:featuredmedia":[{"embeddable":true,"href":"https:\/\/www.europesays.com\/es\/wp-json\/wp\/v2\/media\/262595"}],"wp:attachment":[{"href":"https:\/\/www.europesays.com\/es\/wp-json\/wp\/v2\/media?parent=262594"}],"wp:term":[{"taxonomy":"category","embeddable":true,"href":"https:\/\/www.europesays.com\/es\/wp-json\/wp\/v2\/categories?post=262594"},{"taxonomy":"post_tag","embeddable":true,"href":"https:\/\/www.europesays.com\/es\/wp-json\/wp\/v2\/tags?post=262594"}],"curies":[{"name":"wp","href":"https:\/\/api.w.org\/{rel}","templated":true}]}}