{"id":262596,"date":"2025-11-29T20:36:23","date_gmt":"2025-11-29T20:36:23","guid":{"rendered":"https:\/\/www.europesays.com\/es\/262596\/"},"modified":"2025-11-29T20:36:23","modified_gmt":"2025-11-29T20:36:23","slug":"la-investigacion-descarta-la-participacion-de-terceras-personas-en-la-muerte-de-las-dos-adolescentes-de-jaen","status":"publish","type":"post","link":"https:\/\/www.europesays.com\/es\/262596\/","title":{"rendered":"La investigaci\u00f3n descarta la participaci\u00f3n de terceras personas en la muerte de las dos adolescentes de Ja\u00e9n"},"content":{"rendered":"<p style=\"\">El subdelegado del Gobierno en Ja\u00e9n, Manuel \u00c1ngel Fern\u00e1ndez, ha apuntado que en una primera inspecci\u00f3n ocular llevada a cabo por la Brigada Judicial de la Polic\u00eda Nacional <strong>no se aprecian signos de violencia externa ni indicios de participaci\u00f3n de terceras personas<\/strong> en la  &#8230; muerte de dos adolescentes halladas en la madrugada de este s\u00e1bado en el Parque de la Victoria de la ciudad jiennense.<\/p>\n<p class=\"voc-p\" style=\"\">En un audio difundido a los medios, el subdelegado ha indicado que tras las primeras premisas, <strong>podr\u00eda descartarse en principio la participaci\u00f3n directa de terceras personas,<\/strong> siempre a expensa del desarrollo de la investigaci\u00f3n.<\/p>\n<p class=\"voc-p\" style=\"\">Asimismo, ha se\u00f1alado que se encuentra decretado el secreto del sumario y ha rogado que se mantenga el m\u00e1ximo respeto a las menores fallecidas y a sus familias, a quienes ha querido trasladar \u00abnuestro dolor en unos momentos extraordinariamente duros\u00bb.<\/p>\n<p class=\"voc-p\" style=\"\">En contexto, <strong>la Polic\u00eda Nacional de Ja\u00e9n investiga la muerte de dos j\u00f3venes halladas a la 1,30 horas de este s\u00e1bado en el Parque de la Victoria<\/strong> de la ciudad jiennense. Fuentes del citado cuerpo han afirmado en declaraciones a Europa Press que se ha decretado el secreto de sumario hasta que no se levante por parte del juez.<\/p>\n<p class=\"voc-p\" style=\"\">El Servicio de Emergencias 112 de Andaluc\u00eda ha precisado a esta agencia que <strong>recibieron un aviso a las 1,30 horas de la ma\u00f1ana por dos j\u00f3venes<\/strong> \u00abposiblemente fallecidas\u00bb en el Parque de la Victoria de Ja\u00e9n.<\/p>\n<p class=\"voc-p\" style=\"\">La sala coordinadora del 112 activ\u00f3 a efectivos de Polic\u00eda Nacional, Polic\u00eda Local, Bomberos y servicios sanitarios, que confirmaron el fallecimiento. La hip\u00f3tesis inicial de trabajo es considerar este suceso como \u00abposible suicidio\u00bb.<\/p>\n","protected":false},"excerpt":{"rendered":"El subdelegado del Gobierno en Ja\u00e9n, Manuel \u00c1ngel Fern\u00e1ndez, ha apuntado que en una primera inspecci\u00f3n ocular llevada&hellip;\n","protected":false},"author":2,"featured_media":262597,"comment_status":"","ping_status":"","sticky":false,"template":"","format":"standard","meta":{"footnotes":""},"categories":[5],"tags":[3194,17,18,9439,1563,25,24,13,14,11,1294,3619,19,20,4920,9,10,15,16,2599,3477,23,65407,12,21,22],"class_list":{"0":"post-262596","1":"post","2":"type-post","3":"status-publish","4":"format-standard","5":"has-post-thumbnail","7":"category-titulares","8":"tag-adolescentes","9":"tag-breaking-news","10":"tag-breakingnews","11":"tag-descarta","12":"tag-dos","13":"tag-es","14":"tag-espana","15":"tag-featured-news","16":"tag-featurednews","17":"tag-headlines","18":"tag-investigacion","19":"tag-jaen","20":"tag-latest-news","21":"tag-latestnews","22":"tag-muerte","23":"tag-news","24":"tag-noticias","25":"tag-noticias-destacadas","26":"tag-noticiasdestacadas","27":"tag-participacion","28":"tag-personas","29":"tag-spain","30":"tag-terceras","31":"tag-titulares","32":"tag-ultimas-noticias","33":"tag-ultimasnoticias"},"share_on_mastodon":{"url":"https:\/\/pubeurope.com\/@es\/115634908895394995","error":""},"_links":{"self":[{"href":"https:\/\/www.europesays.com\/es\/wp-json\/wp\/v2\/posts\/262596","targetHints":{"allow":["GET"]}}],"collection":[{"href":"https:\/\/www.europesays.com\/es\/wp-json\/wp\/v2\/posts"}],"about":[{"href":"https:\/\/www.europesays.com\/es\/wp-json\/wp\/v2\/types\/post"}],"author":[{"embeddable":true,"href":"https:\/\/www.europesays.com\/es\/wp-json\/wp\/v2\/users\/2"}],"replies":[{"embeddable":true,"href":"https:\/\/www.europesays.com\/es\/wp-json\/wp\/v2\/comments?post=262596"}],"version-history":[{"count":0,"href":"https:\/\/www.europesays.com\/es\/wp-json\/wp\/v2\/posts\/262596\/revisions"}],"wp:featuredmedia":[{"embeddable":true,"href":"https:\/\/www.europesays.com\/es\/wp-json\/wp\/v2\/media\/262597"}],"wp:attachment":[{"href":"https:\/\/www.europesays.com\/es\/wp-json\/wp\/v2\/media?parent=262596"}],"wp:term":[{"taxonomy":"category","embeddable":true,"href":"https:\/\/www.europesays.com\/es\/wp-json\/wp\/v2\/categories?post=262596"},{"taxonomy":"post_tag","embeddable":true,"href":"https:\/\/www.europesays.com\/es\/wp-json\/wp\/v2\/tags?post=262596"}],"curies":[{"name":"wp","href":"https:\/\/api.w.org\/{rel}","templated":true}]}}