{"id":262598,"date":"2025-11-29T20:42:02","date_gmt":"2025-11-29T20:42:02","guid":{"rendered":"https:\/\/www.europesays.com\/es\/262598\/"},"modified":"2025-11-29T20:42:02","modified_gmt":"2025-11-29T20:42:02","slug":"horario-y-donde-ver-la-final-de-la-copa-davis-entre-italia-y-espana","status":"publish","type":"post","link":"https:\/\/www.europesays.com\/es\/262598\/","title":{"rendered":"Horario y d\u00f3nde ver la final de la Copa Davis entre Italia y Espa\u00f1a"},"content":{"rendered":"<p>El <a href=\"https:\/\/www.ultimahora.es\/etiqueta\/tenis.html?utm_source=Inline-tag&amp;utm_medium=internal\" rel=\"nofollow noopener\" target=\"_blank\">tenis<\/a> espa\u00f1ol vuelve a so\u00f1ar con conquistar la <strong><a href=\"https:\/\/www.ultimahora.es\/etiqueta\/Copa+Davis.html?utm_source=Inline-tag&amp;utm_medium=internal\" rel=\"nofollow noopener\" target=\"_blank\">Copa Davis<\/a><\/strong>. Tras superar este s\u00e1bado a Alemania, la &#8216;Armada&#8217;, con el mallorqu\u00edn <a href=\"https:\/\/www.ultimahora.es\/etiqueta\/Jaume+Munar.html?utm_source=Inline-tag&amp;utm_medium=internal\" rel=\"nofollow noopener\" target=\"_blank\">Jaume Munar<\/a>, a la cabeza reta a la anfitriona y vigente campeona de la competici\u00f3n, Italia, que este domingo cuenta con la baza de jugar en casa en Bolonia.<\/p>\n<p>Sin Carlos Alcaraz, con la pol\u00e9mica baja de Alejandro Davidovich de por medio, con la mayor remontada de la historia en la clasificaci\u00f3n ante Dinamarca en la que levant\u00f3 un punto de partido&#8230; El arduo camino de la &#8216;Armada&#8217; termina en la gran final de la Copa Davis de Bolonia. <strong>Partido por el que pocos apostaron, pero que este grupo se ha ganado a pulso<\/strong>.<\/p>\n<p>Rep\u00fablica Checa y Alemania, las v\u00edctimas que desataron la ilusi\u00f3n en otra jornada para el recuerdo. Mermada Italia por la baja de Jannik Sinner, igual que en Espa\u00f1a, que no cuenta con Carlos Alcaraz, es una final sin favorito, con dos duelos que pueden caer de cualquier lado. Pablo Carre\u00f1o contra Matteo Berrettini. El mallorqu\u00edn Jaume Munar contra Flavio Cobolli. El p\u00fablico, despu\u00e9s de cinco a\u00f1os animando a Espa\u00f1a, dos en Madrid y tres en M\u00e1laga, jugar\u00e1 a favor de los italianos. Marcel Granollers y Pedro Mart\u00ednez est\u00e1n llamados a pelear en el doble.<\/p>\n<p>El duelo por la m\u00e1xima competici\u00f3n por selecciones<strong> arranca a las 15:00<\/strong> (hora peninsular espa\u00f1ola) y se puede seguir <strong><a href=\"https:\/\/www.ultimahora.es\/etiqueta\/en+directo.html?utm_source=Inline-tag&amp;utm_medium=internal\" rel=\"nofollow noopener\" target=\"_blank\">en directo<\/a> por televisi\u00f3n a trav\u00e9s de Movistar+ Vamos (en el dial 8)<\/strong> desde Bolonia, donde los transalpinos persiguen su cuarta corona, la tercera consecutiva, mientras que los espa\u00f1oles, la primera desde 2019.<\/p>\n","protected":false},"excerpt":{"rendered":"El tenis espa\u00f1ol vuelve a so\u00f1ar con conquistar la Copa Davis. Tras superar este s\u00e1bado a Alemania, la&hellip;\n","protected":false},"author":2,"featured_media":262599,"comment_status":"","ping_status":"","sticky":false,"template":"","format":"standard","meta":{"footnotes":""},"categories":[274],"tags":[13877,168,3598,25,24,65408,9018,6894,3439,23,167,327,326],"class_list":{"0":"post-262598","1":"post","2":"type-post","3":"status-publish","4":"format-standard","5":"has-post-thumbnail","7":"category-tenis","8":"tag-copa-davis","9":"tag-deportes","10":"tag-en-directo","11":"tag-es","12":"tag-espana","13":"tag-horario-y-donde-ver","14":"tag-jaume-munar","15":"tag-rafa-nadal","16":"tag-rafael-nadal","17":"tag-spain","18":"tag-sports","19":"tag-tenis","20":"tag-tennis"},"share_on_mastodon":{"url":"https:\/\/pubeurope.com\/@es\/115634932480505640","error":""},"_links":{"self":[{"href":"https:\/\/www.europesays.com\/es\/wp-json\/wp\/v2\/posts\/262598","targetHints":{"allow":["GET"]}}],"collection":[{"href":"https:\/\/www.europesays.com\/es\/wp-json\/wp\/v2\/posts"}],"about":[{"href":"https:\/\/www.europesays.com\/es\/wp-json\/wp\/v2\/types\/post"}],"author":[{"embeddable":true,"href":"https:\/\/www.europesays.com\/es\/wp-json\/wp\/v2\/users\/2"}],"replies":[{"embeddable":true,"href":"https:\/\/www.europesays.com\/es\/wp-json\/wp\/v2\/comments?post=262598"}],"version-history":[{"count":0,"href":"https:\/\/www.europesays.com\/es\/wp-json\/wp\/v2\/posts\/262598\/revisions"}],"wp:featuredmedia":[{"embeddable":true,"href":"https:\/\/www.europesays.com\/es\/wp-json\/wp\/v2\/media\/262599"}],"wp:attachment":[{"href":"https:\/\/www.europesays.com\/es\/wp-json\/wp\/v2\/media?parent=262598"}],"wp:term":[{"taxonomy":"category","embeddable":true,"href":"https:\/\/www.europesays.com\/es\/wp-json\/wp\/v2\/categories?post=262598"},{"taxonomy":"post_tag","embeddable":true,"href":"https:\/\/www.europesays.com\/es\/wp-json\/wp\/v2\/tags?post=262598"}],"curies":[{"name":"wp","href":"https:\/\/api.w.org\/{rel}","templated":true}]}}