{"id":262600,"date":"2025-11-29T20:45:13","date_gmt":"2025-11-29T20:45:13","guid":{"rendered":"https:\/\/www.europesays.com\/es\/262600\/"},"modified":"2025-11-29T20:45:13","modified_gmt":"2025-11-29T20:45:13","slug":"espana-se-mide-en-tenerife-a-la-georgia-de-shermadini-acb-com","status":"publish","type":"post","link":"https:\/\/www.europesays.com\/es\/262600\/","title":{"rendered":"Espa\u00f1a se mide en Tenerife a la Georgia de Shermadini &#8211; ACB.COM"},"content":{"rendered":"<ol>\n<li><a href=\"https:\/\/news.google.com\/rss\/articles\/CBMinwFBVV95cUxOOVF5MW5ybE5nZkVzMlZjZTdld2RwOWpBamhBNXJUUTZPN2s3RmRMLXNnWlotWkdKU0pzSTFDOXJTRHg2aUZFTkhRdnlfNjhtSHpUeEZqX0ptTmZFb1Z1NmZ1MmI4OUtlM0NMRzJsbVBOQ3l4SUh0S2lKWW9JaDVHTldFWkJtNENHem9lenV1RFpPYjdodlNuMndSOU1lVHc?oc=5\" target=\"_blank\" rel=\"nofollow noopener\">Espa\u00f1a se mide en Tenerife a la Georgia de Shermadini<\/a>&nbsp;&nbsp;ACB.COM<\/li>\n<li><a href=\"https:\/\/news.google.com\/rss\/articles\/CBMiqwFBVV95cUxQbFdNZkN3dkJjcDhLUEV2VUtvdWdzS2JZbDNUbndqZTJoM3VZU2dPSnNoOVc1REZvRTFlbW1FZXlPNi1iOS02eWU5dlhOa2VDZGoxeGIycTB4QXgzVkR6SmdTei1PRlJNVENpakMwaFNMa0k3RHNta3JXT2ZkcXVGTlZMaGVpZmNpY0x4aUl6NmJhVy1yM0tRV0QwZW1kc2NtVlhCMHpXWHBNVzTSAb8BQVVfeXFMTVI3U0pWQmF2Z0JGOTJzNkxqQk1jZmRpa25hMlU1azBqQU1FTFU5TTIyeGpnTjByZG5mV0t3UHFjcXVabTdXTXMwMXRDWTcyXzJ0TkdJclJ5amFNQ3R2OU1BYk92SGFVQ1M2eVY2YWFTMzNITC03SlhJNFNnY1lzb2Y3SEhRQ2hlZ3lVZ3Y4c0dIV0hjMUxkVmp4MGl4NmQyZWdyRVZvalVkTTAycnppSkd5Uy04R3hRXzVWQkV1UTQ?oc=5\" target=\"_blank\" rel=\"nofollow noopener\">Jaime Fern\u00e1ndez, baja de peso para el Espa\u00f1a-Georgia<\/a>&nbsp;&nbsp;Diario AS<\/li>\n<li><a href=\"https:\/\/news.google.com\/rss\/articles\/CBMioAFBVV95cUxNaUN1cmIxcDhXVVJ2MFprZ1RheHFhOHBaWWN2Wl9JRmFGbDhrdzlhZFhBdUVaLTM3dkIxQ2wtdV9FMzJYSEVINEczSWtSb3F4U2stQnF2UDlobmVua0Z0eXB3TmtaS0dwblhadVJ5dk1NUmFjM3NSVzgtUFhJVlVaU0VxNWJ6eVNiazc5eGh0T3NkUlA1aHpucUl0VzF1bEJS?oc=5\" target=\"_blank\" rel=\"nofollow noopener\">Jaime Fern\u00e1ndez no jugar\u00e1 ante Georgia por lesi\u00f3n<\/a>&nbsp;&nbsp;Federacion Espa\u00f1ola de Baloncesto<\/li>\n<li><a href=\"https:\/\/news.google.com\/rss\/articles\/CBMixwFBVV95cUxPaU9qNWFvVEdyaF9lR0FyX1NfajBYYW41bEFwUFIxM3VKLXNHSVR0LW5HbUlaeHNLMTVpbF92a09uUUozaEE1TXUtSzZKODZkdHctTmQtbkJid1laUXdfQUctQlV6enVRY1NJUktRMVhheUZLU2REektJbnM0TFQ1RUttNHA0Y2xOOVNrTGZxX1hfWlRmdVFjcDQ2T1BnenoycVBNVUp6dHctNUN5V2NMTC1weFZmQWpQMnAxQjdGdG84U01KT3k4?oc=5\" target=\"_blank\" rel=\"nofollow noopener\">Espa\u00f1a busca un nuevo triunfo en la despedida de Shermadini<\/a>&nbsp;&nbsp;Europa Press<\/li>\n<li><a href=\"https:\/\/news.google.com\/rss\/articles\/CBMivwFBVV95cUxPN01LdGtOUi1BZHZ5TzNvckdYWUZOTV9WbDVsdTdMYVh4bERqeXludUZuVmYzbjB2Y1dNYkpWQWE1anBPcHhtODh4NnhiVlRQZmYyMGJTR3FhVFhsRVRNbjB4WGp3MnB4ekVPbjlSV21PSVhSeUVSVGVHTUM0NVJ0OXZUUURIbTA3RXRncnpiVFg4Y0tBWEJlVW00ZGV2czJxdEduUklmSklYY1Ytc2Qwb2FaNjFnYVBhOV83bFFTONIBvwFBVV95cUxPUW15bnFEdHkyZ1IyNFpRZHRoT1c4Y1pDZUJTeEgyQVlfQkJGUTFsWWFLYlpKa3B6S1liTmI3c3huUy1ENjJ0RmxtSGg3RGdveV82TEY5bU5walZLa1Zab1NCTHRMMFNLTFZFRlgteGV5Uko5Szc4Q2FzcDBXZVNDY1lYUjZwVVNsN0NXQmkwbncxZm1sdzRkMktaWWVtNVhxOFFnbU9JYmtDaDdzMlhLSXBjNE9ydUJDZTBaM0JQZw?oc=5\" target=\"_blank\" rel=\"nofollow noopener\">Chus Mateo: \u00abIgualar a Georgia en intensidad no es suficiente, hay que superarles\u00bb<\/a>&nbsp;&nbsp;MARCA<\/li>\n<\/ol>\n","protected":false},"excerpt":{"rendered":"Espa\u00f1a se mide en Tenerife a la Georgia de Shermadini&nbsp;&nbsp;ACB.COM Jaime Fern\u00e1ndez, baja de peso para el Espa\u00f1a-Georgia&nbsp;&nbsp;Diario&hellip;\n","protected":false},"author":2,"featured_media":262601,"comment_status":"","ping_status":"","sticky":false,"template":"","format":"standard","meta":{"footnotes":""},"categories":[269],"tags":[299,298,168,25,24,23,167],"class_list":{"0":"post-262600","1":"post","2":"type-post","3":"status-publish","4":"format-standard","5":"has-post-thumbnail","7":"category-baloncesto","8":"tag-baloncesto","9":"tag-basketball","10":"tag-deportes","11":"tag-es","12":"tag-espana","13":"tag-spain","14":"tag-sports"},"share_on_mastodon":{"url":"https:\/\/pubeurope.com\/@es\/115634944437683045","error":""},"_links":{"self":[{"href":"https:\/\/www.europesays.com\/es\/wp-json\/wp\/v2\/posts\/262600","targetHints":{"allow":["GET"]}}],"collection":[{"href":"https:\/\/www.europesays.com\/es\/wp-json\/wp\/v2\/posts"}],"about":[{"href":"https:\/\/www.europesays.com\/es\/wp-json\/wp\/v2\/types\/post"}],"author":[{"embeddable":true,"href":"https:\/\/www.europesays.com\/es\/wp-json\/wp\/v2\/users\/2"}],"replies":[{"embeddable":true,"href":"https:\/\/www.europesays.com\/es\/wp-json\/wp\/v2\/comments?post=262600"}],"version-history":[{"count":0,"href":"https:\/\/www.europesays.com\/es\/wp-json\/wp\/v2\/posts\/262600\/revisions"}],"wp:featuredmedia":[{"embeddable":true,"href":"https:\/\/www.europesays.com\/es\/wp-json\/wp\/v2\/media\/262601"}],"wp:attachment":[{"href":"https:\/\/www.europesays.com\/es\/wp-json\/wp\/v2\/media?parent=262600"}],"wp:term":[{"taxonomy":"category","embeddable":true,"href":"https:\/\/www.europesays.com\/es\/wp-json\/wp\/v2\/categories?post=262600"},{"taxonomy":"post_tag","embeddable":true,"href":"https:\/\/www.europesays.com\/es\/wp-json\/wp\/v2\/tags?post=262600"}],"curies":[{"name":"wp","href":"https:\/\/api.w.org\/{rel}","templated":true}]}}