{"id":262604,"date":"2025-11-29T20:47:14","date_gmt":"2025-11-29T20:47:14","guid":{"rendered":"https:\/\/www.europesays.com\/es\/262604\/"},"modified":"2025-11-29T20:47:14","modified_gmt":"2025-11-29T20:47:14","slug":"cuando-nacio-mi-hijo-la-infanta-dona-pilar-me-regalo-su-anillo-favorito","status":"publish","type":"post","link":"https:\/\/www.europesays.com\/es\/262604\/","title":{"rendered":"Cuando naci\u00f3 mi hijo, la infanta do\u00f1a Pilar me regal\u00f3 su anillo favorito"},"content":{"rendered":"<p id=\"eJO85oE2qL\" data-wc=\"101\">Un\u00a0t\u00e1ndem infalible. <strong>As\u00ed definen Andrea Pascual y Mar\u00eda Vega-Penichet Fierro su relaci\u00f3n.\u00a0<\/strong>A ambas<strong>\u00a0les corre la creatividad y la visi\u00f3n de negocio por las venas<\/strong>: el padre de Andrea es uno de los notarios m\u00e1s prestigiosos de Espa\u00f1a, y su madre, dise\u00f1adora de tocados. Por su parte, Mar\u00eda desciende de una<strong>\u00a0importante saga de empresarios y otra de abogados, adem\u00e1s de ser sobrina de Jaime Fierro,\u00a0<\/strong>interiorista al que encargaban sus hogares figuras de la alta sociedad.<a class=\"hm-link ho-link\" href=\"https:\/\/www.hola.com\/fashion\/20251024863470\/andrea-pascual-maria-vega-penichet-looks-made-in-spain-madrid\/\" data-mrf-recirculation=\"article-body-link\" rel=\"nofollow noopener\" target=\"_blank\">\u00a0\u00abNos conocimos hace ocho a\u00f1os (trabajando en Kimomi, agencia de comunicaci\u00f3n de la que es socia Andrea) y somos inseparables\u00bb, nos cuentan.<\/a><\/p>\n<p>  <img src=\"https:\/\/www.europesays.com\/es\/wp-content\/uploads\/2025\/11\/8dd135e5a69c-002336302d31-7a2d81f594e62f735fb8df59706a64e1holaandreapascualmariavegapenichet0.jpg\"   width=\"1920\" height=\"1080\" loading=\"lazy\" decoding=\"async\" alt=\"Andrea y Mar\u00eda, que posan con &quot;total looks&quot; de Dior y joyas de Dinh Van, cuentan con el apoyo de amigas como Sassa de Osma y Moira Laporta: &quot;Estamos rodeadas de emprendedoras con las que nos encanta colaborar. Nos inspiran, nos complementamos y lo pasamos incre\u00edble juntas&quot;\" fetchpriority=\"auto\" class=\"image ho-image\"\/>\u00a9 Chesco L\u00f3pezAndrea y Mar\u00eda, que posan con \u00abtotal looks\u00bb de Dior y joyas de Dinh Van, cuentan con el apoyo de amigas como Sassa de Osma y Moira Laporta: \u00abEstamos rodeadas de emprendedoras con las que nos encanta colaborar. Nos inspiran, nos complementamos y lo pasamos incre\u00edble juntas\u00bb<\/p>\n<p id=\"ec3JWQIdBP-\" data-wc=\"74\">Lo suyo<strong>\u00a0fue un aut\u00e9ntico flechazo en lo laboral y lo personal.<\/strong> \u00abUna tiene un perfil m\u00e1s creativo y la otra es m\u00e1s estrat\u00e9gica, con foco en el negocio\u00bb. Tal es su sinton\u00eda que<strong>\u00a0han decidido lanzarse a la aventura y emprender un nuevo proyecto juntas:\u00a0<\/strong>\u00abEra el momento de crear algo que <strong>reflejara nuestra visi\u00f3n sin filtros<\/strong>. La moda ha evolucionado hacia el consumo consciente y la b\u00fasqueda de piezas con valor emocional\u00bb.\u00a0<\/p>\n<p>  <img src=\"https:\/\/www.europesays.com\/es\/wp-content\/uploads\/2025\/11\/7d2ac11c4a0a-cf8439a1484347eb70cff36cfeb09b65holaandreapascualmariavegapenichet02119.jpg\"   width=\"2500\" height=\"3437\" loading=\"lazy\" decoding=\"async\" alt=\"ANDREA PASCUAL y mar\u00eda vega-penichet fierro cuando tu socia es tu mejor amiga\" fetchpriority=\"auto\" class=\"image ho-image\"\/>\u00a9 Chesco L\u00f3pezMar\u00eda lleva  \u00abtotal look\u00bb de Miu Miu y joyas de Roberto Coin<\/p>\n<p id=\"eAJKJXEoHt\" data-wc=\"91\">Esa pasi\u00f3n que las uni\u00f3 se materializa ahora en su propia <strong>concept store<\/strong><strong>\u00a0en plena milla de oro madrile\u00f1a, un espacio donde rodearse de belleza y buen gusto. De ah\u00ed, precisamente, nace el nombre: Kalitea, que une las palabras griegas \u00abbelleza\u00bb y \u00abvisi\u00f3n\u00bb.<\/strong> Su objetivo es seleccionar prendas especiales bas\u00e1ndose no solo el dise\u00f1o, sino tambi\u00e9n en los materiales, su procedencia y su personalidad e historia. <strong>\u00abNos entusiasma la idea de que se convierta en un lugar que conecte con mujeres con criterio propio y gusto por las piezas con alma\u00bb.<\/strong><\/p>\n<p>Mar\u00eda, emprendimiento en la sangre<\/p>\n<p class=\"HOLA-TEMAS_5b--PREGUNTA-NEGRITA question-s1\" id=\"efE4hUsZMLh\" data-wc=\"14\"><strong>Mar\u00eda, este proyecto tiene un significado muy especial para ti por d\u00f3nde est\u00e1 ubicado.<\/strong><\/p>\n<p class=\"HOLA-TEMAS_5a--TEXTO-NORMAL answer-s1\" id=\"ePs_9vECxus\" data-wc=\"48\">Es un<strong>\u00a0privilegio poder tener mi negocio en un edificio familiar<\/strong> que me ha visto crecer y que me va a permitir disfrutar con mi familia materna, que me ha apoyado desde el principio. Adem\u00e1s, <strong>siempre he pensado que es uno de los edificios m\u00e1s bonitos de Madrid.<\/strong><\/p>\n<blockquote class=\"ho-bl-1081603 -no-figcaption\" cite=\"\">\n<p id=\"eQH56qsbUGn\">Mar\u00eda: \u00abMis apellidos me \u00a0han abierto puertas. Admiro a mis padres y sus respectivas familias, con historias de superaci\u00f3n y \u00e9xito. Y ambas emprendedoras, lo llevo en la sangre\u00bb<\/p>\n<\/blockquote>\n<p class=\"HOLA-TEMAS_5b--PREGUNTA-NEGRITA question-s1\" id=\"eIvCYbh1KH2\" data-wc=\"19\"><strong>Ten\u00edas claro que tu futuro pasaba por el mundo creativo. \u00bfC\u00f3mo influy\u00f3 tu t\u00edo Jaime Fierro en esta decisi\u00f3n?<\/strong><\/p>\n<p class=\"HOLA-TEMAS_5a--TEXTO-NORMAL answer-s1\" id=\"eZhrDdtqlJ_\" data-wc=\"30\">Mi<strong>\u00a0t\u00edo Jaime me despert\u00f3 el gusto por las cosas bonitas.\u00a0<\/strong>Verle elegir, combinar, colocar\u2026 era una maravilla. Ir a Vaanda era entretenid\u00edsimo, \u00a1ojal\u00e1 yo ahora pueda recrear lo mismo!<\/p>\n<p>\u00abEl gusto por las cosas bonitas\u00bb<\/p>\n<p class=\"HOLA-TEMAS_5b--PREGUNTA-NEGRITA question-s1\" id=\"eKz12fZc_j0\" data-wc=\"9\"><strong>La decoraci\u00f3n tiene tambi\u00e9n un papel importante en Kalitea.\u00a0<\/strong><\/p>\n<p class=\"HOLA-TEMAS_5a--TEXTO-NORMAL answer-s1\" id=\"e0vvRz5wRrt\" data-wc=\"33\">\u00a1Nos han llegado a decir que <strong>parece m\u00e1s un estudio de decoraci\u00f3n que una tienda<\/strong>! Somos muy perfeccionistas, lo hemos hecho con mucho detalle, sin olvidar que<strong>\u00a0el protagonismo es de las prendas.<\/strong><\/p>\n<p class=\"HOLA-TEMAS_5b--PREGUNTA-NEGRITA question-s1\" id=\"eFbu3tBXRtL3\" data-wc=\"15\"><strong>\u00bfCrees que tus apellidos te han abierto puertas o que ha habido prejuicios contra ti?<\/strong><\/p>\n<p class=\"HOLA-TEMAS_5a--TEXTO-NORMAL answer-s1\" id=\"ep-1qBCvAU36\" data-wc=\"33\">\u00a1Abierto puertas! <strong>Tengo la mejor mezcla, cubana con espa\u00f1ola.<\/strong> Admiro mucho a mis padres y sus respectivas familias, con historias de superaci\u00f3n y \u00e9xito. Y<strong>\u00a0ambas familias emprendedoras, lo llevo en la sangre.<\/strong><\/p>\n<blockquote class=\"ho-bl-1081603 -no-figcaption\" cite=\"\">\n<p id=\"e4YC0Lu9u_k\">Andrea: \u00abNo s\u00e9 si repetir\u00eda una boda tradicional, pero este a\u00f1o es nuestro d\u00e9cimo aniversario y, sin duda, \u00a0habr\u00e1 que celebrarlo. Ha sido una d\u00e9cada intensa y muy bonita\u00bb<\/p>\n<\/blockquote>\n<p class=\"HOLA-TEMAS_5b--PREGUNTA-NEGRITA question-s1\" id=\"e9XA1Hk-W9E9\" data-wc=\"13\"><strong>\u00bfTe cost\u00f3 dar un giro a tu vida y lanzarte a ser aut\u00f3noma?<\/strong><\/p>\n<p class=\"HOLA-TEMAS_5b--PREGUNTA-NEGRITA answer-s1\" id=\"eQ0nOPxLB24N\" data-wc=\"25\">Es una <strong>suerte poder organizarte t\u00fa misma la agenda<\/strong>; para<strong>\u00a0conciliar es clave<\/strong>. Me divierte much\u00edsimo mi trabajo, pero necesito estar presente con mis hijos.<\/p>\n<p class=\"HOLA-TEMAS_5b--PREGUNTA-NEGRITA question-s1\" id=\"ewfQ_ETr6yYb\" data-wc=\"19\"><strong>\u00bfCrees que ser madre de familia numerosa te ha dado aptitudes que te benefician en tu faceta como empresaria?<\/strong><\/p>\n<p class=\"HOLA-TEMAS_5a--TEXTO-NORMAL answer-s1\" id=\"ekX_lhs7wfqA\" data-wc=\"40\">Siempre <strong>me he considerado muy inquieta<\/strong>, pero ser madre de tres me ha llevado directamente a no parar. Algo cambia en toda mujer al ser madre, y con cada hijo te entra una fuerza que te quieres comer el mundo.<\/p>\n<p>  <img src=\"https:\/\/www.europesays.com\/es\/wp-content\/uploads\/2025\/11\/ef432dc54959-69d6827db9e154401bf120b396b8bf8fholaandreapascualmariavegapenichet05050.jpg\"   width=\"2500\" height=\"3437\" loading=\"lazy\" decoding=\"async\" alt=\"ANDREA PASCUAL y mar\u00eda vega-penichet fierro cuando tu socia es tu mejor amiga\" fetchpriority=\"auto\" class=\"image ho-image\"\/>\u00a9 Chesco L\u00f3pez\u00bbEl v\u00e9rtigo es se\u00f1al de que lo que est\u00e1s haciendo te importa. Afronto esta nueva etapa con madurez y entusiasmo\u00bb, confiesa Andrea con pantal\u00f3n y camisa de Elie Saab, gabardina y botas de Tod\u2019s y joyas de Dinh Van<\/p>\n<p class=\"HOLA-TEMAS_5b--PREGUNTA-NEGRITA question-s1\" id=\"eOP1zKre5s\" data-wc=\"9\"><strong data-gid=\"e7gksyjgjR22\">\u00bfC\u00f3mo ha cambiado tu vida desde que decidiste emprender?<\/strong><\/p>\n<p class=\"HOLA-TEMAS_5a--TEXTO-NORMAL answer-s1\" id=\"emJKsW89SrQ\" data-wc=\"19\">\u00a1Es mucho m\u00e1s emocionante! <a class=\"hm-link ho-link\" href=\"https:\/\/www.hola.com\/fashion\/tendencias\/2018101065930\/vestido-invitada-estampado-animal-andrea-pascual\/\" data-mrf-recirculation=\"article-body-link\" rel=\"nofollow noopener\" target=\"_blank\">Cada paso en tu propio negocio se vive con una ilusi\u00f3n enorme, pero nunca desconectas.<\/a><\/p>\n<p class=\"HOLA-TEMAS_5a--TEXTO-NORMAL question-s1\" id=\"eM-BQRIcbntL\" data-wc=\"14\"><strong>\u00bfTe gustar\u00eda que tus hijos siguieran tus pasos en el mundo de la moda?<\/strong><\/p>\n<p class=\"HOLA-TEMAS_5a--TEXTO-NORMAL answer-s1\" id=\"eJamsN7R8L6N\" data-wc=\"49\">A\u00fan son peque\u00f1os,<strong>\u00a0pero las ni\u00f1as ya empiezan a sentir curiosidad.<\/strong> Est\u00e1n emocionadas con el proyecto. \u00a1Muchas tardes o fines de semana me acompa\u00f1an y no me importar\u00eda nada que siguieran mis pasos, pero queda mucho! Mi consejo es que se fijen en todo y vayan definiendo su estilo.<\/p>\n<p>Andrea, sensibilidad est\u00e9tica<\/p>\n<p class=\"HOLA-TEMAS_5a--TEXTO-NORMAL question-s1\" id=\"e9w7MUrrc-mo\" data-wc=\"13\"><strong>Empezaste estudiando Derecho, \u00bfc\u00f3mo se da un giro tan grande en la vida?<\/strong><\/p>\n<p class=\"HOLA-TEMAS_5a--TEXTO-NORMAL answer-s1\" id=\"ebvS3kSnowJo\" data-wc=\"52\">Siempre he tenido una <strong>parte creativa muy fuerte<\/strong>, pero <strong>pens\u00e9 que Derecho me dar\u00eda una base s\u00f3lida.<\/strong> Con el tiempo, sent\u00ed que necesitaba algo m\u00e1s inspirador, que me <strong>permitiera conectar con mis valores y mi sensibilidad est\u00e9tica.<\/strong> Empec\u00e9 un m\u00e1ster en gesti\u00f3n de empresas de moda y ah\u00ed fue cuando empez\u00f3 todo.<\/p>\n<p class=\"HOLA-TEMAS_5b--PREGUNTA-NEGRITA question-s1\" id=\"eMd4MMZifa5a\" data-wc=\"17\"><strong>En unos meses celebras diez a\u00f1os de matrimonio. \u00bfC\u00f3mo recuerdas ese d\u00eda? \u00bfHar\u00e9is algo especial para celebrarlo?<\/strong><\/p>\n<p class=\"HOLA-TEMAS_5a--TEXTO-NORMAL answer-s1\" id=\"ez-Zm68bxd2d\" data-wc=\"45\">Lo recuerdo como<strong>\u00a0un d\u00eda lleno de emociones y con mucho cari\u00f1o.<\/strong> Fue una boda muy \u00edntima y rodeada de familia, justo lo que quer\u00edamos. No s\u00e9 si repetir\u00eda una boda tradicional, pero este a\u00f1o es nuestro d\u00e9cimo aniversario y, sin duda, habr\u00e1 que celebrarlo.<\/p>\n<blockquote class=\"ho-bl-1081603 -no-figcaption\" cite=\"\">\n<p id=\"eVBFndNiUJO\">\u00abLa moda ha evolucionado hacia el consumo consciente y las piezas con valor emocional. Era el momento de reflejar nuestra visi\u00f3n sin filtros\u00bb<\/p>\n<\/blockquote>\n<p>  <img src=\"https:\/\/www.europesays.com\/es\/wp-content\/uploads\/2025\/11\/41f1c4d5e316-6eeecb38be33f644c215777d0ac09d75holaandreapascualmariavegapenichet07002.jpg\"   width=\"2500\" height=\"3437\" loading=\"lazy\" decoding=\"async\" alt=\"ANDREA PASCUAL y mar\u00eda vega-penichet fierro cuando tu socia es tu mejor amiga\" fetchpriority=\"auto\" class=\"image ho-image\"\/>\u00a9 Chesco L\u00f3pez\u00bbMi marido (Beltr\u00e1n G\u00f3mez-Acebo) siempre conf\u00eda en m\u00ed. Me impulsa y me acompa\u00f1a en mis nuevos retos\u00bb, nos cuenta Andrea, junto a estas l\u00edneas, con \u00abtotal look\u00bb de Loro Piana<\/p>\n<p class=\"HOLA-TEMAS_5b--PREGUNTA-NEGRITA question-s1\" id=\"eYgZkddggMnT\" data-wc=\"6\"><strong>\u00bfQu\u00e9 balance haces de esta d\u00e9cada?<\/strong><\/p>\n<p class=\"HOLA-TEMAS_5a--TEXTO-NORMAL answer-s1\" id=\"eXkIrwj8qRk3\" data-wc=\"31\">Ha sido una<strong>\u00a0d\u00e9cada intensa y muy bonita<\/strong>. He vivido una etapa de crecimiento personal y profesional que me ha ense\u00f1ado a priorizar, a adaptarme y a valorar verdaderamente lo importante.<\/p>\n<p class=\"HOLA-TEMAS_5b--PREGUNTA-NEGRITA question-s1\" id=\"euF_dbSiFH_X\" data-wc=\"14\"><strong>\u00bfDe qu\u00e9 manera te ha ayudado tu marido a crecer en el \u00e1mbito profesional?<\/strong><\/p>\n<p class=\"HOLA-TEMAS_5a--TEXTO-NORMAL answer-s1\" id=\"eEZo1KEl5Xro\" data-wc=\"26\">\u00c9l <strong>siempre conf\u00eda en m\u00ed y me anima a apostar por mis ideas,<\/strong> es un apoyo clave. Me impulsa y me acompa\u00f1a siempre en mis retos.<\/p>\n<p>\u00abMe encanta la moda que pasa de generaci\u00f3n en generaci\u00f3n\u00bb<\/p>\n<p class=\"HOLA-TEMAS_5b--PREGUNTA-NEGRITA question-s1\" id=\"eE_HfLS-KSEA\" data-wc=\"19\"><strong>Con un hijo y una empresa de \u00e9xito, te lanzas a por un nuevo \u00abbeb\u00e9\u00bb, Kalitea. \u00bfTe da v\u00e9rtigo?<\/strong><\/p>\n<p class=\"HOLA-TEMAS_5a--TEXTO-NORMAL answer-s1\" id=\"e8ZZS5ynxthi\" data-wc=\"40\">Un poco,<strong>\u00a0pero eso es se\u00f1al de que lo que est\u00e1s haciendo te importa.\u00a0<\/strong>Emprender es empezar de cero, salir de tu zona de confort, pero tambi\u00e9n es ilusi\u00f3n y energ\u00eda nueva. <strong>Afronto esta nueva etapa con madurez y entusiasmo.<\/strong><\/p>\n<p>  <img src=\"https:\/\/www.europesays.com\/es\/wp-content\/uploads\/2025\/11\/edb8e93b1073-160f0ec22a0c04786e8712163cf3ca3fholaandreapascualmariavegapenichet04234.jpg\"   width=\"2500\" height=\"3437\" loading=\"lazy\" decoding=\"async\" alt=\"ANDREA PASCUAL y mar\u00eda vega-penichet fierro cuando tu socia es tu mejor amiga\" fetchpriority=\"auto\" class=\"image ho-image\"\/>\u00a9 Chesco L\u00f3pez\u00bbCreo que algo cambia en toda mujer al ser madre, y con cada hijo te entra una fuerza que te quieres comer el mundo\u00bb, se\u00f1ala Mar\u00eda, que posa con vestido de Giambattista Valli y joyas de Roberto Coin. Andrea lleva \u00ablook\u00bb de Isabel Sanch\u00eds, joyas de Dinh Van y sandalias de Martinelli<\/p>\n<blockquote class=\"ho-bl-1081603 -no-figcaption\" cite=\"\">\n<p id=\"eqTog5a5h4x\">Andrea: \u00abTengo piezas familiares que significan mucho. Cuando naci\u00f3 mi hijo, mi suegra, la infanta do\u00f1a Pilar, me regal\u00f3 su anillo favorito, que siempre llevaba\u00bb<\/p>\n<\/blockquote>\n<p class=\"HOLA-TEMAS_5a--TEXTO-NORMAL question-s1\" id=\"eZSlQsxLbvCk\" data-wc=\"11\"><strong>\u00bfQu\u00e9 prenda o joya consideras la m\u00e1s especial de tu armario?\u00a0<\/strong><\/p>\n<p class=\"HOLA-TEMAS_5a--TEXTO-NORMAL answer-s1\" id=\"efEu38Y2NoMd\" data-wc=\"69\">Tengo<strong>\u00a0algunas piezas familiares que significan mucho para m\u00ed.\u00a0<\/strong>Me encanta esa moda que pasa de generaci\u00f3n en generaci\u00f3n y sigue teniendo sentido<strong>. Cuando naci\u00f3 mi hijo, Juan, mi suegra, la infanta do\u00f1a Pilar, me regal\u00f3 su anillo favorito, que siempre llevaba.\u00a0<\/strong>Desde entonces no me lo he quitado, por lo que simboliza, por el cari\u00f1o con el que me lo dio y por la historia que tiene detr\u00e1s.<\/p>\n<p class=\"HOLA-TEMAS_5a--TEXTO-NORMAL question-s1\" id=\"e4H0-T-rUe0x\" data-wc=\"8\"><strong>\u00a0\u00bfQu\u00e9 aprendiste de ella a nivel de moda?<\/strong><\/p>\n<p class=\"HOLA-TEMAS_5a--TEXTO-NORMAL answer-s1\" id=\"ehy39zCKyCy7\" data-wc=\"14\">Apostar por<strong>\u00a0la calidad, por piezas que duren y ser fiel a una misma.<\/strong><\/p>\n","protected":false},"excerpt":{"rendered":"Un\u00a0t\u00e1ndem infalible. As\u00ed definen Andrea Pascual y Mar\u00eda Vega-Penichet Fierro su relaci\u00f3n.\u00a0A ambas\u00a0les corre la creatividad y la&hellip;\n","protected":false},"author":2,"featured_media":262605,"comment_status":"","ping_status":"","sticky":false,"template":"","format":"standard","meta":{"footnotes":""},"categories":[174],"tags":[3900,255,3899,146,147,25,24,256,1023,23],"class_list":{"0":"post-262604","1":"post","2":"type-post","3":"status-publish","4":"format-standard","5":"has-post-thumbnail","7":"category-famosos","8":"tag-hola","9":"tag-celebrities","10":"tag-contenido-sensible","11":"tag-entertainment","12":"tag-entretenimiento","13":"tag-es","14":"tag-espana","15":"tag-famosos","16":"tag-moda","17":"tag-spain"},"share_on_mastodon":{"url":"https:\/\/pubeurope.com\/@es\/115634952775012820","error":""},"_links":{"self":[{"href":"https:\/\/www.europesays.com\/es\/wp-json\/wp\/v2\/posts\/262604","targetHints":{"allow":["GET"]}}],"collection":[{"href":"https:\/\/www.europesays.com\/es\/wp-json\/wp\/v2\/posts"}],"about":[{"href":"https:\/\/www.europesays.com\/es\/wp-json\/wp\/v2\/types\/post"}],"author":[{"embeddable":true,"href":"https:\/\/www.europesays.com\/es\/wp-json\/wp\/v2\/users\/2"}],"replies":[{"embeddable":true,"href":"https:\/\/www.europesays.com\/es\/wp-json\/wp\/v2\/comments?post=262604"}],"version-history":[{"count":0,"href":"https:\/\/www.europesays.com\/es\/wp-json\/wp\/v2\/posts\/262604\/revisions"}],"wp:featuredmedia":[{"embeddable":true,"href":"https:\/\/www.europesays.com\/es\/wp-json\/wp\/v2\/media\/262605"}],"wp:attachment":[{"href":"https:\/\/www.europesays.com\/es\/wp-json\/wp\/v2\/media?parent=262604"}],"wp:term":[{"taxonomy":"category","embeddable":true,"href":"https:\/\/www.europesays.com\/es\/wp-json\/wp\/v2\/categories?post=262604"},{"taxonomy":"post_tag","embeddable":true,"href":"https:\/\/www.europesays.com\/es\/wp-json\/wp\/v2\/tags?post=262604"}],"curies":[{"name":"wp","href":"https:\/\/api.w.org\/{rel}","templated":true}]}}