{"id":262618,"date":"2025-11-29T20:58:11","date_gmt":"2025-11-29T20:58:11","guid":{"rendered":"https:\/\/www.europesays.com\/es\/262618\/"},"modified":"2025-11-29T20:58:11","modified_gmt":"2025-11-29T20:58:11","slug":"venezuela-repudia-el-cierre-del-espacio-aereo-decretado-por-trump","status":"publish","type":"post","link":"https:\/\/www.europesays.com\/es\/262618\/","title":{"rendered":"Venezuela repudia el cierre del espacio a\u00e9reo decretado por Trump"},"content":{"rendered":"<p class=\"\">La reacci\u00f3n desde Caracas <a href=\"https:\/\/elpais.com\/internacional\/2025-11-29\/trump-anuncia-el-cierre-total-del-espacio-aereo-de-venezuela.html\" target=\"_self\" rel=\"nofollow noopener\" title=\"https:\/\/elpais.com\/internacional\/2025-11-29\/trump-anuncia-el-cierre-total-del-espacio-aereo-de-venezuela.html\">al anuncio de Donald Trump del cierre total del espacio a\u00e9reo<\/a> de Venezuela no se hizo esperar. Unas cuatro horas despu\u00e9s de la advertencia del presidente de los Estados Unidos, el gobierno venezolano respondi\u00f3 con un comunicado en el que calific\u00f3 el anuncio de \u201cacto hostil, unilateral y arbitrario\u201d. Venezuela lo considera \u201cuna amenaza expl\u00edcita de uso de la fuerza\u201d.<\/p>\n<p class=\"\">El texto es contundente: \u201cEste tipo de declaraciones se inscriben en una pol\u00edtica permanente de agresi\u00f3n contra nuestro pa\u00eds, con pretensiones colonialistas sobre nuestra regi\u00f3n de Am\u00e9rica Latina y el Caribe, negando el Derecho Internacional\u201d.<\/p>\n<p class=\"\">El comunicado es la reacci\u00f3n al en\u00e9simo cap\u00edtulo en la ofensiva de Estados Unidos contra Venezuela que viene in crescendo en las \u00faltimas semanas. En un intento m\u00e1s de elevar la presi\u00f3n, Trump anunci\u00f3 este s\u00e1bado en su red social Truth que el espacio a\u00e9reo \u201csobre y alrededor\u201d del pa\u00eds deb\u00eda considerarse \u201ccerrado en su totalidad\u201d. En su mensaje dec\u00eda: \u201cA todas las aerol\u00edneas, pilotos, narcotraficantes y traficantes de personas: les rogamos que consideren que el espacio a\u00e9reo sobre Venezuela y sus alrededores permanecer\u00e1 cerrado en su totalidad\u201d. <\/p>\n<p><img decoding=\"auto\" class=\"_re lazyload a_m-h\" height=\"182\"  width=\"414\"  src=\"https:\/\/www.europesays.com\/es\/wp-content\/uploads\/2025\/11\/6FUPIJ7VBZPK5MC3ZHVVGGCSI4.jpg\" loading=\"lazy\"\/>Comunicado emitido desde Caracas, este s\u00e1bado. Canciller\u00eda de Venezuela (EFE)<\/p>\n<p class=\"\">Trump no ha ofrecido m\u00e1s detalles sobre el alcance de esa medida ni c\u00f3mo la va a ejecutar. Pero en la pr\u00e1ctica es un ejercicio m\u00e1s de aislamiento al pa\u00eds latinoamericano.<\/p>\n<p class=\"\">En su comunicado, Venezuela asegura repudiar con \u201cabsoluta contundencia\u201d el intento de Estados Unidos de aplicar \u201cextraterritorialmente la ileg\u00edtima jurisdicci\u00f3n de EE UU en Venezuela\u201d, al pretender \u201cdar \u00f3rdenes y amenazar\u201d la soberan\u00eda de su espacio a\u00e9reo, la integridad territorial y la seguridad aeron\u00e1utica.<\/p>\n<p class=\"\">El anuncio de Trump llega en un contexto de creciente tensi\u00f3n: desde hace al menos una semana varias compa\u00f1\u00edas a\u00e9reas ya hab\u00edan suspendido sus operaciones con Venezuela, tras una alerta de la Fuerza A\u00e9rea estadounidense por un aumento de la actividad militar y riesgos de seguridad en la zona. Tras la advertencia, el tr\u00e1fico a\u00e9reo qued\u00f3 pr\u00e1cticamente paralizado, a lo que el gobierno venezolano respondi\u00f3 <a href=\"https:\/\/elpais.com\/america\/2025-11-27\/venezuela-revoca-la-concesion-a-iberia-tap-avianca-latam-turkish-y-gol-por-suspender-sus-vuelos-en-plena-escalada-militar.html\" target=\"_self\" rel=\"nofollow noopener\" title=\"https:\/\/elpais.com\/america\/2025-11-27\/venezuela-revoca-la-concesion-a-iberia-tap-avianca-latam-turkish-y-gol-por-suspender-sus-vuelos-en-plena-escalada-militar.html\">revocando las licencias de varias aerol\u00edneas internacionales<\/a> \u2014entre ellas Iberia, Avianca, Latam, Turkish Airlines y Gol\u2014 que hab\u00edan dejado de operar hacia y desde Venezuela.<\/p>\n<p class=\"\">La inc\u00f3gnita es si el anuncio de cierre del espacio a\u00e9reo de Venezuela \u2014algo que Trump se arroga\u2014 es efectivamente el preludio de un ataque militar.<\/p>\n<p class=\"\">El Gobierno de Nicol\u00e1s Maduro considera que \u201cninguna autoridad ajena a la institucionalidad venezolana tiene facultad para interferir, bloquear o condicionar el uso del espacio a\u00e9reo nacional\u201d, subrayando que no aceptar\u00e1 \u201c\u00f3rdenes, amenazas ni injerencias provenientes de ning\u00fan poder extranjero\u201d. Y acusa directamente a Washington de haber \u201csuspendido, de manera unilateral, los vuelos migrantes venezolanos\u201d del Plan Vuelta a la Patria, programa con el que \u2014seg\u00fan el propio texto\u2014 \u201cse han realizado 75 vuelos para la repatriaci\u00f3n de 13.956 migrantes venezolanas y venezolanos\u201d.<\/p>\n<p class=\"\">El programa de repatriaci\u00f3n de inmigrantes venezolanos provenientes de los Estados Unidos era el \u00faltimo v\u00ednculo pol\u00edtico que manten\u00edan los gobiernos de ambos pa\u00edses en el contexto de esta crisis, que se fue agravando tras las pol\u00e9micas elecciones presidenciales celebradas en Venezuela en julio de 2024 en las que Maduro proclam\u00f3 su reelecci\u00f3n <a href=\"https:\/\/elpais.com\/america\/2024-08-02\/quien-gano-en-venezuela-los-datos-de-la-oposicion-son-mas-verificables-que-los-oficiales.html\" target=\"_self\" rel=\"nofollow noopener\" title=\"https:\/\/elpais.com\/america\/2024-08-02\/quien-gano-en-venezuela-los-datos-de-la-oposicion-son-mas-verificables-que-los-oficiales.html\">cercado de acusaciones de fraude.<\/a><\/p>\n<p class=\"\">El comunicado contin\u00faa con \u201cun llamado directo a la comunidad internacional, a los gobiernos soberanos del mundo, a la ONU y a los organismos multilaterales correspondientes\u201d para que rechacen lo que califica como \u201ceste acto de agresi\u00f3n inmoral\u201d. Asegura adem\u00e1s que Venezuela \u201csabr\u00e1 responder con dignidad, con legalidad y con toda la fuerza que otorgan el derecho internacional y el esp\u00edritu antiimperialista\u201d del pueblo venezolano.<\/p>\n<p class=\"\">Este s\u00e1bado, un pu\u00f1ado de aviones segu\u00edan operando en el espacio a\u00e9reo venezolano, seg\u00fan el rastreador de vuelos Flightradar. Se trata en su mayor\u00eda de aviones de peque\u00f1a dimensi\u00f3n, avionetas y jets privados, pero tambi\u00e9n alg\u00fan vuelo interior con aviones de pasajeros, seg\u00fan la informaci\u00f3n de la plataforma a\u00e9rea.<\/p>\n<p class=\"\">En las calles de Caracas y el resto del pa\u00eds reina en estas horas, mientras tanto, una extra\u00f1a tranquilidad. El tema de una eventual intervenci\u00f3n estadounidense en suelo venezolano es materia de conversaci\u00f3n en voz baja en reuniones sociales y encuentros en las calles, pero, en ocasiones, es abordado con sorna y escepticismo por muchas personas.<\/p>\n","protected":false},"excerpt":{"rendered":"La reacci\u00f3n desde Caracas al anuncio de Donald Trump del cierre total del espacio a\u00e9reo de Venezuela no&hellip;\n","protected":false},"author":2,"featured_media":262619,"comment_status":"","ping_status":"","sticky":false,"template":"","format":"standard","meta":{"footnotes":""},"categories":[42],"tags":[889,17,18,352,629,13,14,11,61,62,63,64,19,20,1804,9,1194,10,15,16,12,21,22,1192,65,66,67],"class_list":{"0":"post-262618","1":"post","2":"type-post","3":"status-publish","4":"format-standard","5":"has-post-thumbnail","7":"category-internacional","8":"tag-america","9":"tag-breaking-news","10":"tag-breakingnews","11":"tag-donald-trump","12":"tag-estados-unidos","13":"tag-featured-news","14":"tag-featurednews","15":"tag-headlines","16":"tag-internacional","17":"tag-international","18":"tag-international-news","19":"tag-internationalnews","20":"tag-latest-news","21":"tag-latestnews","22":"tag-latinoamerica","23":"tag-news","24":"tag-nicolas-maduro","25":"tag-noticias","26":"tag-noticias-destacadas","27":"tag-noticiasdestacadas","28":"tag-titulares","29":"tag-ultimas-noticias","30":"tag-ultimasnoticias","31":"tag-venezuela","32":"tag-world","33":"tag-world-news","34":"tag-worldnews"},"share_on_mastodon":{"url":"https:\/\/pubeurope.com\/@es\/115634996258486724","error":""},"_links":{"self":[{"href":"https:\/\/www.europesays.com\/es\/wp-json\/wp\/v2\/posts\/262618","targetHints":{"allow":["GET"]}}],"collection":[{"href":"https:\/\/www.europesays.com\/es\/wp-json\/wp\/v2\/posts"}],"about":[{"href":"https:\/\/www.europesays.com\/es\/wp-json\/wp\/v2\/types\/post"}],"author":[{"embeddable":true,"href":"https:\/\/www.europesays.com\/es\/wp-json\/wp\/v2\/users\/2"}],"replies":[{"embeddable":true,"href":"https:\/\/www.europesays.com\/es\/wp-json\/wp\/v2\/comments?post=262618"}],"version-history":[{"count":0,"href":"https:\/\/www.europesays.com\/es\/wp-json\/wp\/v2\/posts\/262618\/revisions"}],"wp:featuredmedia":[{"embeddable":true,"href":"https:\/\/www.europesays.com\/es\/wp-json\/wp\/v2\/media\/262619"}],"wp:attachment":[{"href":"https:\/\/www.europesays.com\/es\/wp-json\/wp\/v2\/media?parent=262618"}],"wp:term":[{"taxonomy":"category","embeddable":true,"href":"https:\/\/www.europesays.com\/es\/wp-json\/wp\/v2\/categories?post=262618"},{"taxonomy":"post_tag","embeddable":true,"href":"https:\/\/www.europesays.com\/es\/wp-json\/wp\/v2\/tags?post=262618"}],"curies":[{"name":"wp","href":"https:\/\/api.w.org\/{rel}","templated":true}]}}