{"id":262620,"date":"2025-11-29T20:59:12","date_gmt":"2025-11-29T20:59:12","guid":{"rendered":"https:\/\/www.europesays.com\/es\/262620\/"},"modified":"2025-11-29T20:59:12","modified_gmt":"2025-11-29T20:59:12","slug":"muere-el-expresident-de-la-generalitat-jose-luis-olivas-sociedad","status":"publish","type":"post","link":"https:\/\/www.europesays.com\/es\/262620\/","title":{"rendered":"Muere el expresident de la Generalitat Jos\u00e9 Luis Olivas | Sociedad"},"content":{"rendered":"<p class=\"loc\">Val\u00e8ncia<\/p>\n<p>El expresident de la Generalitat, Jos\u00e9 Luis Olivas, ha fallecido este s\u00e1bado a los 73 a\u00f1os de edad. Fue el tercer jefe del Consell en democracia y ocup\u00f3 el cargo durante ocho meses, entre el 24 de julio de 2002, cuando Eduardo Zaplana dimiti\u00f3 para ser ministro del Gobierno de Espa\u00f1a, y el 20 de junio de 2003 cuando, tras las elecciones auton\u00f3micas, se invisti\u00f3 a Francisco Camps.<\/p>\n<p>\u00abAcompa\u00f1amos en el dolor a su familia, amigos y allegados\u00bb, ha explresado la Generalitat este s\u00e1bado en un mensaje en el que lamenta la p\u00e9rdida de Olivas y anuncia que ha declarado este domingo, 30 de noviembre, como d\u00eda de luto oficial en la Comunitat Valenciana. <\/p>\n<p>Olivas, nacido en Motilla del Palancar (Cuenca) en 1952, ocup\u00f3 otros cargos en el ejecutivo valenciano, como vicepresidente primero entre 1999 y 2002 y conseller de Econom\u00eda y Hacienda desde 1995 hasta 1999, adem\u00e1s de ser diputado en Les Corts Valencianes entre 1995 y 2003.<\/p>\n<p>Tras las elecciones del 25 de mayo de 2003, Olivas abandon\u00f3 la pol\u00edtica activa. Su carrera estuvo tambi\u00e9n muy vinculada al \u00e1mbito econ\u00f3mico, ya que ocup\u00f3 altos cargos en instituciones econ\u00f3micas valencianas como el Instituto Valenciano de Finanzas y el Instituto Valenciano de Investigaciones Econ\u00f3micas.<\/p>\n<p>M\u00e1s tarde pas\u00f3 al sector financiero, llegando a ser presidente de Bancaja en enero de 2004 y del Banco de Valencia, as\u00ed como vicepresidente de Bankia.<\/p>\n<p><b>Primer president condenado<\/b><\/p>\n<p>Olivas fue tambi\u00e9n el primer expresident de la Generalitat Valenciana que result\u00f3 condenado por un caso de corrupci\u00f3n. En 2017 el Juzgado de lo Penal 6 de Valencia le impuso una condena de un a\u00f1o y medio de prisi\u00f3n por haber cobrado una comisi\u00f3n de 580.000 euros del empresario Vicente Cotino (sobrino de Juan Cotino) en una operaci\u00f3n de venta de una firma dedicada a parques e\u00f3licos.<\/p>\n<p>En abril de ese mismo a\u00f1o, tras conocerse la sentencia, Olivas remiti\u00f3 una carta al entonces president, Ximo Puig, en la que renunci\u00f3 a \u00abtodos los honores y derechos\u00bb que le \u00abpudieran corresponder en virtud de lo dispuesto en la Ley 6\/2002 que regula el Estatuto de Expresidentes\u00bb.<\/p>\n<p>En octubre de 2024 tambi\u00e9n fue juzgado y absuelto en el caso Erial, en el que comparti\u00f3 banquillo con otro expresident del PP, Eduardo Zaplana.<\/p>\n<p>Si bien el segundo <a href=\"https:\/\/cadenaser.com\/comunitat-valenciana\/2024\/10\/15\/eduardo-zaplana-condenado-a-10-anos-y-5-meses-de-prision-y-multas-que-superan-los-25-millones-de-euros-por-el-caso-erial-radio-valencia\/\" target=\"_blank\" rel=\"noreferrer nofollow noopener\" title=\"https:\/\/cadenaser.com\/comunitat-valenciana\/2024\/10\/15\/eduardo-zaplana-condenado-a-10-anos-y-5-meses-de-prision-y-multas-que-superan-los-25-millones-de-euros-por-el-caso-erial-radio-valencia\/\">fue condenado a penas de m\u00e1s de 10 a\u00f1os por cohecho<\/a>, blanqueo, falsedad y prevaricaci\u00f3n, Olivas y otros siete acusados en este mismo proceso resultaron absueltos al retirar la acusaci\u00f3n la Fiscal\u00eda por no hallar pruebas de su actividad delictiva.<\/p>\n<p>En enero de este a\u00f1o tambi\u00e9n fue absuelto en el juicio que se celebr\u00f3 en la Audiencia Nacional por una supuesta falsedad contable en el banco de Valencia en los ejercicios de 2009 y 2010.<\/p>\n<p>El Banco de Valencia fue intervenido por el Banco de Espa\u00f1a a finales de noviembre de 2011 (un mes despu\u00e9s de dimitir Olivas del cargo), al detectarse un agujero de capital de unos 600 millones que fue subsanado con una aportaci\u00f3n de 1.000 millones del FROB, antes de ser adjudicada en una subasta a CaixaBank.<\/p>\n<p>Sigue toda la \u00faltima hora en el canal de Whatsapp de Radio Valencia: <a href=\"https:\/\/eur01.safelinks.protection.outlook.com\/?url=https%3A%2F%2Fwhatsapp.com%2Fchannel%2F0029VaHjyqSFHWq2Q3iHB33R&amp;data=05%7C02%7CASanchezSa%40prisaradio.com%7Cbcbba1a7cd834febfc0008dc718f345b%7Cc4fd49f3e15a44d882e2c909735d2e45%7C0%7C0%7C638510107081166370%7CUnknown%7CTWFpbGZsb3d8eyJWIjoiMC4wLjAwMDAiLCJQIjoiV2luMzIiLCJBTiI6Ik1haWwiLCJXVCI6Mn0%3D%7C0%7C%7C%7C&amp;sdata=WFs4%2BokiRyjbxmDJgRU9c1ksYZP%2F7O9hOQ0C1W8Esm0%3D&amp;reserved=0\" target=\"_blank\" rel=\"nofollow noopener\" title=\"Direcci\u00f3n URL original: https:\/\/whatsapp.com\/channel\/0029VaHjyqSFHWq2Q3iHB33R. Haga clic o pulse si conf\u00eda en este v\u00ednculo.\">haz clic aqu\u00ed y suscr\u00edbete<\/a> para recibir toda la informaci\u00f3n y la actualidad del d\u00eda en tu m\u00f3vil.<\/p>\n","protected":false},"excerpt":{"rendered":"Val\u00e8ncia El expresident de la Generalitat, Jos\u00e9 Luis Olivas, ha fallecido este s\u00e1bado a los 73 a\u00f1os de&hellip;\n","protected":false},"author":2,"featured_media":262621,"comment_status":"","ping_status":"","sticky":false,"template":"","format":"standard","meta":{"footnotes":""},"categories":[8],"tags":[17,18,25,24,13,14,11,19,20,9,10,15,16,23,12,21,22],"class_list":{"0":"post-262620","1":"post","2":"type-post","3":"status-publish","4":"format-standard","5":"has-post-thumbnail","7":"category-espana","8":"tag-breaking-news","9":"tag-breakingnews","10":"tag-es","11":"tag-espana","12":"tag-featured-news","13":"tag-featurednews","14":"tag-headlines","15":"tag-latest-news","16":"tag-latestnews","17":"tag-news","18":"tag-noticias","19":"tag-noticias-destacadas","20":"tag-noticiasdestacadas","21":"tag-spain","22":"tag-titulares","23":"tag-ultimas-noticias","24":"tag-ultimasnoticias"},"share_on_mastodon":{"url":"https:\/\/pubeurope.com\/@es\/115635000102286226","error":""},"_links":{"self":[{"href":"https:\/\/www.europesays.com\/es\/wp-json\/wp\/v2\/posts\/262620","targetHints":{"allow":["GET"]}}],"collection":[{"href":"https:\/\/www.europesays.com\/es\/wp-json\/wp\/v2\/posts"}],"about":[{"href":"https:\/\/www.europesays.com\/es\/wp-json\/wp\/v2\/types\/post"}],"author":[{"embeddable":true,"href":"https:\/\/www.europesays.com\/es\/wp-json\/wp\/v2\/users\/2"}],"replies":[{"embeddable":true,"href":"https:\/\/www.europesays.com\/es\/wp-json\/wp\/v2\/comments?post=262620"}],"version-history":[{"count":0,"href":"https:\/\/www.europesays.com\/es\/wp-json\/wp\/v2\/posts\/262620\/revisions"}],"wp:featuredmedia":[{"embeddable":true,"href":"https:\/\/www.europesays.com\/es\/wp-json\/wp\/v2\/media\/262621"}],"wp:attachment":[{"href":"https:\/\/www.europesays.com\/es\/wp-json\/wp\/v2\/media?parent=262620"}],"wp:term":[{"taxonomy":"category","embeddable":true,"href":"https:\/\/www.europesays.com\/es\/wp-json\/wp\/v2\/categories?post=262620"},{"taxonomy":"post_tag","embeddable":true,"href":"https:\/\/www.europesays.com\/es\/wp-json\/wp\/v2\/tags?post=262620"}],"curies":[{"name":"wp","href":"https:\/\/api.w.org\/{rel}","templated":true}]}}