{"id":262622,"date":"2025-11-29T21:00:29","date_gmt":"2025-11-29T21:00:29","guid":{"rendered":"https:\/\/www.europesays.com\/es\/262622\/"},"modified":"2025-11-29T21:00:29","modified_gmt":"2025-11-29T21:00:29","slug":"jesus-martin-el-pulso-de-la-vida-lo-mantiene-la-hermandad-de-donantes-de-sangre-ayuntamiento-de-valdepenas","status":"publish","type":"post","link":"https:\/\/www.europesays.com\/es\/262622\/","title":{"rendered":"Jes\u00fas Mart\u00edn: \u201cEl pulso de la vida lo mantiene la Hermandad de Donantes de Sangre\u201d &#8211; Ayuntamiento de Valdepe\u00f1as"},"content":{"rendered":"<ol>\n<li><a href=\"https:\/\/news.google.com\/rss\/articles\/CBMitgFBVV95cUxPQXI3eThUQkkwZnJjc25lOHFMTFctbnpmdEM0UExsUHdudWdueTQ1LTFHYWxkRzVRV0RGa1VkZTNrcFdsbHlKQUVEY1BuaVRuT0hyT3QwUnV5S1MyMlBRWFNBNHI5QnU5bVVDbnhBV0lIY1dFd0VIcEtiVldmVFVETG9zN3M5V2pUbVNZQ19PNWUtYmthVFpDQXdTRmE2TlRnNHVvRFh0ZWlQbkRiTGxDUkVyVzFsUQ?oc=5\" target=\"_blank\" rel=\"nofollow noopener\">Jes\u00fas Mart\u00edn: \u201cEl pulso de la vida lo mantiene la Hermandad de Donantes de Sangre\u201d<\/a>&nbsp;&nbsp;Ayuntamiento de Valdepe\u00f1as<\/li>\n<li><a href=\"https:\/\/news.google.com\/rss\/articles\/CBMi6gFBVV95cUxQQV9pS0FTeHlWc0N2TTJyODlsTjhOLWs1d01rSHhNM0UxQjZ3VHJPX2RZV01XYWJsRG9pNGlPWmdGNFZHcHZJb3hlcXQ1eGFSU1ItVHRrYi1QVF9rcEIyMkpMblJ4QVdqV1F6Wkg1eUkzTTllU3F2VXFKN2hheUVvb3JtbXVqMGU1OGRPaFdBaFlGNFRsanItNEpfYXNBX1BzeDJzSXcwS2wxaXRmVTZwRzBPeWJ0Zng0MXluOEZiMVo5R0NrUXJhZXVjQ0RWY3ZsbTItNklGRXEtTll3U19kcGdfOUlLTmFXT3fSAe8BQVVfeXFMUHVFYkNXdHpzdnlRSmt3VzN2SUZGaC1ZdFB3Mk0yRDVwUFljdjZ2NHBobnFveW5xWGc4T3VVbmJNUzU0SWR1cE1YMEdBeUVkZjBnVjJtWnlRWEtKd3VwLW1Dc2ZQcnV3QVNUNmFMcDBSQnpFYXQzTTZZTUdFaW1xSkJpZ2pfMERsd3U3MUQ2cGlZTy1HM2JaaWpsZ0JDb01SZGtLUWY3N2E3ODh0SUFQX3BVR05YMzNCcUhMWl9SQThjVkdTd1VqRGNBbGttTkNMT1hwOGZteWtLTHM3R2E4NmxYeDd2WnJYX0x6czBGSWM?oc=5\" target=\"_blank\" rel=\"nofollow noopener\">Los valdepe\u00f1eros muestran su solidaridad este mi\u00e9rcoles en una Macro Donaci\u00f3n de Sangre en \u201cLa Confianza\u201d<\/a>&nbsp;&nbsp;Lanza Digital<\/li>\n<li><a href=\"https:\/\/news.google.com\/rss\/articles\/CBMiiwJBVV95cUxQZjF6blZ3TUpaVnBmQ0RzQnVLUjJiRjdmbm5SRlJUaHc3d2lwc0lMdzAxTmgyRFBrT1dCdVgwV1Fna2xqbW1PNXJibHlaNkhlcklBaHF0TjBtQ3RzWF8wNTV2VDNwY1JkZERnZHM1UVlfYTRCeENFYndwLUdUQVpIcmJmcmFfZEtuZmlKRkNxYU5MWmJlekswNmhEX3lBRy1NWmpUZ1pSekdCcVpaSzY4MzE1czQyR1JnVC14ZGRpMS1ackQ3RHU0TGhfVWRyWkdwLXljek5VU1o0SG13bm5fRkI2bzR1cWVEaVAwQWJYcGJxSzhVQmpmMW53RkNSRUswRW1RZ3ZUQ1h6c0XSAZACQVVfeXFMTlVmRkJ6amJzSjRlOFNkMldfVXowbG80RDdocGJ1eHJpWjlCOVFvY2lsYnc1Vnp5b0d4Q2RLa1N2aVE3MW9QeThteUFGUTRzVkV4NFJEYUxJbXQ3TzRuNGhqeC1zRGgxUXhXLVI3QjhTYXhPSU1wVEJ5OUpPS2tsdGVJVGp6QWxaUFdmeTB4M1ptMk9wbTdvSllPVkhSWUdyaUxKdXNIWGRyWDdjUFYtQmdORjlieTdwRXE2UExfcnNuSmd0LXU2dDVreVJQMEhDemJlbXpHRFhTRlhSdE5pWnB0dEFEb2Q3TWh1NXhEVUJBZ0o4NzBrWDhrcThTZk5IZlgydmJWcEpJLTVaalV3Q0Q?oc=5\" target=\"_blank\" rel=\"nofollow noopener\">La Hermandad de Donantes de Sangre de Valdepe\u00f1as espera alcanzar las 300 donaciones en la macro donaci\u00f3n de sangre de este mi\u00e9rcoles<\/a>&nbsp;&nbsp;Valdepe\u00f1asDigital<\/li>\n<li><a href=\"https:\/\/news.google.com\/rss\/articles\/CBMihAFBVV95cUxOUzNPVnFtbm1ZN2NySXZiY0J2ejhDMkt4aTRiVW1qY1JLVW4wNF93dmtoVWpVVzBxV1RzdlpyWjZ6TF9sVzRzMnVUV3JGN0NmWDJENW1DOENEQi1LMmRpYk15Z1dnaWZFV0VDUXlUN3pJNHRJMjNHdlQxWG5IVWx6eUswWWw?oc=5\" target=\"_blank\" rel=\"nofollow noopener\">Macro Donaci\u00f3n en Valdepe\u00f1as el pr\u00f3ximo 26 de noviembre<\/a>&nbsp;&nbsp;Radio Surco<\/li>\n<\/ol>\n","protected":false},"excerpt":{"rendered":"Jes\u00fas Mart\u00edn: \u201cEl pulso de la vida lo mantiene la Hermandad de Donantes de Sangre\u201d&nbsp;&nbsp;Ayuntamiento de Valdepe\u00f1as Los&hellip;\n","protected":false},"author":2,"featured_media":262623,"comment_status":"","ping_status":"","sticky":false,"template":"","format":"standard","meta":{"footnotes":""},"categories":[5],"tags":[17,18,2379,25,24,13,14,11,19,20,9,10,15,16,19497,23,12,21,22],"class_list":{"0":"post-262622","1":"post","2":"type-post","3":"status-publish","4":"format-standard","5":"has-post-thumbnail","7":"category-titulares","8":"tag-breaking-news","9":"tag-breakingnews","10":"tag-discapacidad","11":"tag-es","12":"tag-espana","13":"tag-featured-news","14":"tag-featurednews","15":"tag-headlines","16":"tag-latest-news","17":"tag-latestnews","18":"tag-news","19":"tag-noticias","20":"tag-noticias-destacadas","21":"tag-noticiasdestacadas","22":"tag-servicios-sociales","23":"tag-spain","24":"tag-titulares","25":"tag-ultimas-noticias","26":"tag-ultimasnoticias"},"share_on_mastodon":{"url":"https:\/\/pubeurope.com\/@es\/115635003265355417","error":""},"_links":{"self":[{"href":"https:\/\/www.europesays.com\/es\/wp-json\/wp\/v2\/posts\/262622","targetHints":{"allow":["GET"]}}],"collection":[{"href":"https:\/\/www.europesays.com\/es\/wp-json\/wp\/v2\/posts"}],"about":[{"href":"https:\/\/www.europesays.com\/es\/wp-json\/wp\/v2\/types\/post"}],"author":[{"embeddable":true,"href":"https:\/\/www.europesays.com\/es\/wp-json\/wp\/v2\/users\/2"}],"replies":[{"embeddable":true,"href":"https:\/\/www.europesays.com\/es\/wp-json\/wp\/v2\/comments?post=262622"}],"version-history":[{"count":0,"href":"https:\/\/www.europesays.com\/es\/wp-json\/wp\/v2\/posts\/262622\/revisions"}],"wp:featuredmedia":[{"embeddable":true,"href":"https:\/\/www.europesays.com\/es\/wp-json\/wp\/v2\/media\/262623"}],"wp:attachment":[{"href":"https:\/\/www.europesays.com\/es\/wp-json\/wp\/v2\/media?parent=262622"}],"wp:term":[{"taxonomy":"category","embeddable":true,"href":"https:\/\/www.europesays.com\/es\/wp-json\/wp\/v2\/categories?post=262622"},{"taxonomy":"post_tag","embeddable":true,"href":"https:\/\/www.europesays.com\/es\/wp-json\/wp\/v2\/tags?post=262622"}],"curies":[{"name":"wp","href":"https:\/\/api.w.org\/{rel}","templated":true}]}}