{"id":262628,"date":"2025-11-29T21:11:13","date_gmt":"2025-11-29T21:11:13","guid":{"rendered":"https:\/\/www.europesays.com\/es\/262628\/"},"modified":"2025-11-29T21:11:13","modified_gmt":"2025-11-29T21:11:13","slug":"alex-garcia-recuerda-a-veronica-echegui-en-uno-de-los-lugares-preferidos-de-la-actriz","status":"publish","type":"post","link":"https:\/\/www.europesays.com\/es\/262628\/","title":{"rendered":"\u00c1lex Garc\u00eda recuerda a Ver\u00f3nica Echegui en uno de los lugares preferidos de la actriz"},"content":{"rendered":"<p><a class=\"v-mdl-ath__fig-a\" href=\"https:\/\/www.elcorreo.com\/autor\/johana-gil-6178.html\" title=\"Johana Gil\" rel=\"nofollow noopener\" target=\"_blank\"><br \/>\n<img decoding=\"async\" class=\"v-mdl-ath__img\" src=\"https:\/\/www.europesays.com\/es\/wp-content\/uploads\/2025\/09\/1759109170_343_autor-6178-foto-2.jpeg\" alt=\"Johana Gil\"\/><br \/>\n<\/a><\/p>\n<p class=\"v-mdl-ath__p v-mdl-ath__p--6\">\nS\u00e1bado, 29 de noviembre 2025, 17:58<\/p>\n<p>| Actualizado 18:05h.<\/p>\n<p class=\"v-p\">Un d\u00eda completo en la isla de Tali, un refugio animal ubicado en Galicia, para recordar a Ver\u00f3nica Echegui. El que fue su pareja sentimental, el tambi\u00e9n actor \u00c1lex Garc\u00eda, ha vuelto esta semana a al lugar que hac\u00eda feliz a la int\u00e9rprete tres meses despu\u00e9s de su adi\u00f3s. Garc\u00eda ha estado en este espacio que \u00absimboliza todo lo que \u00e9l y Ver\u00f3nica compartieron\u00bb.<\/p>\n<p class=\"v-p\">En un emotivo v\u00eddeo grabado en el refugio, el actor confiesa que \u00e9l ha tenido la oportunidad de conexi\u00f3n profunda, tanto consigo mismo como con los animales que all\u00ed habitan. \u00abLo que queda es amor\u00bb, expresa, refiri\u00e9ndose a la presencia de Ver\u00f3nica en ese entorno del municipio de Nigr\u00e1n, la pasada Semana Santa. <\/p>\n<p class=\"v-p\">El 25 de agosto, el pa\u00eds se despidi\u00f3 de una de sus actrices m\u00e1s queridas, quien falleci\u00f3 a los 42 a\u00f1os tras una dura batalla contra el c\u00e1ncer. Su partida dej\u00f3 un vac\u00edo profundo en el coraz\u00f3n de quienes la conocieron. Entre ellos, su pareja durante trece a\u00f1os, quien ha hablado abiertamente de la dureza de la situaci\u00f3n.<\/p>\n<p class=\"v-p\">En el v\u00eddeo, se le pudo ver paseando entre perros que buscaban compa\u00f1\u00eda, disfrutando de las cabras y la cercan\u00eda de los gatos. La presencia de la naturaleza le permiti\u00f3 al actor reflexionar sobre su proceso de duelo, compartiendo en sus redes sociales c\u00f3mo ese tiempo en la isla le estaba sirviendo para \u00abvolver a lo esencial\u00bb.<\/p>\n<p class=\"v-p\">Un emotivo mensaje dedicado a la madrile\u00f1a fue dejado en el perfil de Instagram de La Isla de Tali: \u00abVer\u00f3nica Echegui, lo hiciste posible, siempre ser\u00e1 vuestra casa. Dos almas gemelas que unir\u00e1 siempre la isla\u00bb. <\/p>\n<p>Reporta un error<\/p>\n","protected":false},"excerpt":{"rendered":"S\u00e1bado, 29 de noviembre 2025, 17:58 | Actualizado 18:05h. Un d\u00eda completo en la isla de Tali, un&hellip;\n","protected":false},"author":2,"featured_media":262629,"comment_status":"","ping_status":"","sticky":false,"template":"","format":"standard","meta":{"footnotes":""},"categories":[174],"tags":[6456,2865,255,28379,146,147,25,24,256,3142,1285,65412,7197,23,27036],"class_list":{"0":"post-262628","1":"post","2":"type-post","3":"status-publish","4":"format-standard","5":"has-post-thumbnail","7":"category-famosos","8":"tag-actriz","9":"tag-alex","10":"tag-celebrities","11":"tag-echegui","12":"tag-entertainment","13":"tag-entretenimiento","14":"tag-es","15":"tag-espana","16":"tag-famosos","17":"tag-garcia","18":"tag-lugares","19":"tag-preferidos","20":"tag-recuerda","21":"tag-spain","22":"tag-veronica"},"share_on_mastodon":{"url":"https:\/\/pubeurope.com\/@es\/115635047032075591","error":""},"_links":{"self":[{"href":"https:\/\/www.europesays.com\/es\/wp-json\/wp\/v2\/posts\/262628","targetHints":{"allow":["GET"]}}],"collection":[{"href":"https:\/\/www.europesays.com\/es\/wp-json\/wp\/v2\/posts"}],"about":[{"href":"https:\/\/www.europesays.com\/es\/wp-json\/wp\/v2\/types\/post"}],"author":[{"embeddable":true,"href":"https:\/\/www.europesays.com\/es\/wp-json\/wp\/v2\/users\/2"}],"replies":[{"embeddable":true,"href":"https:\/\/www.europesays.com\/es\/wp-json\/wp\/v2\/comments?post=262628"}],"version-history":[{"count":0,"href":"https:\/\/www.europesays.com\/es\/wp-json\/wp\/v2\/posts\/262628\/revisions"}],"wp:featuredmedia":[{"embeddable":true,"href":"https:\/\/www.europesays.com\/es\/wp-json\/wp\/v2\/media\/262629"}],"wp:attachment":[{"href":"https:\/\/www.europesays.com\/es\/wp-json\/wp\/v2\/media?parent=262628"}],"wp:term":[{"taxonomy":"category","embeddable":true,"href":"https:\/\/www.europesays.com\/es\/wp-json\/wp\/v2\/categories?post=262628"},{"taxonomy":"post_tag","embeddable":true,"href":"https:\/\/www.europesays.com\/es\/wp-json\/wp\/v2\/tags?post=262628"}],"curies":[{"name":"wp","href":"https:\/\/api.w.org\/{rel}","templated":true}]}}