{"id":262630,"date":"2025-11-29T21:12:09","date_gmt":"2025-11-29T21:12:09","guid":{"rendered":"https:\/\/www.europesays.com\/es\/262630\/"},"modified":"2025-11-29T21:12:09","modified_gmt":"2025-11-29T21:12:09","slug":"la-catedral-de-burgos-expone-los-polemicos-portones-de-bronce-de-antonio-lopez","status":"publish","type":"post","link":"https:\/\/www.europesays.com\/es\/262630\/","title":{"rendered":"La catedral de Burgos expone los pol\u00e9micos portones de bronce de Antonio L\u00f3pez"},"content":{"rendered":"<p class=\"L6-news-detail__text\">El museo de la catedral de Burgos exhibe desde este s\u00e1bado <b>las controvertidas puertas de bronce <\/b>dise\u00f1adas por el pintor y escultor Antonio L\u00f3pez, que las ha definido como una mezcla de lo cotidiano, plasmado en las dos puertas laterales, y lo sobrenatural, que preside un relieve de Dios padre en la doble hoja de la puerta central.<\/p>\n<p class=\"L6-news-detail__text\">El artista manchego, que ha tratado de evadirse del movimiento cr\u00edtico que ha forzado que las puertas no se instalen, ha sido el encargado de defender el complejo escult\u00f3rico en el acto de inauguraci\u00f3n. <b>\u00abSi la obra es buena da un poco igual el sitio, y si no es buena, tambi\u00e9n\u00bb<\/b>, ha asegurado antes de presentar al p\u00fablico esas tres grandes puertas de bronce, dise\u00f1adas para conmemorar los 800 a\u00f1os de la catedral y que han quedado expuestas en el museo catedralicio.<\/p>\n<p class=\"L6-news-detail__text\">Seis a\u00f1os ha ocupado el proyecto, encargado a Antonio L\u00f3pez en 2019, y que comenz\u00f3 a recibir cr\u00edticas en 2021, ante la posibilidad de que las de bronce sustituyeran a las actuales de madera del siglo XVIII de la fachada de Santa Mar\u00eda, aunque para entonces el equipo de L\u00f3pez ya hab\u00eda empezado a trabajar.<\/p>\n<p class=\"L6-news-detail__text\">El coordinador de ese equipo, compuesto por diez personas, Gonzalo Jim\u00e9nez, ha explicado que en esos momentos <b>el artista les dijo &#8216;vamos a hacer las puertas mejores de que seamos capaces y lo dem\u00e1s no importa&#8217;. <\/b>El resultado es un conjunto escult\u00f3rico compuesto por dos puertas laterales, de dos toneladas de peso cada una, y una central de dos hojas, de cuatro toneladas y seis metros de altura, que representa tres momentos de la tradici\u00f3n cristiana.<\/p>\n<p>Las cr\u00edticas<\/p>\n<p class=\"L6-news-detail__text\">Desde hace a\u00f1os, las cr\u00edticas por estos portones se han ido acumulando. Una campa\u00f1a de recogida de firmas, que sum\u00f3 80.000 apoyos, y un manifiesto contrario firmado por expertos en arquitectura, arte o historia, fueron los primeros movimientos cr\u00edticos, nacidos en 2021.<\/p>\n<p class=\"L6-news-detail__text\">Incluso <b>la Unesco avis\u00f3 de que podr\u00eda estar en riesgo la declaraci\u00f3n como Patrimonio de la Humanidad. <\/b>Con todo ello, el Cabildo opt\u00f3 por plantear varias alternativas a la Comisi\u00f3n de Patrimonio de la Junta de Castilla y Le\u00f3n, que finalmente autoriz\u00f3 su instalaci\u00f3n en el museo catedralicio.<\/p>\n<p class=\"L6-news-detail__text\"><b><a title=\"*Sigue a laSexta en Google. Toda la actualidad y el mejor contenido aqu\u00ed.\" href=\"https:\/\/profile.google.com\/cp\/CgkvbS8wZG5xejA\" target=\"_blank\" rel=\"nofollow noopener\">*Sigue a laSexta en Google. Toda la actualidad y el mejor contenido aqu\u00ed.<\/a><\/b><\/p>\n<p class=\"L6-support-news-video__title\">Nueve d\u00edas sin casa<\/p>\n<p>            <a href=\"https:\/\/www.lasexta.com\/noticias\/sociedad\/vecinos-afectados-incendio-garaje-cadiz-denuncian-que-todavia-tienen-donde-dormir-nueve-dias-despues_20251129692b1e8f55584d48fb62ea0d.html\" class=\"L6-news__link\" rel=\"nofollow noopener\" target=\"_blank\"><br \/>\n                Los vecinos afectados por el incendio de un garaje en C\u00e1diz denuncian que todav\u00eda no tienen d\u00f3nde dormir nueve d\u00edas despu\u00e9s<\/p>\n<p class=\"recirculation-video-desc\">Los detalles El Ayuntamiento les ofreci\u00f3 un hotel durante una semana, pero ahora ya lo tienen que pagar ellos y sus casas siguen estando inhabitables.<\/p>\n<p>            <\/a><\/p>\n","protected":false},"excerpt":{"rendered":"El museo de la catedral de Burgos exhibe desde este s\u00e1bado las controvertidas puertas de bronce dise\u00f1adas por&hellip;\n","protected":false},"author":2,"featured_media":262631,"comment_status":"","ping_status":"","sticky":false,"template":"","format":"standard","meta":{"footnotes":""},"categories":[173],"tags":[229,233,231,230,232,234,146,147,25,24,23],"class_list":{"0":"post-262630","1":"post","2":"type-post","3":"status-publish","4":"format-standard","5":"has-post-thumbnail","7":"category-arte-y-diseno","8":"tag-arte","9":"tag-arte-y-diseno","10":"tag-arts","11":"tag-arts-and-design","12":"tag-design","13":"tag-diseno","14":"tag-entertainment","15":"tag-entretenimiento","16":"tag-es","17":"tag-espana","18":"tag-spain"},"share_on_mastodon":{"url":"https:\/\/pubeurope.com\/@es\/115635050465521093","error":""},"_links":{"self":[{"href":"https:\/\/www.europesays.com\/es\/wp-json\/wp\/v2\/posts\/262630","targetHints":{"allow":["GET"]}}],"collection":[{"href":"https:\/\/www.europesays.com\/es\/wp-json\/wp\/v2\/posts"}],"about":[{"href":"https:\/\/www.europesays.com\/es\/wp-json\/wp\/v2\/types\/post"}],"author":[{"embeddable":true,"href":"https:\/\/www.europesays.com\/es\/wp-json\/wp\/v2\/users\/2"}],"replies":[{"embeddable":true,"href":"https:\/\/www.europesays.com\/es\/wp-json\/wp\/v2\/comments?post=262630"}],"version-history":[{"count":0,"href":"https:\/\/www.europesays.com\/es\/wp-json\/wp\/v2\/posts\/262630\/revisions"}],"wp:featuredmedia":[{"embeddable":true,"href":"https:\/\/www.europesays.com\/es\/wp-json\/wp\/v2\/media\/262631"}],"wp:attachment":[{"href":"https:\/\/www.europesays.com\/es\/wp-json\/wp\/v2\/media?parent=262630"}],"wp:term":[{"taxonomy":"category","embeddable":true,"href":"https:\/\/www.europesays.com\/es\/wp-json\/wp\/v2\/categories?post=262630"},{"taxonomy":"post_tag","embeddable":true,"href":"https:\/\/www.europesays.com\/es\/wp-json\/wp\/v2\/tags?post=262630"}],"curies":[{"name":"wp","href":"https:\/\/api.w.org\/{rel}","templated":true}]}}