{"id":262634,"date":"2025-11-29T21:15:11","date_gmt":"2025-11-29T21:15:11","guid":{"rendered":"https:\/\/www.europesays.com\/es\/262634\/"},"modified":"2025-11-29T21:15:11","modified_gmt":"2025-11-29T21:15:11","slug":"levante-athletic-club-en-directo-desde-radio-nervion","status":"publish","type":"post","link":"https:\/\/www.europesays.com\/es\/262634\/","title":{"rendered":"Levante &#8211; Athletic Club, en directo desde Radio Nervi\u00f3n"},"content":{"rendered":"<p>El Athletic Club afronta un partido clave para recuperar sensaciones antes de afrontar un mes de diciembre que ser\u00e1 su particular \u2018Tourmalet\u2019. Los de Ernesto Valverde visitan al Levante UD, pen\u00faltimo en LALIGA EA SPORTS, y que todav\u00eda no ha ganado en casa esta temporada.<\/p>\n<p>Un partido que podr\u00e1s seguir en directo por <strong>Radio Nervi\u00f3n\u00a0<\/strong>en el v\u00eddeo adjunto a esta noticia, con la narraci\u00f3n de <strong>Miguel \u00c1ngel Puente, Edu Velasco, y Luis Mari Vivanco \u2018Perillas<\/strong>\u2018.<\/p>\n<p>    Publicidad<\/p>\n","protected":false},"excerpt":{"rendered":"El Athletic Club afronta un partido clave para recuperar sensaciones antes de afrontar un mes de diciembre que&hellip;\n","protected":false},"author":2,"featured_media":220487,"comment_status":"","ping_status":"","sticky":false,"template":"","format":"standard","meta":{"footnotes":""},"categories":[170],"tags":[2203,65413,2125,146,147,25,24,3151,184,185,30326,23],"class_list":{"0":"post-262634","1":"post","2":"type-post","3":"status-publish","4":"format-standard","5":"has-post-thumbnail","7":"category-musica","8":"tag-athletic-club","9":"tag-bilbosport","10":"tag-directo","11":"tag-entertainment","12":"tag-entretenimiento","13":"tag-es","14":"tag-espana","15":"tag-levante","16":"tag-music","17":"tag-musica","18":"tag-radio-nervion","19":"tag-spain"},"share_on_mastodon":{"url":"https:\/\/pubeurope.com\/@es\/115635062378412766","error":""},"_links":{"self":[{"href":"https:\/\/www.europesays.com\/es\/wp-json\/wp\/v2\/posts\/262634","targetHints":{"allow":["GET"]}}],"collection":[{"href":"https:\/\/www.europesays.com\/es\/wp-json\/wp\/v2\/posts"}],"about":[{"href":"https:\/\/www.europesays.com\/es\/wp-json\/wp\/v2\/types\/post"}],"author":[{"embeddable":true,"href":"https:\/\/www.europesays.com\/es\/wp-json\/wp\/v2\/users\/2"}],"replies":[{"embeddable":true,"href":"https:\/\/www.europesays.com\/es\/wp-json\/wp\/v2\/comments?post=262634"}],"version-history":[{"count":0,"href":"https:\/\/www.europesays.com\/es\/wp-json\/wp\/v2\/posts\/262634\/revisions"}],"wp:featuredmedia":[{"embeddable":true,"href":"https:\/\/www.europesays.com\/es\/wp-json\/wp\/v2\/media\/220487"}],"wp:attachment":[{"href":"https:\/\/www.europesays.com\/es\/wp-json\/wp\/v2\/media?parent=262634"}],"wp:term":[{"taxonomy":"category","embeddable":true,"href":"https:\/\/www.europesays.com\/es\/wp-json\/wp\/v2\/categories?post=262634"},{"taxonomy":"post_tag","embeddable":true,"href":"https:\/\/www.europesays.com\/es\/wp-json\/wp\/v2\/tags?post=262634"}],"curies":[{"name":"wp","href":"https:\/\/api.w.org\/{rel}","templated":true}]}}