{"id":262635,"date":"2025-11-29T21:16:41","date_gmt":"2025-11-29T21:16:41","guid":{"rendered":"https:\/\/www.europesays.com\/es\/262635\/"},"modified":"2025-11-29T21:16:41","modified_gmt":"2025-11-29T21:16:41","slug":"dharmendra-iconico-actor-de-bollywood-y-del-cine-indio-muere-a-los-89-anos","status":"publish","type":"post","link":"https:\/\/www.europesays.com\/es\/262635\/","title":{"rendered":"Dharmendra, ic\u00f3nico actor de Bollywood y del cine indio, muere a los 89 a\u00f1os"},"content":{"rendered":"<p data-gtm-element-container=\"modulo-texto-link\" class=\"paragraph\">Dharmendra, una de las estrellas m\u00e1s populares del cine indio, cuyas vers\u00e1tiles actuaciones lo convirtieron en una figura clave en las pel\u00edculas de Bollywood de los a\u00f1os 70 y 80, ha fallecido este lunes a los 89 a\u00f1os, tras estar varias semanas ingresando y saliendo del hospital en Bombay.<\/p>\n<p data-gtm-element-container=\"modulo-texto-link\" class=\"paragraph\">El cineasta Karan Johar ha publicado una fotograf\u00eda del actor a su cuenta de Instagram mostrando sus condolencias por la muerte del actor. \u201cEs el final de una era, Dharmendra era una mega estrella masiva, la encarnaci\u00f3n de un h\u00e9roe en el cine convencional, incre\u00edblemente atractivo y la presencia m\u00e1s enigm\u00e1tica. Siempre ser\u00e1 una aut\u00e9ntica leyenda del cine indio\u201d, ha escrito.\u00a0<\/p>\n<blockquote class=\"instagram-media\" data-instgrm-captioned=\"\" data-instgrm-version=\"6\" style=\"background: #FFF; border: 0; border-radius: 3px; box-shadow: 0 0 1px 0 rgba(0,&#10;0, 0, 0.5), 0 1px 10px 0 rgba(0, 0, 0, 0.15); margin: 1px; max-width: 658px; padding: 0;&#10;width: 99.375%; width: -webkit-calc(100% - 2px); width: calc(100% - 2px);\">\n<\/blockquote>\n<p data-gtm-element-container=\"modulo-texto-link\" class=\"paragraph\">El primer ministro de la India, Narendra Modi, tambi\u00e9n ha querido recordar al actor en la red social X: \u201cFue una figura ic\u00f3nica del cine, un actor fenomenal que aportaba encanto y profundidad a cada papel que interpretaba. La forma en que interpretaba diversos papeles conmovi\u00f3 a innumerables personas\u201d.<\/p>\n<p data-gtm-element-container=\"modulo-texto-link\" class=\"paragraph\">Durante sus m\u00e1s de seis d\u00e9cadas de carrera, Dharmendra, nacido en el Punjab indio en 1935, cultiv\u00f3 la personalidad de \u201cgal\u00e1n con coraz\u00f3n de poeta\u201d en el cine indio, aunando una imagen de h\u00e9roe rom\u00e1ntico.\u00a0Protagoniz\u00f3 cintas hist\u00f3ricas del denominado cine masala de los setenta, comedias familiares, melodramas pol\u00edticos, sociales y romances, juntando as\u00ed m\u00e1s de trescientas pel\u00edculas en total.\u00a0<\/p>\n<p data-gtm-element-container=\"modulo-texto-link\" class=\"paragraph\">Su vida tambi\u00e9n estuvo marcada por peque\u00f1os esc\u00e1ndalos, como cuando se cas\u00f3 con Hema Malini, una actriz de Bollywood con la que comparti\u00f3 pantalla en varias ocasiones, cuando ya estaba casado con Prakash Kaur, con la que ten\u00eda cuatro hijos.\u00a0Dharmendra, se convirti\u00f3 brevemente al islam para poder estar casado con dos mujeres y con Malini tuvo dos hijas.\u00a0<\/p>\n<p>        Lee tambi\u00e9n<\/p>\n<p>    EFE<\/p>\n<p>             <img loading=\"lazy\" decoding=\"async\" data-full-src=\"https:\/\/www.lavanguardia.com\/uploads\/2012\/03\/01\/5f9aebb5bfbcf.jpeg\" alt=\"Jimmy Cliff\" width=\"104\" height=\"108\" src=\"https:\/\/www.europesays.com\/es\/wp-content\/uploads\/2025\/11\/5f9aebb5bfbcf.r_d.486-392.jpeg\" class=\"lazy\"\/><\/p>\n<p data-gtm-element-container=\"modulo-texto-link\" class=\"paragraph\">En 1997 recibi\u00f3 el premio Filmfare Lifetime Achievement Award, uno de los m\u00e1s prestigiosos del cine indio. Tambi\u00e9n se dedic\u00f3 brevemente a la pol\u00edtica, siendo diputado del Partido Bharatiya Janata en el Parlamento desde el a\u00f1o 2004 hasta el 2009.<\/p>\n","protected":false},"excerpt":{"rendered":"Dharmendra, una de las estrellas m\u00e1s populares del cine indio, cuyas vers\u00e1tiles actuaciones lo convirtieron en una figura&hellip;\n","protected":false},"author":2,"featured_media":262636,"comment_status":"","ping_status":"","sticky":false,"template":"","format":"standard","meta":{"footnotes":""},"categories":[169],"tags":[177,146,147,25,24,176,175,23],"class_list":{"0":"post-262635","1":"post","2":"type-post","3":"status-publish","4":"format-standard","5":"has-post-thumbnail","7":"category-cine","8":"tag-cine","9":"tag-entertainment","10":"tag-entretenimiento","11":"tag-es","12":"tag-espana","13":"tag-film","14":"tag-movies","15":"tag-spain"},"share_on_mastodon":{"url":"https:\/\/pubeurope.com\/@es\/115635066606637597","error":""},"_links":{"self":[{"href":"https:\/\/www.europesays.com\/es\/wp-json\/wp\/v2\/posts\/262635","targetHints":{"allow":["GET"]}}],"collection":[{"href":"https:\/\/www.europesays.com\/es\/wp-json\/wp\/v2\/posts"}],"about":[{"href":"https:\/\/www.europesays.com\/es\/wp-json\/wp\/v2\/types\/post"}],"author":[{"embeddable":true,"href":"https:\/\/www.europesays.com\/es\/wp-json\/wp\/v2\/users\/2"}],"replies":[{"embeddable":true,"href":"https:\/\/www.europesays.com\/es\/wp-json\/wp\/v2\/comments?post=262635"}],"version-history":[{"count":0,"href":"https:\/\/www.europesays.com\/es\/wp-json\/wp\/v2\/posts\/262635\/revisions"}],"wp:featuredmedia":[{"embeddable":true,"href":"https:\/\/www.europesays.com\/es\/wp-json\/wp\/v2\/media\/262636"}],"wp:attachment":[{"href":"https:\/\/www.europesays.com\/es\/wp-json\/wp\/v2\/media?parent=262635"}],"wp:term":[{"taxonomy":"category","embeddable":true,"href":"https:\/\/www.europesays.com\/es\/wp-json\/wp\/v2\/categories?post=262635"},{"taxonomy":"post_tag","embeddable":true,"href":"https:\/\/www.europesays.com\/es\/wp-json\/wp\/v2\/tags?post=262635"}],"curies":[{"name":"wp","href":"https:\/\/api.w.org\/{rel}","templated":true}]}}