{"id":262637,"date":"2025-11-29T21:17:07","date_gmt":"2025-11-29T21:17:07","guid":{"rendered":"https:\/\/www.europesays.com\/es\/262637\/"},"modified":"2025-11-29T21:17:07","modified_gmt":"2025-11-29T21:17:07","slug":"la-suerte-y-el-acierto-no-le-acompanan-al-albacete-frente-al-lider","status":"publish","type":"post","link":"https:\/\/www.europesays.com\/es\/262637\/","title":{"rendered":"La suerte y el acierto no le acompa\u00f1an al Albacete frente al l\u00edder"},"content":{"rendered":"<p style=\"\">El Albacete Balompi\u00e9 tuvo <strong>una tarde de s\u00e1bado aciaga<\/strong> frente al actual l\u00edder de la clasificaci\u00f3n, el Deportivo de La Coru\u00f1a. El equipo gallego anot\u00f3 sus dos goles en unos momentos claves de la batalla, minutos 44 y 90., es decir, uno al filo  &#8230; del descanso y el otro cuando se entraba ya en el tiempo a\u00f1adido. Tambi\u00e9n es cierto que el \u00abAlba\u00bb no llev\u00f3 a cabo un buen partido, con muchos errores sobre todo en el apartado ofensivo de lo que se aprovecharon los visitantes para llevarse a Riazor los tres puntos en juego a trav\u00e9s de las dianas de Stoichokov y Eddahchouri. Tras esta derrota, la escuadra albacete\u00f1a se queda anclada en la antesala de los puestos de dencenso al sumar hasta la fecha una cosecha de tan solo 19 puntos. <\/p>\n<p class=\"voc-p\" style=\"\">El partido en el Belmonte tuvo un inicio el\u00e9ctrico. De esta manera, pudieron marcar los visitantes en un remate por bajo de Stoichokv que desvi\u00f3 a saque de esquina con apuros Mari\u00f1o. La r\u00e9plica albacete\u00f1a vino con un remate de Pepe S\u00e1nchez que sac\u00f3 en la l\u00ednea de gol Germ\u00e1n tras saque de esquina lanzado por Morci. Tras estas dos jugadas ya no hubo momentos de grades agobios para las dos porter\u00edas. Hasta que en el fat\u00eddico minuto 44 lleg\u00f3 un bal\u00f3n en largo a la espalda de la defensa albacete\u00f1a por parte de Mario Soriano que sirvi\u00f3 para que Stoichkov definiera muy bien ante Mari\u00f1o. Era el 0-1, un gol psicol\u00f3gico, sin duda. <\/p>\n<p class=\"voc-p\" style=\"\">Tras la reanudaci\u00f3n, mejor\u00f3 el Albacete Balompi\u00e9 y pudo alcanzar el empate en el minuto 76 cuando la colegiada del partido se\u00f1al\u00f3 penalti de Jos\u00e9 \u00c1ngel sobre Pacheco por una entrada por detr\u00e1s en el \u00e1rea gallega. Sin embargo, la canaria Marta Huerta de Aza se volvi\u00f3 atr\u00e1s en su decisi\u00f3n de pena m\u00e1xima tras revisar la jugada en el VAR ante las protestas generalizadas de los albacete\u00f1os. En la recta final del encuentro estaba el Albacete merodeando con insistencia el empate, pero en una contra de cuatro contra uno, Yeremay sirvi\u00f3 en bandeja para que Eddahchouri fusilase a Mari\u00f1o y dejase la contienda lista para sentencia. <\/p>\n<p class=\"voc-p\" style=\"\">El pr\u00f3ximo partido del campeonato para el \u00abAlba\u00bb ser\u00e1 el lunes d\u00eda 8 de diciembre visitando al Burgos CF (16.15 horas, por Movistar +). Antes, el pr\u00f3ximo jueves, el Albacete Balompi\u00e9 visitar\u00e1 al CD Legan\u00e9s en un partido de la segunda ronda, que se juega a cita \u00fanica, de la Copa del Rey de la temporada 2024-2025. <\/p>\n<p>\nFicha t\u00e9cnica\n<\/p>\n<p class=\"voc-p\" style=\"\"><strong>Albacete Balompi\u00e9:<\/strong> Mari\u00f1o; Lorenzo Aguado (Fran G\u00e1mez, m. 76), Vallejo, Pepe S\u00e1nchez (Neva, m. 84), Jogo; Valverde (Jeft\u00e9, m. 76), Riki, Mel\u00e9ndez (Escriche, m. 64); Puertas y Morci (Lazo, m. 64)<\/p>\n<p class=\"voc-p\" style=\"\"><strong>Deportivo de La Coru\u00f1a:<\/strong> Germ\u00e1n; Mella, Loureiro, Barcia, Comas, Quagliata; Pati\u00f1o (Villares, m. 67), Jos\u00e9 \u00c1ngel (Gragera, m. 83), Mario Soriano (Rub\u00e9n L\u00f3pez, m. 90) (Christian Herrera, m. 90); Yeremay y Stoichkov (Eddahchouri, m. 83)<\/p>\n<p class=\"voc-p\" style=\"\"><strong>\u00c1rbitro:<\/strong> Marta Huerta de Aza. Comit\u00e9 tinerfe\u00f1o. Tarjeta amarilla a local Puertas (cumple ciclo) y al visitante Barcia <\/p>\n<p class=\"voc-p\" style=\"\"><strong>Goles:<\/strong> 0-1, m. 44: Stoichkov; 0-2, m. 90: Eddahchouri <\/p>\n<p class=\"voc-p\" style=\"\"><strong>Incidencias:<\/strong> Partido de la jornada 16 de Segunda divisi\u00f3n disputado este s\u00e1bado por la tarde en el estadio Carlos Belmonte ante 10.633 espectadores (cifra oficial)<\/p>\n","protected":false},"excerpt":{"rendered":"El Albacete Balompi\u00e9 tuvo una tarde de s\u00e1bado aciaga frente al actual l\u00edder de la clasificaci\u00f3n, el Deportivo&hellip;\n","protected":false},"author":2,"featured_media":262638,"comment_status":"","ping_status":"","sticky":false,"template":"","format":"standard","meta":{"footnotes":""},"categories":[93],"tags":[46631,35039,2545,168,25,24,3419,5564,23,167,11057],"class_list":{"0":"post-262637","1":"post","2":"type-post","3":"status-publish","4":"format-standard","5":"has-post-thumbnail","7":"category-deportes","8":"tag-acierto","9":"tag-acompanan","10":"tag-albacete","11":"tag-deportes","12":"tag-es","13":"tag-espana","14":"tag-frente","15":"tag-lider","16":"tag-spain","17":"tag-sports","18":"tag-suerte"},"share_on_mastodon":{"url":"https:\/\/pubeurope.com\/@es\/115635070135373791","error":""},"_links":{"self":[{"href":"https:\/\/www.europesays.com\/es\/wp-json\/wp\/v2\/posts\/262637","targetHints":{"allow":["GET"]}}],"collection":[{"href":"https:\/\/www.europesays.com\/es\/wp-json\/wp\/v2\/posts"}],"about":[{"href":"https:\/\/www.europesays.com\/es\/wp-json\/wp\/v2\/types\/post"}],"author":[{"embeddable":true,"href":"https:\/\/www.europesays.com\/es\/wp-json\/wp\/v2\/users\/2"}],"replies":[{"embeddable":true,"href":"https:\/\/www.europesays.com\/es\/wp-json\/wp\/v2\/comments?post=262637"}],"version-history":[{"count":0,"href":"https:\/\/www.europesays.com\/es\/wp-json\/wp\/v2\/posts\/262637\/revisions"}],"wp:featuredmedia":[{"embeddable":true,"href":"https:\/\/www.europesays.com\/es\/wp-json\/wp\/v2\/media\/262638"}],"wp:attachment":[{"href":"https:\/\/www.europesays.com\/es\/wp-json\/wp\/v2\/media?parent=262637"}],"wp:term":[{"taxonomy":"category","embeddable":true,"href":"https:\/\/www.europesays.com\/es\/wp-json\/wp\/v2\/categories?post=262637"},{"taxonomy":"post_tag","embeddable":true,"href":"https:\/\/www.europesays.com\/es\/wp-json\/wp\/v2\/tags?post=262637"}],"curies":[{"name":"wp","href":"https:\/\/api.w.org\/{rel}","templated":true}]}}