{"id":262639,"date":"2025-11-29T21:19:10","date_gmt":"2025-11-29T21:19:10","guid":{"rendered":"https:\/\/www.europesays.com\/es\/262639\/"},"modified":"2025-11-29T21:19:10","modified_gmt":"2025-11-29T21:19:10","slug":"muere-el-actor-tony-germano-tras-caer-de-un-tejado","status":"publish","type":"post","link":"https:\/\/www.europesays.com\/es\/262639\/","title":{"rendered":"Muere el actor Tony Germano tras caer de un tejado"},"content":{"rendered":"<p>El actor de doblaje brasile\u00f1o <strong>Tony Germano<\/strong> ha fallecido a los <strong>55 a\u00f1os<\/strong> tras sufrir una ca\u00edda fatal mientras inspeccionaba las obras en el tejado de su vivienda. El tr\u00e1gico accidente tuvo lugar el mi\u00e9rcoles\u00a0en su residencia de <strong>S\u00e3o Paulo<\/strong>, seg\u00fan confirmaron diversos medios locales. El artista, conocido por su trabajo en <strong><a target=\"_blank\" href=\"https:\/\/www.elprogreso.es\/tags\/netflix\/\" rel=\"nofollow noopener\">Netflix<\/a>, Nickelodeon y Disney<\/strong>, perdi\u00f3 el equilibrio mientras realizaba labores en la cubierta de su hogar.<\/p>\n<p>\u00abCon profundo pesar confirmamos el fallecimiento del actor y locutor Tony Germano en la ma\u00f1ana del mi\u00e9rcoles 26 de noviembre. Tony sufri\u00f3 una ca\u00edda en su residencia y, desafortunadamente, <strong>no sobrevivi\u00f3 a sus heridas<\/strong>\u00ab, comunic\u00f3 oficialmente el <strong>representante <\/strong>del actor en un sentido mensaje tras conocerse la noticia. Seg\u00fan informaciones de la prensa brasile\u00f1a, Germano se encontraba temporalmente alojado en casa de sus padres.<\/p>\n<p>\u00abSolicitamos respeto y comprensi\u00f3n en este <strong>momento tan doloroso<\/strong> para su familia, amigos y colegas. Tony deja un legado de dedicaci\u00f3n, generosidad y un inmenso talento que conmovi\u00f3 a todos los que tuvimos el privilegio de trabajar con \u00e9l. Sentiremos profundamente su ausencia\u00bb, a\u00f1adi\u00f3 el comunicado oficial sobre el fallecimiento del reconocido artista brasile\u00f1o.<\/p>\n<p>Trayectoria profesional de Tony Germano<\/p>\n<p>La carrera de Germano destacaba por su versatilidad en el mundo del doblaje, habiendo prestado su voz a <strong>numerosos proyectos internacionales<\/strong>. Era especialmente conocido por sus interpretaciones en portugu\u00e9s para series como Nicky, Ricky, Dicky &amp; Dawn de Nickelodeon, as\u00ed como en Go, Dog, Go!\u00a0de Netflix. Su talento tambi\u00e9n qued\u00f3 plasmado en la banda sonora de la versi\u00f3n de acci\u00f3n real de La Bella y la Bestia\u00a0de Disney estrenada en 2017.<\/p>\n<p>Adem\u00e1s de estos trabajos, Germano particip\u00f3 en otros proyectos como Elena of Avalor\u00a0y The Muppets, ampliando as\u00ed su influencia en el panorama del doblaje internacional. Su experiencia no se limitaba \u00fanicamente al \u00e1mbito audiovisual, sino que tambi\u00e9n contaba con una destacada <strong>trayectoria teatral<\/strong>, habiendo formado parte de producciones como El fantasma de la \u00f3pera, Miss Saigon\u00a0y Jekyll &amp; Hyde.<\/p>\n<p>En el <strong>\u00e1mbito cinematogr\u00e1fico<\/strong>, el actor brasile\u00f1o hab\u00eda participado recientemente en Labyrinth of Lost Boys\u00a0(2025), donde interpret\u00f3 al Doctor Lauro, y en An Unforgettable Year: Autumn (2023), seg\u00fan recoge la base de datos IMDB<\/p>\n<p>Reacciones al fallecimiento del actor<\/p>\n<p>El actor <strong>Miguel Falabella<\/strong> fue uno de los primeros en rendir homenaje a su compa\u00f1ero a trav\u00e9s de una emotiva publicaci\u00f3n en Instagram. Falabella record\u00f3 a Germano como \u00abun profesional intachable, querido amigo y actor talentoso\u00bb, destacando adem\u00e1s el privilegio que supuso para \u00e9l haber trabajado junto al fallecido en varias producciones a lo largo de su carrera.<\/p>\n<p>Por su parte, <strong>Matheus Marchetti<\/strong>, director de Labyrinth of Lost Boys\u00a0donde Germano interpret\u00f3 uno de sus \u00faltimos papeles, dedic\u00f3 tambi\u00e9n unas sentidas palabras al actor: \u00abEra una figura paterna y alguien en quien cualquiera de nosotros pod\u00eda confiar\u00bb. Marchetti expres\u00f3 adem\u00e1s su gratitud por haber conocido a una persona de la calidad humana y profesional de Germano, a quien defini\u00f3 como \u00abun alma tan generosa, tan talentosa y tan entra\u00f1able\u00bb y \u00abun regalo de los m\u00e1s raros de todos\u00bb.<\/p>\n<p>El arte del doblaje en Brasil<\/p>\n<p>Tony Germano formaba parte de la <strong>prestigiosa escuela de doblaje brasile\u00f1a<\/strong>, reconocida internacionalmente por su calidad y profesionalidad. Brasil cuenta con una s\u00f3lida tradici\u00f3n en la adaptaci\u00f3n de contenidos internacionales al portugu\u00e9s, siendo uno de los mercados m\u00e1s importantes para las <strong>grandes productoras como Netflix, Disney o Nickelodeon<\/strong>.<\/p>\n<p>El trabajo de profesionales como Germano ha sido fundamental para acercar producciones internacionales al p\u00fablico brasile\u00f1o y portugu\u00e9s, adaptando no solo las voces sino tambi\u00e9n los matices culturales necesarios para la comprensi\u00f3n y disfrute de los contenidos.<\/p>\n","protected":false},"excerpt":{"rendered":"El actor de doblaje brasile\u00f1o Tony Germano ha fallecido a los 55 a\u00f1os tras sufrir una ca\u00edda fatal&hellip;\n","protected":false},"author":2,"featured_media":262640,"comment_status":"","ping_status":"","sticky":false,"template":"","format":"standard","meta":{"footnotes":""},"categories":[91],"tags":[3216,177,146,147,25,24,260,12648,23],"class_list":{"0":"post-262639","1":"post","2":"type-post","3":"status-publish","4":"format-standard","5":"has-post-thumbnail","7":"category-entretenimiento","8":"tag-brasil","9":"tag-cine","10":"tag-entertainment","11":"tag-entretenimiento","12":"tag-es","13":"tag-espana","14":"tag-gente","15":"tag-ia-news","16":"tag-spain"},"share_on_mastodon":{"url":"https:\/\/pubeurope.com\/@es\/115635078138308359","error":""},"_links":{"self":[{"href":"https:\/\/www.europesays.com\/es\/wp-json\/wp\/v2\/posts\/262639","targetHints":{"allow":["GET"]}}],"collection":[{"href":"https:\/\/www.europesays.com\/es\/wp-json\/wp\/v2\/posts"}],"about":[{"href":"https:\/\/www.europesays.com\/es\/wp-json\/wp\/v2\/types\/post"}],"author":[{"embeddable":true,"href":"https:\/\/www.europesays.com\/es\/wp-json\/wp\/v2\/users\/2"}],"replies":[{"embeddable":true,"href":"https:\/\/www.europesays.com\/es\/wp-json\/wp\/v2\/comments?post=262639"}],"version-history":[{"count":0,"href":"https:\/\/www.europesays.com\/es\/wp-json\/wp\/v2\/posts\/262639\/revisions"}],"wp:featuredmedia":[{"embeddable":true,"href":"https:\/\/www.europesays.com\/es\/wp-json\/wp\/v2\/media\/262640"}],"wp:attachment":[{"href":"https:\/\/www.europesays.com\/es\/wp-json\/wp\/v2\/media?parent=262639"}],"wp:term":[{"taxonomy":"category","embeddable":true,"href":"https:\/\/www.europesays.com\/es\/wp-json\/wp\/v2\/categories?post=262639"},{"taxonomy":"post_tag","embeddable":true,"href":"https:\/\/www.europesays.com\/es\/wp-json\/wp\/v2\/tags?post=262639"}],"curies":[{"name":"wp","href":"https:\/\/api.w.org\/{rel}","templated":true}]}}